{"id":34155,"date":"2026-04-28T22:56:58","date_gmt":"2026-04-28T20:56:58","guid":{"rendered":"https:\/\/amber.com.pl\/?p=34155"},"modified":"2026-04-30T22:08:10","modified_gmt":"2026-04-30T20:08:10","slug":"prof-slawomir-fijalkowski-muzeum-bizuterii-w-poznaniu-to-miejsce-wyjatkowe","status":"publish","type":"post","link":"https:\/\/amber.com.pl\/en\/aktualnosci\/prof-slawomir-fijalkowski-muzeum-bizuterii-w-poznaniu-to-miejsce-wyjatkowe\/","title":{"rendered":"Prof. S\u0142awomir Fija\u0142kowski: Muzeum Bi\u017cuterii MoJa to miejsce wyj\u0105tkowe"},"content":{"rendered":"<p><\/p>\n\n\n\n<p><\/p>\n\n\n\n<p>1. nie ma w Polsce ciekawszego zbioru bi\u017cuterii etnicznej z ca\u0142ego \u015bwiata, to \u2013 moim zdaniem najbardziej odkrywcza (edukacyjnie i stylistycznie) cz\u0119\u015b\u0107 zbior\u00f3w.<\/p>\n\n\n\n<p>2. jako \u015bwiadek rozwoju zjawiska \u201ez\u0142otnictwa artystycznego\u201d w jego najlepszym okresie ciesz\u0119 si\u0119, \u017ce wiele kultowych i charakterystycznych dla poszczeg\u00f3lnych autor\u00f3w obiekt\u00f3w&nbsp;uda\u0142o si\u0119 zgromadzi\u0107 w jednej kolekcji wsp\u00f3\u0142czesnej polskiej bi\u017cuterii autorskiej. Gdyby nie kolekcjonerska pasja Magdaleny Kwiatkiewicz wiele z nich bezpowrotnie rozproszy\u0142oby&nbsp;si\u0119 po ca\u0142ym \u015bwiecie. Ich tematyczne (a nie chronologiczne) usystematyzowanie zmusza do odczytywania znajomych obiekt\u00f3w na nowo. To bardzo inspiruj\u0105ce i zaskakuj\u0105ce m\u00f3c spojrze\u0107&nbsp;na wiele z nich ponownie wed\u0142ug nieoczywistego klucza interpretacyjnego.<\/p>\n\n\n\n<p>3. wyj\u0105tkowe s\u0142owa uznania nale\u017c\u0105 si\u0119 w po\u0142owie architektom i autorom scenariusza wystawy \u2013 nie\u0142atwo by\u0142o przy tak du\u017cym zag\u0119szczeniu eksponat\u00f3w zadba\u0107 o przejrzysto\u015b\u0107 opowie\u015bci i zachowa\u0107 jako\u015b\u0107 ekspozycji, kt\u00f3ra konsekwentnie podporz\u0105dkowana jest czytelnej prezentacji obiekt\u00f3w o tak zr\u00f3\u017cnicowanej skali. Prawdziwy UX na najwy\u017cszym poziomie.<\/p>\n\n\n\n<p>4. najbardziej obiecuj\u0105c\u0105 przestrzeni\u0105 jest strefa wystaw czasowych, kt\u00f3ra \u2013 na co wszyscy liczymy \u2013 b\u0119dzie wype\u0142nia\u0142a si\u0119 cyklicznie prezentacjami o standardzie jako\u015bciowym i kuratorskim&nbsp;zbli\u017conym do wystawy sta\u0142ej. To wa\u017cny pow\u00f3d, \u017ceby Muzeum MoJA odwiedza\u0107 systematycznie.<\/p>\n\n\n\n<figure class=\"wp-block-image size-full\"><img decoding=\"async\" width=\"800\" height=\"1000\" src=\"https:\/\/amber.com.pl\/wp-content\/uploads\/Abakanowicz_s.webp\" alt=\"Abakanowicz s\" class=\"wp-image-34165\" srcset=\"https:\/\/amber.com.pl\/wp-content\/uploads\/Abakanowicz_s.webp 800w, https:\/\/amber.com.pl\/wp-content\/uploads\/.\/Abakanowicz_s-640.webp 640w, https:\/\/amber.com.pl\/wp-content\/uploads\/.\/Abakanowicz_s-480.webp 480w, https:\/\/amber.com.pl\/wp-content\/uploads\/.\/Abakanowicz_s-150x150.webp 150w\" sizes=\"(max-width: 800px) 100vw, 800px\" \/><figcaption class=\"wp-element-caption\">Magdalena Abakanowicz &#8211; praca w kolekcji Muzeum Bi\u017cuterii MoJa<\/figcaption><\/figure>\n\n\n\n<p>Moim osobistym odkryciem by\u0142 niepozorny obiekt \u2013 metalowy s\u0142o\u0144 \u2013 autorstwa Magdaleny Abakanowicz, kultowej postaci polskiej sztuki wsp\u00f3\u0142czesnej i wa\u017cnej artystki zwi\u0105zanej z Poznaniem. Cho\u0107 jej szkic rze\u017abiarski nie jest klasyczn\u0105 bi\u017cuteri\u0105, idealnie wpisuje si\u0119 w jubilerskie otoczenie. Najwi\u0119kszym zaskoczeniem sta\u0142y si\u0119 moje w\u0142asne prace z lat 1995-1997&nbsp;\u2013 jeszcze z czas\u00f3w studenckich (cho\u0107 to chyba nie najlepsza wizyt\u00f3wka ponad 30 lat&nbsp;aktywno\u015bci projektowej).<\/p>\n\n\n\n<p><br><strong>Prof. S\u0142awomir Fija\u0142kowski<\/strong>\u00a0\u2013 prowadzi pracowni\u0119 Designu Eksperymentalnego na Wydziale Architektury i Wzornictwa ASP w Gda\u0144sku. Zajmuje si\u0119 projektowaniem produktu i bi\u017cuterii we wsp\u00f3\u0142pracy z renomowanymi producentami. Kolekcje jego autorstwa by\u0142y prezentowane podczas wiod\u0105cych targ\u00f3w jubilerskich na \u015bwiecie, mi\u0119dzy innymi w Bazylei, Vincenzy, Monachium, Dubaju, Pary\u017cu, Las Vegas, Hongkongu, Pekinie.<\/p>","protected":false},"excerpt":{"rendered":"<p>Muzeum Bi\u017cuterii MoJa w Poznaniu jest miejscem wyj\u0105tkowym z kilku powod\u00f3w: <\/p>","protected":false},"author":4,"featured_media":33584,"comment_status":"closed","ping_status":"closed","sticky":false,"template":"","format":"standard","meta":{"_acf_changed":false,"slim_seo":{"title":"Prof. S\u0142awomir Fija\u0142kowski: Muzeum Bi\u017cuterii MoJa to miejsce wyj\u0105tkowe - Amber Portal","description":"Muzeum Bi\u017cuterii MoJa w Poznaniu jest miejscem wyj\u0105tkowym z kilku powod\u00f3w:"},"footnotes":""},"categories":[123],"tags":[],"sekcja":[],"class_list":["post-34155","post","type-post","status-publish","format-standard","has-post-thumbnail","hentry","category-opinie"],"acf":[],"_links":{"self":[{"href":"https:\/\/amber.com.pl\/en\/wp-json\/wp\/v2\/posts\/34155","targetHints":{"allow":["GET"]}}],"collection":[{"href":"https:\/\/amber.com.pl\/en\/wp-json\/wp\/v2\/posts"}],"about":[{"href":"https:\/\/amber.com.pl\/en\/wp-json\/wp\/v2\/types\/post"}],"author":[{"embeddable":true,"href":"https:\/\/amber.com.pl\/en\/wp-json\/wp\/v2\/users\/4"}],"replies":[{"embeddable":true,"href":"https:\/\/amber.com.pl\/en\/wp-json\/wp\/v2\/comments?post=34155"}],"version-history":[{"count":5,"href":"https:\/\/amber.com.pl\/en\/wp-json\/wp\/v2\/posts\/34155\/revisions"}],"predecessor-version":[{"id":34168,"href":"https:\/\/amber.com.pl\/en\/wp-json\/wp\/v2\/posts\/34155\/revisions\/34168"}],"wp:featuredmedia":[{"embeddable":true,"href":"https:\/\/amber.com.pl\/en\/wp-json\/wp\/v2\/media\/33584"}],"wp:attachment":[{"href":"https:\/\/amber.com.pl\/en\/wp-json\/wp\/v2\/media?parent=34155"}],"wp:term":[{"taxonomy":"category","embeddable":true,"href":"https:\/\/amber.com.pl\/en\/wp-json\/wp\/v2\/categories?post=34155"},{"taxonomy":"post_tag","embeddable":true,"href":"https:\/\/amber.com.pl\/en\/wp-json\/wp\/v2\/tags?post=34155"},{"taxonomy":"sekcja","embeddable":true,"href":"https:\/\/amber.com.pl\/en\/wp-json\/wp\/v2\/sekcja?post=34155"}],"curies":[{"name":"wp","href":"https:\/\/api.w.org\/{rel}","templated":true}]}}