{"id":34149,"date":"2026-04-28T22:41:47","date_gmt":"2026-04-28T20:41:47","guid":{"rendered":"https:\/\/amber.com.pl\/?p=34149"},"modified":"2026-04-30T21:29:10","modified_gmt":"2026-04-30T19:29:10","slug":"nowe-miejsce-na-mapie-polskiej-sztuki-zlotniczej-muzeum-bizuterii-moja-w-poznaniu","status":"publish","type":"post","link":"https:\/\/amber.com.pl\/en\/aktualnosci\/nowe-miejsce-na-mapie-polskiej-sztuki-zlotniczej-muzeum-bizuterii-moja-w-poznaniu\/","title":{"rendered":"Nowe miejsce na mapie polskiej sztuki z\u0142otniczej: Muzeum Bi\u017cuterii MoJA w Poznaniu"},"content":{"rendered":"<p><\/p>\n\n\n\n<p>To efekt kolekcjonerskiej pasji Magdaleny Kwiatkiewicz \u2013 wsp\u00f3\u0142za\u0142o\u017cycielki marki YES Bi\u017cuteria, podr\u00f3\u017cniczki i fotografki \u2013 konsekwentnie rozwijanej od blisko trzech dekad. Obecnie jej kolekcja liczy ponad 3000 obiekt\u00f3w, w tym ok. 1600 przyk\u0142ad\u00f3w bi\u017cuterii artystycznej gromadzonej od 1998 roku. Pozosta\u0142\u0105 cz\u0119\u015b\u0107 stanowi bi\u017cuteria etniczna, przywo\u017cona przez ni\u0105 osobi\u015bcie z licznych wypraw. Ta imponuj\u0105ca \u2013 zar\u00f3wno liczebnie, jak i jako\u015bciowo \u2013 kolekcja sta\u0142a si\u0119 fundamentem miejsca, kt\u00f3re dzi\u015b mo\u017cna ogl\u0105da\u0107 w zupe\u0142nie nowym kontek\u015bcie: jako sp\u00f3jn\u0105, osobist\u0105 opowie\u015b\u0107 o bi\u017cuterii.<\/p>\n\n\n\n<h2 class=\"wp-block-heading\"><strong>Bi\u017cuteria jako sztuka \u2013 wreszcie w centrum uwagi<\/strong><\/h2>\n\n\n\n<p>Powstanie muzeum to tak\u017ce odpowied\u017a na problem marginalizacji sztuki z\u0142otniczej \u2013 dziedziny cz\u0119sto niedocenianej, pomijanej, a nawet nie zawsze uznawanej za pe\u0142noprawn\u0105 sztuk\u0119.<\/p>\n\n\n\n<blockquote class=\"wp-block-quote is-layout-flow wp-block-quote-is-layout-flow\">\n<p>\u201eW pewnym momencie okaza\u0142o si\u0119, \u017ce potencja\u0142 drzemi\u0105cy w kolekcji nie ma gdzie si\u0119 realizowa\u0107. Nie tylko dlatego, \u017ce poprzednia lokalizacja Galerii YES uniemo\u017cliwia\u0142a pokazanie nawet jej cz\u0119\u015bci, ale tak\u017ce wskutek nieowocnych rozm\u00f3w z r\u00f3\u017cnymi plac\u00f3wkami muzealnymi, kt\u00f3re nie widzia\u0142y u siebie przestrzeni nawet na wystawy czasowe\u201d \u2013 wyja\u015bni\u0142a Ilona Rosiak, dyrektorka Muzeum MoJA.<\/p>\n<\/blockquote>\n\n\n\n<p>Dlatego tak istotne \u2013 zar\u00f3wno dla kolekcjonerki, jak i dla ca\u0142ego \u015brodowiska z\u0142otniczego, kt\u00f3re mierzy si\u0119 z niedocenieniem bi\u017cuterii jako pe\u0142nowarto\u015bciowej dziedziny sztuki \u2013 jest powstanie miejsca, w kt\u00f3rym b\u0119dzie ona prezentowana w spos\u00f3b kompleksowy, ukazuj\u0105cy z\u0142o\u017cono\u015b\u0107 tego zjawiska i dorobek tw\u00f3rc\u00f3w. Muzeum MoJA to przestrze\u0144, w kt\u00f3rej bi\u017cuteria nie jest dodatkiem, lecz g\u0142\u00f3wn\u0105 bohaterk\u0105 \u2013 analizowan\u0105, interpretowan\u0105 i prezentowan\u0105 na r\u00f3wni z innymi dziedzinami sztuki. To tak\u017ce miejsce, w kt\u00f3rym opowie\u015b\u0107 o bi\u017cuterii i jej tw\u00f3rcach prowadzona jest prostym, zrozumia\u0142ym j\u0119zykiem.<\/p>\n\n\n\n<figure class=\"wp-block-image size-full\"><img decoding=\"async\" width=\"1920\" height=\"1120\" src=\"https:\/\/amber.com.pl\/wp-content\/uploads\/moja02.webp\" alt=\"Moja02\" class=\"wp-image-34151\" srcset=\"https:\/\/amber.com.pl\/wp-content\/uploads\/moja02.webp 1920w, https:\/\/amber.com.pl\/wp-content\/uploads\/.\/moja02-1200.webp 1200w, https:\/\/amber.com.pl\/wp-content\/uploads\/.\/moja02-640.webp 640w, https:\/\/amber.com.pl\/wp-content\/uploads\/.\/moja02-480.webp 480w, https:\/\/amber.com.pl\/wp-content\/uploads\/.\/moja02-150x150.webp 150w\" sizes=\"(max-width: 1920px) 100vw, 1920px\" \/><figcaption class=\"wp-element-caption\">Muzeum MoJa prezentuje ponad 3000 obiekt\u00f3w z prywatnej kolekcji Magdaleny Kwiatkiewicz<\/figcaption><\/figure>\n\n\n\n<h2 class=\"wp-block-heading\"><strong>Bogata kolekcja bi\u017cuterii wsp\u00f3\u0142czesnej i etnicznej<\/strong><\/h2>\n\n\n\n<p>W Muzeum MoJA bi\u017cuteria prezentowana jest na powierzchni oko\u0142o 400 m\u00b2, podzielonej na trzy strefy: ekspozycj\u0119 sta\u0142\u0105, przestrze\u0144 wystaw czasowych oraz cz\u0119\u015b\u0107 sprzeda\u017cow\u0105 bi\u017cuterii autorskiej. Znajduj\u0105 si\u0119 tam prace wyselekcjonowanych wsp\u00f3\u0142czesnych tw\u00f3rc\u00f3w, reprezentuj\u0105cych r\u00f3\u017cne style i materia\u0142y.<\/p>\n\n\n\n<p>Centralnym punktem pozostaje jednak kolekcja polskiej bi\u017cuterii powojennej i wsp\u00f3\u0142czesnej, stanowi\u0105ca najwi\u0119ksz\u0105 warto\u015b\u0107 muzeum:<\/p>\n\n\n\n<blockquote class=\"wp-block-quote is-layout-flow wp-block-quote-is-layout-flow\">\n<p>\u201eJest to jedyne w Polsce muzeum, w kt\u00f3rym mo\u017cna zobaczy\u0107 tak bogaty przekr\u00f3j bi\u017cuterii artystycznej powsta\u0142ej od 1945 roku do wsp\u00f3\u0142czesno\u015bci \u2013 ponad 1600 obiekt\u00f3w. Nie ma innego miejsca, kt\u00f3re w podobny spos\u00f3b podejmuje jej analiz\u0119 i prezentuje j\u0105 w tak przyst\u0119pnej formie. Mo\u017cna tu pozna\u0107 niezwykle ciekawe historie zwi\u0105zane z t\u0105 bi\u017cuteri\u0105 \u2013 to przekrojowa opowie\u015b\u0107 o ewolucji formy, materia\u0142u i idei w sztuce z\u0142otniczej. Bi\u017cuteria \u015bwiata jest dla nas bardzo wa\u017cna, ale pe\u0142ni raczej rol\u0119 uzupe\u0142niaj\u0105c\u0105 \u2013 to zapis wspomnie\u0144 z podr\u00f3\u017cy, wyra\u017conych j\u0119zykiem bi\u017cuterii, pokazuj\u0105cy, jak rdzenne kultury j\u0105 postrzega\u0142y i jakie funkcje komunikacyjne pe\u0142ni\u0142a\u201d \u2013 wyja\u015bni\u0142a dyrektorka Muzeum MoJA.<\/p>\n<\/blockquote>\n\n\n\n<figure class=\"wp-block-image size-full\"><img decoding=\"async\" width=\"800\" height=\"1066\" src=\"https:\/\/amber.com.pl\/wp-content\/uploads\/moja03.webp\" alt=\"Moja03\" class=\"wp-image-34152\" srcset=\"https:\/\/amber.com.pl\/wp-content\/uploads\/moja03.webp 800w, https:\/\/amber.com.pl\/wp-content\/uploads\/.\/moja03-640.webp 640w, https:\/\/amber.com.pl\/wp-content\/uploads\/.\/moja03-480.webp 480w, https:\/\/amber.com.pl\/wp-content\/uploads\/.\/moja03-150x150.webp 150w\" sizes=\"(max-width: 800px) 100vw, 800px\" \/><figcaption class=\"wp-element-caption\">Muzeum MoJa mo\u017ce si\u0119 poszczyci\u0107 bogat\u0105 kolekcj\u0105 wsp\u00f3\u0142czesnej bi\u017cuterii z bursztynem<\/figcaption><\/figure>\n\n\n\n<h2 class=\"wp-block-heading\"><strong>Muzeum, kt\u00f3re t\u0142umaczy bi\u017cuteri\u0119<\/strong><\/h2>\n\n\n\n<p>Jednym z najwa\u017cniejszych za\u0142o\u017ce\u0144 MoJA jest dost\u0119pno\u015b\u0107 \u2013 zar\u00f3wno w sensie fizycznym, jak i intelektualnym. Ekspozycja zosta\u0142a zaprojektowana tak, by by\u0142a zrozumia\u0142a tak\u017ce dla odbiorc\u00f3w spoza \u015brodowiska. To szczeg\u00f3lnie istotne w przypadku bi\u017cuterii konceptualnej, kt\u00f3ra cz\u0119sto wymyka si\u0119 intuicyjnemu odbiorowi. Muzeum podejmuje wi\u0119c rol\u0119 t\u0142umacza \u2013 wyja\u015bnia, kontekstualizuje i buduje most mi\u0119dzy tw\u00f3rc\u0105 a widzem. Efektem ma by\u0107 co\u015b wi\u0119cej ni\u017c estetyczne do\u015bwiadczenie \u2013 realne zrozumienie tej dziedziny.<\/p>\n\n\n\n<h2 class=\"wp-block-heading\"><strong>\u017bywe centrum \u015brodowiska<\/strong><\/h2>\n\n\n\n<p>MoJA nie jest projektem zamkni\u0119tym \u2013 wr\u0119cz przeciwnie. Ma ambicj\u0119 sta\u0107 si\u0119 aktywnym o\u015brodkiem \u017cycia artystycznego i naukowego. W planach s\u0105 m.in. wystawy czasowe, wsp\u00f3\u0142praca z plac\u00f3wkami akademickimi, publikacje oraz dzia\u0142ania archiwizacyjne, a tak\u017ce rozw\u00f3j zapocz\u0105tkowanego w 2022 roku Forum Sztuki Z\u0142otniczej. Istotnym elementem dzia\u0142alno\u015bci b\u0119dzie r\u00f3wnie\u017c dokumentowanie historii wsp\u00f3\u0142czesnej bi\u017cuterii \u2013 poprzez wywiady, opracowania i wsp\u00f3\u0142prac\u0119 z bazami wiedzy.<\/p>\n\n\n\n<figure class=\"wp-block-image size-full\"><img decoding=\"async\" width=\"1920\" height=\"1120\" src=\"https:\/\/amber.com.pl\/wp-content\/uploads\/moja04.webp\" alt=\"Moja04\" class=\"wp-image-34153\" srcset=\"https:\/\/amber.com.pl\/wp-content\/uploads\/moja04.webp 1920w, https:\/\/amber.com.pl\/wp-content\/uploads\/.\/moja04-1200.webp 1200w, https:\/\/amber.com.pl\/wp-content\/uploads\/.\/moja04-640.webp 640w, https:\/\/amber.com.pl\/wp-content\/uploads\/.\/moja04-480.webp 480w, https:\/\/amber.com.pl\/wp-content\/uploads\/.\/moja04-150x150.webp 150w\" sizes=\"(max-width: 1920px) 100vw, 1920px\" \/><figcaption class=\"wp-element-caption\">Kolekcja bi\u017cuterii etnicznej w Muzeum MoJa to obiekty osobi\u015bcie pozyskane przez kolekcjonerk\u0119 Magdalen\u0119 Kwiatkiewicz<\/figcaption><\/figure>\n\n\n\n<h2 class=\"wp-block-heading\"><strong>Osobista narracja<\/strong><\/h2>\n\n\n\n<p>To, co wyr\u00f3\u017cnia Muzeum Bi\u017cuterii MoJA, to jego osobisty charakter. Sama nazwa nie jest przypadkowa \u2013 odnosi si\u0119 zar\u00f3wno do angielskiego Museum of Jewellery Art, jak i do \u201emojej\u201d kolekcji Magdaleny Kwiatkiewicz. Ta subiektywno\u015b\u0107 stanowi si\u0142\u0119 projektu \u2013 narracja muzeum prowadzona jest z perspektywy kolekcjonerki, kt\u00f3ra nie ukrywa emocji, fascynacji ani historii stoj\u0105cych za poszczeg\u00f3lnymi obiektami.<\/p>\n\n\n\n<h2 class=\"wp-block-heading\"><strong>Nowy rozdzia\u0142 dla polskiej bi\u017cuterii<\/strong><\/h2>\n\n\n\n<p>Otwarcie Muzeum Bi\u017cuterii MoJA to wydarzenie o znaczeniu wykraczaj\u0105cym poza Pozna\u0144. To wa\u017cny krok w kierunku uznania bi\u017cuterii artystycznej za pe\u0142noprawn\u0105 dziedzin\u0119 sztuki \u2013 zar\u00f3wno w \u015bwiadomo\u015bci odbiorc\u00f3w, jak i instytucji. Dla \u015brodowiska z\u0142otnik\u00f3w, projektant\u00f3w i kolekcjoner\u00f3w to d\u0142ugo oczekiwana przestrze\u0144 reprezentacji. Dla publiczno\u015bci \u2013 szansa na odkrycie \u015bwiata, kt\u00f3ry dot\u0105d pozostawa\u0142 na marginesie.<\/p>\n\n\n\n<p>By\u0107 mo\u017ce w\u0142a\u015bnie w tym tkwi najwi\u0119ksza warto\u015b\u0107 tego miejsca: pokazanie, \u017ce bi\u017cuteria to nie tylko forma, lecz tak\u017ce idea, komunikat i historia.<\/p>\n\n\n\n<p><\/p>","protected":false},"excerpt":{"rendered":"<p>W Poznaniu powsta\u0142a instytucja, na kt\u00f3r\u0105 \u015brodowisko z\u0142otnicze czeka\u0142o od lat. Muzeum Bi\u017cuterii MoJA to nie tylko kolejna przestrze\u0144 wystawiennicza \u2013 to projekt, kt\u00f3ry redefiniuje spos\u00f3b my\u015blenia o bi\u017cuterii jako dziedzinie sztuki i przywraca jej nale\u017cne miejsce w kulturze.<\/p>","protected":false},"author":4,"featured_media":34150,"comment_status":"closed","ping_status":"closed","sticky":false,"template":"","format":"standard","meta":{"_acf_changed":false,"slim_seo":{"title":"Nowe miejsce na mapie polskiej sztuki z\u0142otniczej: Muzeum Bi\u017cuterii MoJA w Poznaniu - Amber Portal","description":"W Poznaniu powsta\u0142a instytucja, na kt\u00f3r\u0105 \u015brodowisko z\u0142otnicze czeka\u0142o od lat. Muzeum Bi\u017cuterii MoJA to nie tylko kolejna przestrze\u0144 wystawiennicza \u2013 to projekt,"},"footnotes":""},"categories":[1,122],"tags":[],"sekcja":[243],"class_list":["post-34149","post","type-post","status-publish","format-standard","has-post-thumbnail","hentry","category-informacje","category-wystawy","sekcja-design-rzemioslo"],"acf":[],"_links":{"self":[{"href":"https:\/\/amber.com.pl\/en\/wp-json\/wp\/v2\/posts\/34149","targetHints":{"allow":["GET"]}}],"collection":[{"href":"https:\/\/amber.com.pl\/en\/wp-json\/wp\/v2\/posts"}],"about":[{"href":"https:\/\/amber.com.pl\/en\/wp-json\/wp\/v2\/types\/post"}],"author":[{"embeddable":true,"href":"https:\/\/amber.com.pl\/en\/wp-json\/wp\/v2\/users\/4"}],"replies":[{"embeddable":true,"href":"https:\/\/amber.com.pl\/en\/wp-json\/wp\/v2\/comments?post=34149"}],"version-history":[{"count":2,"href":"https:\/\/amber.com.pl\/en\/wp-json\/wp\/v2\/posts\/34149\/revisions"}],"predecessor-version":[{"id":34161,"href":"https:\/\/amber.com.pl\/en\/wp-json\/wp\/v2\/posts\/34149\/revisions\/34161"}],"wp:featuredmedia":[{"embeddable":true,"href":"https:\/\/amber.com.pl\/en\/wp-json\/wp\/v2\/media\/34150"}],"wp:attachment":[{"href":"https:\/\/amber.com.pl\/en\/wp-json\/wp\/v2\/media?parent=34149"}],"wp:term":[{"taxonomy":"category","embeddable":true,"href":"https:\/\/amber.com.pl\/en\/wp-json\/wp\/v2\/categories?post=34149"},{"taxonomy":"post_tag","embeddable":true,"href":"https:\/\/amber.com.pl\/en\/wp-json\/wp\/v2\/tags?post=34149"},{"taxonomy":"sekcja","embeddable":true,"href":"https:\/\/amber.com.pl\/en\/wp-json\/wp\/v2\/sekcja?post=34149"}],"curies":[{"name":"wp","href":"https:\/\/api.w.org\/{rel}","templated":true}]}}