{"id":34142,"date":"2026-04-28T22:20:55","date_gmt":"2026-04-28T20:20:55","guid":{"rendered":"https:\/\/amber.com.pl\/?p=34142"},"modified":"2026-04-28T22:30:46","modified_gmt":"2026-04-28T20:30:46","slug":"t2-chwilowy-bursztynowy-duet","status":"publish","type":"post","link":"https:\/\/amber.com.pl\/en\/aktualnosci\/t2-chwilowy-bursztynowy-duet\/","title":{"rendered":"T2 \u2013 \u201echwilowy\u201d bursztynowy duet"},"content":{"rendered":"<p><\/p>\n\n\n\n<p>Dla Tomasza Kargula wsp\u00f3\u0142praca z innymi tw\u00f3rcami od lat jest naturalnym \u017ar\u00f3d\u0142em inspiracji. To w\u0142a\u015bnie spotkanie z Monik\u0105 B\u0142aszkowsk\u0105 \u2013 artystk\u0105 pracuj\u0105c\u0105 z materia\u0142ami z recyklingu i tw\u00f3rczyni\u0105 charakterystycznego plastryko \u2013 zaowocowa\u0142o jedn\u0105 z jego najbardziej rozpoznawalnych kolekcji. Tamten projekt r\u00f3wnie\u017c zaczyna\u0142 si\u0119 od konkursowego wyr\u00f3\u017cnienia \u2013 w Amberif Selection 2023.<\/p>\n\n\n\n<p>W tym roku Kargul zg\u0142osi\u0142 do konkursu trzy prace, ka\u017cd\u0105 stworzon\u0105 z innym artyst\u0105. Jury dostrzeg\u0142o tylko dwie brosz\u0119 powsta\u0142e we wsp\u00f3\u0142pracy z Tadeuszem Dobkowskim. To artysta, kt\u00f3ry z niezwyk\u0142\u0105 wra\u017cliwo\u015bci\u0105 potrafi wydoby\u0107 z bursztynu jego naturalne pi\u0119kno, tworz\u0105c urzekaj\u0105ce, ponadczasowe formy bi\u017cuteryjne.<\/p>\n\n\n\n<p>\u201eNasz\u0105 intencj\u0105 by\u0142o stworzenie atrakcyjnej, unikatowej, a przy tym u\u017cytkowej bi\u017cuterii z bursztynem, a udzia\u0142 w Amberif Selection by\u0142 dla niej pierwszym testem. Od tego, czy zostanie zauwa\u017cona, uzale\u017cniali\u015bmy dalszy rozw\u00f3j projektu. I dostali\u015bmy potwierdzenie, \u017ce warto go kontynuowa\u0107\u201d \u2013 m\u00f3wi Tomasz Kargul.<\/p>\n\n\n\n<p>Bursztyn w tych broszach nie jest dodatkiem \u2013 jest opowie\u015bci\u0105. Ka\u017cdy fragment kryje w sobie unikatowy rysunek natury: \u015bwiat\u0142o, struktur\u0119, czas zatrzymany w \u017cywicy. Podkre\u015blony subtelnymi ingerencjami Tadeusza Dobkowskiego i oprawiony w oszcz\u0119dne, z\u0142ote formy Tomasza Kargula, zyskuje nowy wymiar \u2013 wsp\u00f3\u0142czesny, a jednocze\u015bnie ponadczasowy.<\/p>\n\n\n\n<p>Projekt T<sup>2<\/sup> od pocz\u0105tku mia\u0142 by\u0107 zamkni\u0119t\u0105 ca\u0142o\u015bci\u0105. Arty\u015bci planuj\u0105 stworzy\u0107 jedynie 20 egzemplarzy \u2013 i na tym zako\u0144czy\u0107 t\u0119 wsp\u00f3\u0142prac\u0119. Chwilow\u0105, ale intensywn\u0105.<\/p>\n\n\n\n<p>\u201eChcieli\u015bmy stworzy\u0107 bi\u017cuteri\u0119, kt\u00f3ra b\u0119dzie prze\u0142amywa\u0107 stereotypy zwi\u0105zane z bursztynem. Zale\u017ca\u0142o nam te\u017c na wyj\u015bciu poza nasze rozpoznawalne style i sprawdzeniu, co wydarzy si\u0119 na styku dw\u00f3ch wra\u017cliwo\u015bci. Wierz\u0119, \u017ce to do\u015bwiadczenie mo\u017ce by\u0107 inspiruj\u0105ce tak\u017ce dla innych tw\u00f3rc\u00f3w\u201d \u2013 podkre\u015bla Tadeusz Dobkowski.<\/p>\n\n\n\n<p><\/p>","protected":false},"excerpt":{"rendered":"<p>Jurorzy konkursu Amberif Selection 2026 nie wiedzieli, \u017ce ich decyzja przes\u0105dzi o losie nowego projektu bi\u017cuteryjnego. Wyr\u00f3\u017cnienie dla zestawu brosz stworzonych przez Tomasza Kargula i Tadeusza Dobkowskiego sta\u0142o si\u0119 impulsem, bez kt\u00f3rego duet T2 prawdopodobnie nie podj\u0105\u0142by decyzji o kontynuacji wsp\u00f3\u0142pracy.<\/p>","protected":false},"author":4,"featured_media":34143,"comment_status":"closed","ping_status":"closed","sticky":false,"template":"","format":"standard","meta":{"_acf_changed":false,"slim_seo":{"title":"T2 \u2013 \u201echwilowy\u201d bursztynowy duet - Amber Portal","description":"Jurorzy konkursu Amberif Selection 2026 nie wiedzieli, \u017ce ich decyzja przes\u0105dzi o losie nowego projektu bi\u017cuteryjnego. Wyr\u00f3\u017cnienie dla zestawu brosz stworzonych"},"footnotes":""},"categories":[140,1,119],"tags":[282],"sekcja":[243],"class_list":["post-34142","post","type-post","status-publish","format-standard","has-post-thumbnail","hentry","category-konkursy","category-informacje","category-moda","tag-nowoczesna-bizuteria-z-bursztynem","sekcja-design-rzemioslo"],"acf":[],"_links":{"self":[{"href":"https:\/\/amber.com.pl\/en\/wp-json\/wp\/v2\/posts\/34142","targetHints":{"allow":["GET"]}}],"collection":[{"href":"https:\/\/amber.com.pl\/en\/wp-json\/wp\/v2\/posts"}],"about":[{"href":"https:\/\/amber.com.pl\/en\/wp-json\/wp\/v2\/types\/post"}],"author":[{"embeddable":true,"href":"https:\/\/amber.com.pl\/en\/wp-json\/wp\/v2\/users\/4"}],"replies":[{"embeddable":true,"href":"https:\/\/amber.com.pl\/en\/wp-json\/wp\/v2\/comments?post=34142"}],"version-history":[{"count":2,"href":"https:\/\/amber.com.pl\/en\/wp-json\/wp\/v2\/posts\/34142\/revisions"}],"predecessor-version":[{"id":34148,"href":"https:\/\/amber.com.pl\/en\/wp-json\/wp\/v2\/posts\/34142\/revisions\/34148"}],"wp:featuredmedia":[{"embeddable":true,"href":"https:\/\/amber.com.pl\/en\/wp-json\/wp\/v2\/media\/34143"}],"wp:attachment":[{"href":"https:\/\/amber.com.pl\/en\/wp-json\/wp\/v2\/media?parent=34142"}],"wp:term":[{"taxonomy":"category","embeddable":true,"href":"https:\/\/amber.com.pl\/en\/wp-json\/wp\/v2\/categories?post=34142"},{"taxonomy":"post_tag","embeddable":true,"href":"https:\/\/amber.com.pl\/en\/wp-json\/wp\/v2\/tags?post=34142"},{"taxonomy":"sekcja","embeddable":true,"href":"https:\/\/amber.com.pl\/en\/wp-json\/wp\/v2\/sekcja?post=34142"}],"curies":[{"name":"wp","href":"https:\/\/api.w.org\/{rel}","templated":true}]}}