{"id":34131,"date":"2026-04-26T23:44:09","date_gmt":"2026-04-26T21:44:09","guid":{"rendered":"https:\/\/amber.com.pl\/?p=34131"},"modified":"2026-04-26T23:49:28","modified_gmt":"2026-04-26T21:49:28","slug":"bursztynnik-mistrz-dawniej-i-dzis-dialog-epok-w-malborku","status":"publish","type":"post","link":"https:\/\/amber.com.pl\/en\/aktualnosci\/bursztynnik-mistrz-dawniej-i-dzis-dialog-epok-w-malborku\/","title":{"rendered":"Bursztynnik. Mistrz dawniej i dzi\u015b \u2013 dialog epok w Malborku"},"content":{"rendered":"<p><\/p>\n\n\n\n<p>Nowa ekspozycja prezentuje starannie wyselekcjonowany wyb\u00f3r najcenniejszych dzie\u0142 z kolekcji oraz najwa\u017cniejsze nabytki ostatnich lat. \u201eZamykamy wystaw\u0119 <em>Bursztynowe konteksty<\/em>, a ekspozycja otwierana dzisiaj pokazuje jeden z nich \u2013 kontekst mistrza bursztynnika\u201d \u2013 zaznaczy\u0142a Agnieszka Kowalska, zast\u0119pca dyrektora ds. naukowo-konserwatorskich, wskazuj\u0105c na konsekwentnie budowan\u0105 narracj\u0119 wok\u00f3\u0142 zbior\u00f3w.<\/p>\n\n\n\n<p><strong>Mistrzostwo jako proces<\/strong><\/p>\n\n\n\n<p>Punktem wyj\u015bcia dla kurator\u00f3w by\u0142a refleksja nad sam\u0105 istot\u0105 mistrzostwa \u2013 rozumianego nie tylko jako perfekcja warsztatowa, ale tak\u017ce jako zdolno\u015b\u0107 tw\u00f3rczego dialogu z materi\u0105. Bursztyn \u2013 materia\u0142 wymagaj\u0105cy, niejednorodny i nieprzewidywalny \u2013 sta\u0142 si\u0119 tu naturalnym medium tej opowie\u015bci.<\/p>\n\n\n\n<p>Ekspozycja koncentruje si\u0119 na procesie tworzenia i relacji mi\u0119dzy artyst\u0105 a tworzywem. To w\u0142a\u015bnie w tej relacji ujawnia\u0142 si\u0119 kunszt bursztynnika \u2013 dawniej rzemie\u015blnika, dzi\u015b cz\u0119sto r\u00f3wnie\u017c projektanta i artysty operuj\u0105cego j\u0119zykiem wsp\u00f3\u0142czesnej sztuki.<\/p>\n\n\n\n<p><strong>Dialog zamiast chronologii<\/strong><\/p>\n\n\n\n<p>Jednym z najciekawszych za\u0142o\u017ce\u0144 wystawy by\u0142o odej\u015bcie od klasycznego, chronologicznego uk\u0142adu. Zamiast tego zaproponowano dialog mi\u0119dzy dwoma kluczowymi momentami w historii bursztynnictwa: jego Z\u0142otym Wiekiem (XVII \/ pocz\u0105tek XVIII wieku) oraz wsp\u00f3\u0142czesnym odrodzeniem tej dziedziny w drugiej po\u0142owie XX i XXI wieku.<\/p>\n\n\n\n<p>Dzi\u0119ki temu zestawieniu widzowie mogli prze\u015bledzi\u0107 nie tylko zmiany formalne i technologiczne, ale przede wszystkim ewolucj\u0119 my\u015blenia o funkcji przedmiotu, roli artysty i samym bursztynie jako tworzywie.<\/p>\n\n\n<div class=\"wp-block-image\">\n<figure class=\"aligncenter size-full\"><img decoding=\"async\" width=\"600\" height=\"800\" src=\"https:\/\/amber.com.pl\/wp-content\/uploads\/malbork_rzezba.webp\" alt=\"Malbork rze\u017aba\" class=\"wp-image-34135\" srcset=\"https:\/\/amber.com.pl\/wp-content\/uploads\/malbork_rzezba.webp 600w, https:\/\/amber.com.pl\/wp-content\/uploads\/.\/malbork_rzezba-480.webp 480w, https:\/\/amber.com.pl\/wp-content\/uploads\/.\/malbork_rzezba-150x150.webp 150w\" sizes=\"(max-width: 600px) 100vw, 600px\" \/><figcaption class=\"wp-element-caption\">Figura atlety \u2013 warsztat Jacoba Dobbermanna (?), 2. \u0107wier\u0107 XVIII w. Fot. Muzeum Zamkowe w Malborku<\/figcaption><\/figure>\n<\/div>\n\n\n<p><strong>Najcenniejsze obiekty i nowe nabytki<\/strong><\/p>\n\n\n\n<p>Na wystawie zaprezentowano oko\u0142o 100 obiekt\u00f3w wybranych z kolekcji licz\u0105cej blisko 2000 dzie\u0142. W\u015br\u00f3d nich znalaz\u0142y si\u0119 zar\u00f3wno rzadko pokazywane zabytki nowo\u017cytne, jak i najnowsze nabytki muzeum. Szczeg\u00f3lne miejsce zaj\u0119\u0142y dzie\u0142a dawnych mistrz\u00f3w, takich jak Christoph Maucher czy Michel Redlin, a tak\u017ce realizacje warsztat\u00f3w gda\u0144skich. Pokazywano m.in. obiekty, kt\u00f3re rozs\u0142awiaj\u0105 bursztynow\u0105 kolekcj\u0119 malborskiego muzeum, m.in. szkatu\u0142\u0119 Mauchera, relikwiarz Redlina, kabinet ksi\u0119cia J\u00f3zefa Poniatowskiego czy szkatu\u0142\u0119 Stanis\u0142awa Leszczy\u0144skiego, jak r\u00f3wnie\u017c ca\u0142kiem nowy w kolekcji XVII-wieczny o\u0142tarz z futera\u0142em. Po raz pierwszy zaprezentowano r\u00f3wnie\u017c nowe nabytki, w tym bursztynowe puzderko z ko\u0144ca XVII wieku, zdobione scen\u0105 inspirowan\u0105 \u201eMetamorfozami\u201d Owidiusza.<\/p>\n\n\n<div class=\"wp-block-image\">\n<figure class=\"aligncenter size-full\"><img decoding=\"async\" width=\"600\" height=\"800\" src=\"https:\/\/amber.com.pl\/wp-content\/uploads\/malbork_poniatowski.webp\" alt=\"Malbork poniatowski\" class=\"wp-image-34134\" srcset=\"https:\/\/amber.com.pl\/wp-content\/uploads\/malbork_poniatowski.webp 600w, https:\/\/amber.com.pl\/wp-content\/uploads\/.\/malbork_poniatowski-480.webp 480w, https:\/\/amber.com.pl\/wp-content\/uploads\/.\/malbork_poniatowski-150x150.webp 150w\" sizes=\"(max-width: 600px) 100vw, 600px\" \/><figcaption class=\"wp-element-caption\">Bursztynowy Kabinet ksi\u0119cia J\u00f3zefa Poniatowskiego. Fot. Muzeum Zamkowe w Malborku<\/figcaption><\/figure>\n<\/div>\n\n\n<p><strong>Wsp\u00f3\u0142czesne interpretacje<\/strong><\/p>\n\n\n\n<p>Z historycznymi realizacjami zestawiono prace wsp\u00f3\u0142czesnych tw\u00f3rc\u00f3w \u2013 m.in. Aleksandra Gliwi\u0144skiego, Marii Fija\u0142kowskiej, Piotra Wajchta, Jolanty i Andrzeja Kupniewskich oraz Barbary Gronu\u015b-Dutko. Wsp\u00f3\u0142czesne realizacje pokazywa\u0142y zupe\u0142nie inne podej\u015bcie do bursztynu \u2013 jako materia\u0142u otwartego na eksperyment, \u0142\u0105czonego z innymi tworzywami i b\u0119d\u0105cymi indywidualn\u0105 wypowiedzi\u0105 artystyczn\u0105. W tym kontek\u015bcie szczeg\u00f3lnie wyra\u017anie wybrzmiewa\u0142a zmiana paradygmatu: od rzemios\u0142a podporz\u0105dkowanego funkcji do autonomicznej formy artystycznej.<\/p>\n\n\n\n<p>Po trzech latach na ekspozycj\u0119 powr\u00f3ci\u0142 tak\u017ce obraz \u201eBiesiada\u201d Bogdana Mirowskiego, kt\u00f3ry poszerzy\u0142 narracj\u0119 wystawy o dodatkowy kontekst ikonograficzny i symboliczny.<\/p>\n\n\n\n<p><strong>Ci\u0105g\u0142o\u015b\u0107 i zapowied\u017a<\/strong><\/p>\n\n\n\n<p>Jak podkre\u015bli\u0142a Katarzyna Kita, kustoszka wystawy, prezentowany wyb\u00f3r stanowi jedynie fragment wi\u0119kszej ca\u0142o\u015bci. Wystawa jest bowiem jednocze\u015bnie zapowiedzi\u0105 nowej ods\u0142ony ekspozycji sta\u0142ej, kt\u00f3rej otwarcie planowane jest na kolejny rok. Wystawa \u201eBursztynnik. Mistrz dawniej i dzi\u015b\u201d nie by\u0142a wi\u0119c zamkni\u0119t\u0105 opowie\u015bci\u0105, lecz cz\u0119\u015bci\u0105 szerszego procesu reinterpretacji i udost\u0119pniania malborskiej kolekcji.<\/p>\n\n\n<div class=\"wp-block-image\">\n<figure class=\"aligncenter size-full\"><img decoding=\"async\" width=\"600\" height=\"800\" src=\"https:\/\/amber.com.pl\/wp-content\/uploads\/malbork_maucher.webp\" alt=\"Malbork maucher\" class=\"wp-image-34133\" srcset=\"https:\/\/amber.com.pl\/wp-content\/uploads\/malbork_maucher.webp 600w, https:\/\/amber.com.pl\/wp-content\/uploads\/.\/malbork_maucher-480.webp 480w, https:\/\/amber.com.pl\/wp-content\/uploads\/.\/malbork_maucher-150x150.webp 150w\" sizes=\"(max-width: 600px) 100vw, 600px\" \/><figcaption class=\"wp-element-caption\">Szkatu\u0142a Christopha Mauchera. Fot. Muzeum Zamkowe w Malborku<\/figcaption><\/figure>\n<\/div>\n\n\n<p><strong>Bursztyn jako medium ponadczasowe<\/strong><\/p>\n\n\n\n<p>Jednym z najwa\u017cniejszych w\u0105tk\u00f3w ekspozycji by\u0142o pokazanie bursztynu jako medium ponadczasowego. Motywy religijne, mitologiczne i symboliczne powraca\u0142y w nowych kontekstach, przetwarzane przez wsp\u00f3\u0142czesnych tw\u00f3rc\u00f3w w spos\u00f3b osobisty i aktualny.<\/p>\n\n\n\n<p>W ten spos\u00f3b wystawa budowa\u0142a most mi\u0119dzy przesz\u0142o\u015bci\u0105 a tera\u017aniejszo\u015bci\u0105, udowadniaj\u0105c, \u017ce tradycja nie jest zamkni\u0119tym rozdzia\u0142em, lecz \u017cywym \u017ar\u00f3d\u0142em inspiracji.<\/p>\n\n\n\n<p><strong>\u201eBursztynnik. Mistrz dawniej i dzi\u015b\u201d \u2013 wystawa czasowa<br>Malbork Castle Museum<br>od 24 kwietnia 2026 r.<br><br><\/strong><\/p>\n\n\n\n<p><\/p>","protected":false},"excerpt":{"rendered":"<p>W Muzeum Zamkowym w Malborku zosta\u0142a otwarta wystawa czasowa \u201eBursztynnik. Mistrz dawniej i dzi\u015b\u201d. Ekspozycja, przygotowana w Pa\u0142acu Wielkich Mistrz\u00f3w na Zamku \u015arednim, stanowi nie tylko pokaz wybitnych obiekt\u00f3w, ale przede wszystkim przemy\u015blan\u0105 opowie\u015b\u0107 o mistrzostwie \u2013 jego znaczeniu, przemianach i ci\u0105g\u0142o\u015bci.<\/p>","protected":false},"author":4,"featured_media":34136,"comment_status":"closed","ping_status":"closed","sticky":false,"template":"","format":"standard","meta":{"_acf_changed":false,"slim_seo":{"title":"Bursztynnik. Mistrz dawniej i dzi\u015b \u2013 dialog epok w Malborku - Amber Portal","description":"W Muzeum Zamkowym w Malborku zosta\u0142a otwarta wystawa czasowa \u201eBursztynnik. Mistrz dawniej i dzi\u015b\u201d. Ekspozycja, przygotowana w Pa\u0142acu Wielkich Mistrz\u00f3w na Zamku"},"footnotes":""},"categories":[122],"tags":[],"sekcja":[243],"class_list":["post-34131","post","type-post","status-publish","format-standard","has-post-thumbnail","hentry","category-wystawy","sekcja-design-rzemioslo"],"acf":[],"_links":{"self":[{"href":"https:\/\/amber.com.pl\/en\/wp-json\/wp\/v2\/posts\/34131","targetHints":{"allow":["GET"]}}],"collection":[{"href":"https:\/\/amber.com.pl\/en\/wp-json\/wp\/v2\/posts"}],"about":[{"href":"https:\/\/amber.com.pl\/en\/wp-json\/wp\/v2\/types\/post"}],"author":[{"embeddable":true,"href":"https:\/\/amber.com.pl\/en\/wp-json\/wp\/v2\/users\/4"}],"replies":[{"embeddable":true,"href":"https:\/\/amber.com.pl\/en\/wp-json\/wp\/v2\/comments?post=34131"}],"version-history":[{"count":3,"href":"https:\/\/amber.com.pl\/en\/wp-json\/wp\/v2\/posts\/34131\/revisions"}],"predecessor-version":[{"id":34141,"href":"https:\/\/amber.com.pl\/en\/wp-json\/wp\/v2\/posts\/34131\/revisions\/34141"}],"wp:featuredmedia":[{"embeddable":true,"href":"https:\/\/amber.com.pl\/en\/wp-json\/wp\/v2\/media\/34136"}],"wp:attachment":[{"href":"https:\/\/amber.com.pl\/en\/wp-json\/wp\/v2\/media?parent=34131"}],"wp:term":[{"taxonomy":"category","embeddable":true,"href":"https:\/\/amber.com.pl\/en\/wp-json\/wp\/v2\/categories?post=34131"},{"taxonomy":"post_tag","embeddable":true,"href":"https:\/\/amber.com.pl\/en\/wp-json\/wp\/v2\/tags?post=34131"},{"taxonomy":"sekcja","embeddable":true,"href":"https:\/\/amber.com.pl\/en\/wp-json\/wp\/v2\/sekcja?post=34131"}],"curies":[{"name":"wp","href":"https:\/\/api.w.org\/{rel}","templated":true}]}}