{"id":34116,"date":"2026-04-26T18:31:13","date_gmt":"2026-04-26T16:31:13","guid":{"rendered":"https:\/\/amber.com.pl\/?p=34116"},"modified":"2026-04-26T18:51:57","modified_gmt":"2026-04-26T16:51:57","slug":"legnica-ponownie-swiatowa-stolica-bizuterii-artystycznej","status":"publish","type":"post","link":"https:\/\/amber.com.pl\/en\/aktualnosci\/legnica-ponownie-swiatowa-stolica-bizuterii-artystycznej\/","title":{"rendered":"Legnica ponownie \u015bwiatow\u0105 stolic\u0105 bi\u017cuterii artystycznej"},"content":{"rendered":"<p><\/p>\n\n\n\n<h2 class=\"wp-block-heading\"><strong>EVERY BODY \u2013 bi\u017cuteria w relacji z cia\u0142em i wsp\u00f3lnot\u0105<\/strong><\/h2>\n\n\n\n<p>Centralnym punktem Weekendu Otwarcia b\u0119dzie og\u0142oszenie wynik\u00f3w 34. Mi\u0119dzynarodowego Konkursu Sztuki Z\u0142otniczej EVERY BODY. Tegoroczna edycja zgromadzi\u0142a 265 artyst\u00f3w z 24 kraj\u00f3w z Europy, Azji, Ameryki Po\u0142udniowej i Australii, potwierdzaj\u0105c globalny zasi\u0119g i presti\u017c legnickiego wydarzenia. Has\u0142o konkursu kieruje uwag\u0119 zar\u00f3wno na cielesno\u015b\u0107, jak i wsp\u00f3lnot\u0119 \u2013 bada relacje mi\u0119dzy bi\u017cuteri\u0105 a cia\u0142em, ale te\u017c dotyka temat\u00f3w r\u00f3\u017cnorodno\u015bci i napi\u0119\u0107 wsp\u00f3\u0142czesnego \u015bwiata. Prace konkursowe zosta\u0142y ocenione przez mi\u0119dzynarodowe jury w sk\u0142adzie: Paul Derrez (Holandia), S\u0142awomir Fija\u0142kowski (Polska), Sergiusz Kuchczy\u0144ski (Polska), Andreia Gabriela Popescu (Rumunia) oraz Helena Renner (Niemcy). Spo\u015br\u00f3d nades\u0142anych zg\u0142osze\u0144 jurorzy wy\u0142onili prace 40 artyst\u00f3w z 12 kraj\u00f3w, kt\u00f3re sk\u0142adaj\u0105 si\u0119 na wystaw\u0119 pokonkursow\u0105.<\/p>\n\n\n\n<h2 class=\"wp-block-heading\"><strong>Weekend Otwarcia \u2013 spotkania, dyskusje i sztuka na \u017cywo<\/strong><\/h2>\n\n\n\n<h2 class=\"wp-block-heading\"><\/h2>\n\n\n\n<p>Weekend Otwarcia to jednak znacznie wi\u0119cej ni\u017c konkurs i emocje zwi\u0105zane z og\u0142oszeniem jego wynik\u00f3w. To intensywne dwa dni pe\u0142ne sztuki i spotka\u0144: wernisa\u017cy, dyskusji, seminarium \u201eGranice sztuki globalnej\u201d, koncertu oraz performans\u00f3w. To moment, w kt\u00f3rym Legnica \u017cyje sztuk\u0105 \u2013 a publiczno\u015b\u0107 ma rzadk\u0105 okazj\u0119, by wej\u015b\u0107 w bezpo\u015bredni dialog z tw\u00f3rcami i zobaczy\u0107 najnowsze zjawiska i trendy w bi\u017cuterii artystycznej z ca\u0142ego \u015bwiata.<\/p>\n\n\n\n<figure class=\"wp-block-image size-full\"><img decoding=\"async\" width=\"1134\" height=\"1134\" src=\"https:\/\/amber.com.pl\/wp-content\/uploads\/Legnica_Peksa.webp\" alt=\"Legnica Peksa\" class=\"wp-image-34126\" srcset=\"https:\/\/amber.com.pl\/wp-content\/uploads\/Legnica_Peksa.webp 1134w, https:\/\/amber.com.pl\/wp-content\/uploads\/.\/Legnica_Peksa-150x150.webp 150w, https:\/\/amber.com.pl\/wp-content\/uploads\/.\/Legnica_Peksa-640.webp 640w, https:\/\/amber.com.pl\/wp-content\/uploads\/.\/Legnica_Peksa-480.webp 480w\" sizes=\"(max-width: 1134px) 100vw, 1134px\" \/><figcaption class=\"wp-element-caption\">Monica Peksa &#8211; naszyjnik<\/figcaption><\/figure>\n\n\n\n<h2 class=\"wp-block-heading\"><strong>Wystawy artystyczne sercem Festiwalu<\/strong><\/h2>\n\n\n\n<p>Jak co roku, centraln\u0105 platform\u0105 spotka\u0144 b\u0119d\u0105 wystawy. W tej edycji Festiwalu swoje prace zaprezentuj\u0105 arty\u015bci i studenci z Polski i zagranicy, m.in. Nikita Kavryzhkin \u2013 artysta zwi\u0105zany z Idar-Oberstein, niemieckim centrum obr\u00f3bki kamieni szlachetnych, Ewa Effenberg-Kaja \u2013 projektantka bi\u017cuterii, nauczycielka akademicka zwi\u0105zana z ASP w \u0141odzi, Monica Peksa \u2013 austriacka projektantka, z\u0142otniczka, pedago\u017cka, kt\u00f3ra ch\u0119tnie odwo\u0142uje si\u0119 w swoich pracach do tradycji origami, Sophie B\u00e9langer \u2013 artystka z Quebeck, kt\u00f3ra za pomoc\u0105 humoru zach\u0119cam widza do refleksji nad naszym postrzeganiem \u017cycia, czy Karolina Dyczko, kt\u00f3ra w swojej tw\u00f3rczo\u015bci skupia si\u0119 na \u0142\u0105czeniu r\u00f3\u017cnorodnych materia\u0142\u00f3w oraz technik, a tak\u017ce studenci i dydaktycy Pracowni Designu Eksperymentalnego ASP w Gda\u0144sku. Na publiczno\u015b\u0107 czeka blisko tysi\u0105c obiekt\u00f3w: od klasycznych form ze srebrem, kt\u00f3re od lat stanowi znak rozpoznawczy Legnicy, po eksperymentalne realizacje z materia\u0142\u00f3w rzadziej kojarzonych z bi\u017cuteri\u0105: papieru, kamienia, we\u0142ny, jak r\u00f3wnie\u017c powsta\u0142e w technologii druku 3D. To przekrojowa, cz\u0119sto zaskakuj\u0105ca panorama najnowszych tendencji w bi\u017cuterii autorskiej.<\/p>\n\n\n\n<p><strong>Legnicki Festiwal SREBRO<\/strong> od niemal p\u00f3\u0142 wieku buduje swoj\u0105 pozycj\u0119 jako jedno z kluczowych wydarze\u0144 w Europie i na \u015bwiecie \u2013 miejsce, gdzie spotykaj\u0105 si\u0119 sztuka, design i emocje. Weekend Otwarcia to najlepszy moment, by poczu\u0107 jego energi\u0119 w pe\u0142ni. Tym bardziej \u017ce wszystkie wydarzenia s\u0105 dost\u0119pne bezp\u0142atnie.<\/p>\n\n\n\n\n\n<p><\/p>\n\n\n\n<figure class=\"wp-block-image size-full\"><img decoding=\"async\" width=\"1200\" height=\"675\" src=\"https:\/\/amber.com.pl\/wp-content\/uploads\/Legnica_Kavryzhkin.webp\" alt=\"Legnica Kavryzhkin\" class=\"wp-image-34127\" srcset=\"https:\/\/amber.com.pl\/wp-content\/uploads\/.\/Legnica_Kavryzhkin-1200.webp 1200w, https:\/\/amber.com.pl\/wp-content\/uploads\/.\/Legnica_Kavryzhkin-640.webp 640w, https:\/\/amber.com.pl\/wp-content\/uploads\/.\/Legnica_Kavryzhkin-480.webp 480w, https:\/\/amber.com.pl\/wp-content\/uploads\/.\/Legnica_Kavryzhkin-150x150.webp 150w\" sizes=\"(max-width: 1200px) 100vw, 1200px\" \/><figcaption class=\"wp-element-caption\">Nikita Kavryzhkin &#8211; bi\u017cuteria<\/figcaption><\/figure>\n\n\n\n<p><\/p>","protected":false},"excerpt":{"rendered":"<p>Ju\u017c 8-9 maja 2026 roku odb\u0119dzie si\u0119 Weekend Otwarcia Legnickiego Festiwalu SREBRO \u2013 wydarzenia, kt\u00f3re od dekad przyci\u0105ga tw\u00f3rc\u00f3w, kurator\u00f3w i kolekcjoner\u00f3w z ca\u0142ego \u015bwiata. To w\u0142a\u015bnie w Legnicy bije jedno z najwa\u017cniejszych serc wsp\u00f3\u0142czesnej bi\u017cuterii artystycznej \u2013 festiwal uznawany jest za drugie, po monachijskiej wystawie SCHMUCK, najwa\u017cniejsze wydarzenie tego typu na \u015bwiecie.<\/p>","protected":false},"author":4,"featured_media":34123,"comment_status":"closed","ping_status":"closed","sticky":false,"template":"","format":"standard","meta":{"_acf_changed":false,"slim_seo":{"title":"Legnica ponownie \u015bwiatow\u0105 stolic\u0105 bi\u017cuterii artystycznej - Amber Portal","description":"Ju\u017c 8-9 maja 2026 roku odb\u0119dzie si\u0119 Weekend Otwarcia Legnickiego Festiwalu SREBRO \u2013 wydarzenia, kt\u00f3re od dekad przyci\u0105ga tw\u00f3rc\u00f3w, kurator\u00f3w i kolekcjoner\u00f3w z ca"},"footnotes":""},"categories":[140,1,122],"tags":[275,274],"sekcja":[242],"class_list":["post-34116","post","type-post","status-publish","format-standard","has-post-thumbnail","hentry","category-konkursy","category-informacje","category-wystawy","tag-bizuteria-artystyczna","tag-sztuka-zlotnicza","sekcja-amber-news"],"acf":[],"_links":{"self":[{"href":"https:\/\/amber.com.pl\/en\/wp-json\/wp\/v2\/posts\/34116","targetHints":{"allow":["GET"]}}],"collection":[{"href":"https:\/\/amber.com.pl\/en\/wp-json\/wp\/v2\/posts"}],"about":[{"href":"https:\/\/amber.com.pl\/en\/wp-json\/wp\/v2\/types\/post"}],"author":[{"embeddable":true,"href":"https:\/\/amber.com.pl\/en\/wp-json\/wp\/v2\/users\/4"}],"replies":[{"embeddable":true,"href":"https:\/\/amber.com.pl\/en\/wp-json\/wp\/v2\/comments?post=34116"}],"version-history":[{"count":3,"href":"https:\/\/amber.com.pl\/en\/wp-json\/wp\/v2\/posts\/34116\/revisions"}],"predecessor-version":[{"id":34130,"href":"https:\/\/amber.com.pl\/en\/wp-json\/wp\/v2\/posts\/34116\/revisions\/34130"}],"wp:featuredmedia":[{"embeddable":true,"href":"https:\/\/amber.com.pl\/en\/wp-json\/wp\/v2\/media\/34123"}],"wp:attachment":[{"href":"https:\/\/amber.com.pl\/en\/wp-json\/wp\/v2\/media?parent=34116"}],"wp:term":[{"taxonomy":"category","embeddable":true,"href":"https:\/\/amber.com.pl\/en\/wp-json\/wp\/v2\/categories?post=34116"},{"taxonomy":"post_tag","embeddable":true,"href":"https:\/\/amber.com.pl\/en\/wp-json\/wp\/v2\/tags?post=34116"},{"taxonomy":"sekcja","embeddable":true,"href":"https:\/\/amber.com.pl\/en\/wp-json\/wp\/v2\/sekcja?post=34116"}],"curies":[{"name":"wp","href":"https:\/\/api.w.org\/{rel}","templated":true}]}}