{"id":34114,"date":"2026-03-30T22:15:22","date_gmt":"2026-03-30T20:15:22","guid":{"rendered":"https:\/\/amber.com.pl\/?p=34114"},"modified":"2026-04-26T17:50:36","modified_gmt":"2026-04-26T15:50:36","slug":"amber-vibes-bursztyn-na-wybiegu","status":"publish","type":"post","link":"https:\/\/amber.com.pl\/en\/aktualnosci\/amber-vibes-bursztyn-na-wybiegu\/","title":{"rendered":"Amber Vibes \u2013 bursztyn na wybiegu"},"content":{"rendered":"<p>Za koncepcj\u0119 kreatywn\u0105 odpowiada\u0142a Lidia Popiel \u2013 fotografka i Ambasadorka Bursztynu \u2013 kt\u00f3ra w tym roku zdecydowa\u0142a si\u0119 po\u0142o\u017cy\u0107 wi\u0119kszy nacisk na sam\u0105 bi\u017cuteri\u0119. Na wybiegu zobaczyli\u015bmy przede wszystkim prace artyst\u00f3w i projektant\u00f3w, w du\u017cej mierze zwi\u0105zanych ze Stowarzyszeniem Tw\u00f3rc\u00f3w Form Z\u0142otniczych. Pojawi\u0142y si\u0119 m.in. realizacje Doroty Ceneckiej, Marcina Tymi\u0144skiego, Paw\u0142a Kaczy\u0144skiego, Jolanty Gazdy czy Weroniki Majewskiej. W centrum uwagi pozostawa\u0142 bursztyn ba\u0142tycki \u2013 r\u00f3\u017cnorodny, naturalny, interpretowany w nowoczesny spos\u00f3b.<\/p>\n\n\n\n<figure class=\"wp-block-image size-full\"><img decoding=\"async\" width=\"1920\" height=\"1280\" src=\"https:\/\/amber.com.pl\/wp-content\/uploads\/amber-vibes-2.webp\" alt=\"Amber vibes\" class=\"wp-image-34118\" srcset=\"https:\/\/amber.com.pl\/wp-content\/uploads\/amber-vibes-2.webp 1920w, https:\/\/amber.com.pl\/wp-content\/uploads\/.\/amber-vibes-2-1200.webp 1200w, https:\/\/amber.com.pl\/wp-content\/uploads\/.\/amber-vibes-2-640.webp 640w, https:\/\/amber.com.pl\/wp-content\/uploads\/.\/amber-vibes-2-480.webp 480w, https:\/\/amber.com.pl\/wp-content\/uploads\/.\/amber-vibes-2-150x150.webp 150w\" sizes=\"(max-width: 1920px) 100vw, 1920px\" \/><\/figure>\n\n\n\n<p>Bi\u017cuteria zosta\u0142a zestawiona z codziennymi, casualowymi sylwetkami, m.in. z kolekcji Mariusza Przybylskiego i Iwony Yavorskiej. Obok nich pojawi\u0142y si\u0119 r\u00f3wnie\u017c bardziej eksperymentalne formy przygotowane przez m\u0142odych tw\u00f3rc\u00f3w z Zespo\u0142u Szk\u00f3\u0142 Kreowania Wizerunku w Gda\u0144sku.<\/p>\n\n\n\n<p>Ciekawym elementem by\u0142o w\u0142\u0105czenie do pokazu os\u00f3b zwi\u0105zanych z Tr\u00f3jmiastem \u2013 nieprofesjonalnych modeli, kt\u00f3rzy na co dzie\u0144 maj\u0105 kontakt z bursztynem lub go nosz\u0105. Na wybiegu pojawili si\u0119 m.in. przedstawiciele \u015brodowisk lokalnych i bran\u017cowych.<\/p>\n\n\n\n<figure class=\"wp-block-image size-full\"><img decoding=\"async\" width=\"1920\" height=\"1280\" src=\"https:\/\/amber.com.pl\/wp-content\/uploads\/amber-vibes-1.webp\" alt=\"Amber vibes\" class=\"wp-image-34117\" srcset=\"https:\/\/amber.com.pl\/wp-content\/uploads\/amber-vibes-1.webp 1920w, https:\/\/amber.com.pl\/wp-content\/uploads\/.\/amber-vibes-1-1200.webp 1200w, https:\/\/amber.com.pl\/wp-content\/uploads\/.\/amber-vibes-1-640.webp 640w, https:\/\/amber.com.pl\/wp-content\/uploads\/.\/amber-vibes-1-480.webp 480w, https:\/\/amber.com.pl\/wp-content\/uploads\/.\/amber-vibes-1-150x150.webp 150w\" sizes=\"(max-width: 1920px) 100vw, 1920px\" \/><\/figure>\n\n\n\n<p>Jak podkre\u015bla\u0142a Lidia Popiel, ide\u0105 pokazu by\u0142o pokazanie bursztynu w r\u00f3\u017cnych kontekstach \u2013 jako elementu bi\u017cuterii autorskiej, ale te\u017c bli\u017cszej codzienno\u015bci. Pr\u00f3ba osadzenia go nie tylko w \u015bwiecie mody, ale r\u00f3wnie\u017c w realnym \u017cyciu u\u017cytkownik\u00f3w.<\/p>","protected":false},"excerpt":{"rendered":"<p>Podczas gali AMBER Vibes bursztyn ponownie pojawi\u0142 si\u0119 na wybiegu jako wa\u017cny element narracji o wsp\u00f3\u0142czesnej bi\u017cuterii. W industrialnej, utrzymanej w ciemnej tonacji przestrzeni hali Amber Expo zaprezentowano kilka pokaz\u00f3w \u0142\u0105cz\u0105cych mod\u0119 i wsp\u00f3\u0142czesn\u0105 sztuk\u0119 z\u0142otnicz\u0105 \u2013 w formule, kt\u00f3ra nawi\u0105zuje do tradycji wydarze\u0144 towarzysz\u0105cych targom AMBERIF.<\/p>","protected":false},"author":4,"featured_media":34119,"comment_status":"closed","ping_status":"closed","sticky":false,"template":"","format":"standard","meta":{"_acf_changed":false,"slim_seo":{"title":"Amber Vibes \u2013 bursztyn na wybiegu - Amber Portal","description":"Podczas gali AMBER Vibes bursztyn ponownie pojawi\u0142 si\u0119 na wybiegu jako wa\u017cny element narracji o wsp\u00f3\u0142czesnej bi\u017cuterii. W industrialnej, utrzymanej w ciemnej to"},"footnotes":""},"categories":[119,120,121],"tags":[148,282],"sekcja":[244],"class_list":["post-34114","post","type-post","status-publish","format-standard","has-post-thumbnail","hentry","category-moda","category-targi","category-wydarzenia","tag-amberif","tag-nowoczesna-bizuteria-z-bursztynem","sekcja-moda-trendy"],"acf":[],"_links":{"self":[{"href":"https:\/\/amber.com.pl\/en\/wp-json\/wp\/v2\/posts\/34114","targetHints":{"allow":["GET"]}}],"collection":[{"href":"https:\/\/amber.com.pl\/en\/wp-json\/wp\/v2\/posts"}],"about":[{"href":"https:\/\/amber.com.pl\/en\/wp-json\/wp\/v2\/types\/post"}],"author":[{"embeddable":true,"href":"https:\/\/amber.com.pl\/en\/wp-json\/wp\/v2\/users\/4"}],"replies":[{"embeddable":true,"href":"https:\/\/amber.com.pl\/en\/wp-json\/wp\/v2\/comments?post=34114"}],"version-history":[{"count":2,"href":"https:\/\/amber.com.pl\/en\/wp-json\/wp\/v2\/posts\/34114\/revisions"}],"predecessor-version":[{"id":34121,"href":"https:\/\/amber.com.pl\/en\/wp-json\/wp\/v2\/posts\/34114\/revisions\/34121"}],"wp:featuredmedia":[{"embeddable":true,"href":"https:\/\/amber.com.pl\/en\/wp-json\/wp\/v2\/media\/34119"}],"wp:attachment":[{"href":"https:\/\/amber.com.pl\/en\/wp-json\/wp\/v2\/media?parent=34114"}],"wp:term":[{"taxonomy":"category","embeddable":true,"href":"https:\/\/amber.com.pl\/en\/wp-json\/wp\/v2\/categories?post=34114"},{"taxonomy":"post_tag","embeddable":true,"href":"https:\/\/amber.com.pl\/en\/wp-json\/wp\/v2\/tags?post=34114"},{"taxonomy":"sekcja","embeddable":true,"href":"https:\/\/amber.com.pl\/en\/wp-json\/wp\/v2\/sekcja?post=34114"}],"curies":[{"name":"wp","href":"https:\/\/api.w.org\/{rel}","templated":true}]}}