{"id":19501,"date":"2023-03-22T23:59:54","date_gmt":"2023-03-22T22:59:54","guid":{"rendered":"https:\/\/wp.amber.com.pl\/targi-amberif-spring-rozpoczete\/"},"modified":"2025-12-07T18:45:45","modified_gmt":"2025-12-07T17:45:45","slug":"targi-amberif-spring-rozpoczete","status":"publish","type":"post","link":"https:\/\/amber.com.pl\/en\/aktualnosci\/targi-amberif-spring-rozpoczete\/","title":{"rendered":"Targi AMBERIF SPRING rozpocz\u0119te"},"content":{"rendered":"<blockquote class=\"wp-block-quote\">\n<p>Jeste\u015bmy dumni ze \u015bwiatowej marki, jak\u0105 cieszy si\u0119 Gda\u0144sk i Pomorze, jak r\u00f3wnie\u017c ze wszystkich, kt\u00f3rzy j\u0105 tworzyli przez stulecia. Nasz\u0105 rol\u0105 jest j\u0105 rozwija\u0107 poprzez rozw\u00f3j wzornictwa i rzemios\u0142a, dzi\u0119ki kt\u00f3rym powstaj\u0105 pi\u0119kne przedmioty z bursztynu. Zale\u017cy nam na tym, by bursztyn by\u0142 mark\u0105 \u015bwiatow\u0105, by wszystkie bursztynowe szlaki zaczyna\u0142y si\u0119 w Gda\u0144sku \u2013 powiedzia\u0142 na otwarciu targ\u00f3w Dariusz Drelich, wojewoda pomorski.&nbsp;<\/p>\n<\/blockquote>\n<p>Dowod\u00f3w na to, \u017ce Gda\u0144sk jest centrum bursztynu na rozpocz\u0119tych w\u0142a\u015bnie targach AMBERIF SPRING nie brakuje. S\u0142owo bursztyn s\u0142ycha\u0107 by\u0142o w wielu j\u0119zykach. Hale Amber Expo po trwaj\u0105cej trzy lata przerwie spowodowanej epidemi\u0105 znowu wype\u0142ni\u0142y si\u0119 wystawcami oferuj\u0105cymi przede wszystkim bi\u017cuteri\u0119 bursztynow\u0105, z\u0142ot\u0105 i srebrn\u0105, jak r\u00f3wnie\u017c kupcami poszukuj\u0105cymi atrakcyjnych nowo\u015bci na sezon wiosenno-letni. Po kilku latach dominacji okaza\u0142ych bia\u0142ych i \u017c\u00f3\u0142tych kamieni bursztynowych w delikatnych oprawach z poz\u0142acanego srebra lub z\u0142ota obecnie umacnia si\u0119 trend na bi\u017cuteri\u0119 unikatow\u0105. Do \u0142ask powr\u00f3ci\u0142o srebro, tak\u017ce w wersji rodowanej.&nbsp;<\/p>\n<blockquote class=\"wp-block-quote\">\n<p>Obecnie klienci poszukuj\u0105 przede wszystkim bi\u017cuterii wyr\u00f3\u017cniaj\u0105cej si\u0119 nowatorskim wzornictwem, unikatowej, ale ju\u017c niekoniecznie z powodu barwy bursztynu. Ten nie musi by\u0107 idealnie czysty jak dotychczas \u2013 tak zwana sklejka czy kora coraz cz\u0119\u015bciej znajduj\u0105 amator\u00f3w. Najwa\u017cniejsza sta\u0142a si\u0119 znowu wyj\u0105tkowo\u015b\u0107 pod wzgl\u0119dem designu \u2013 w tej dziedzinie polscy producenci i tw\u00f3rcy bi\u017cuterii artsytycznej s\u0105 wr\u0119cz bezkonkurencyjni\u201d \u2013 podsumowa\u0142 Mariusz Gliwi\u0144ski z firmy Ambermoda.&nbsp;<\/p>\n<\/blockquote>\n<p>Wystawcy zadbali o r\u00f3\u017cnorodno\u015b\u0107 oferty \u2013 od wzor\u00f3w klasycznych po awangardowe. Bursztyn ba\u0142tycki w jego licznych odmianach barwnych przykuwa\u0142 uwag\u0119 atrakcyjnymi oprawami. Opr\u00f3cz unikat\u00f3w, kt\u00f3rych szczeg\u00f3lnymi fanami s\u0105 niezmiennie klienci z Azji, zainteresowaniem odbiorc\u00f3w \u2013 g\u0142\u00f3wnie z kraj\u00f3w europejskich \u2013 cieszy\u0142y si\u0119 modele o klasycznym wzornictwie i eleganckim, ponadczasowym looku.<\/p>\n<blockquote class=\"wp-block-quote\">\n<p>Cieszymy si\u0119 z powrotu targ\u00f3w AMBERIF SPRING do hal wystawienniczych w Amber Expo po bardzo trudnym dla bran\u017cy bursztynniczej czasie epidemii. Teraz bran\u017ca zdaje si\u0119 odzyskiwa\u0107 form\u0119, o czym \u015bwiadczy liczna obecno\u015b\u0107 wystawc\u00f3w, a przede wszystkim kupc\u00f3w z r\u00f3\u017cnych kraj\u00f3w \u015bwiata. To daje nadziej\u0119 na nowe impulsy do rozwoju w najbli\u017cszej przysz\u0142o\u015bci \u2013 podsumowa\u0142 Ireneusz Glaza z firmy CHILLI Jewellery.<\/p>\n<\/blockquote>\n<p>Niew\u0105tpliwie takim impulsem b\u0119dzie tak\u017ce strategia \u201eGda\u0144sk \u2013 \u015awiatow\u0105 Stolic\u0105 Bursztynu na lata 2023 \u2013 2033\u201d wytyczaj\u0105ca kierunki promocji miasta i bursztynu ba\u0142tyckiego, kt\u00f3ra ma zosta\u0107 og\u0142oszona ju\u017c w najbli\u017cszym czasie. Jak zapewni\u0142 na otwarciu targ\u00f3w Piotr Borawski, wiceprezydent Gda\u0144ska, targi AMBERIF b\u0119d\u0105 jednym z jej znacz\u0105cych element\u00f3w.<\/p>\n<p><strong>AMBEREXPO Centrum Wystawienniczo-Kongresowe, \u017baglowa 11, Gda\u0144sk<\/strong><br \/><strong>22-25.03.2023<\/strong><\/p>\n<p><strong>Bursztynowy Portal amber.com.pl jest patronem medialnym wydarzenia<\/strong><\/p>","protected":false},"excerpt":{"rendered":"<p>Ponad 250 wystawc\u00f3w z 15 kraj\u00f3w \u015bwiata i odwiedzaj\u0105cy z 35 pa\u0144stw \u2013 to najkr\u00f3tsze podsumowanie pierwszego dnia targ\u00f3w AMBERIF SPRING dedykowanych g\u0142\u00f3wnie bi\u017cuterii z\u0142otej, srebrnej i bursztynowej oraz kamieniom jubilerskim.<\/p>","protected":false},"author":4,"featured_media":19500,"comment_status":"closed","ping_status":"closed","sticky":false,"template":"","format":"standard","meta":{"_acf_changed":false,"slim_seo":{"title":"Targi AMBERIF SPRING rozpocz\u0119te - Amber Portal","description":"Ponad 250 wystawc\u00f3w z 15 kraj\u00f3w \u015bwiata i odwiedzaj\u0105cy z 35 pa\u0144stw \u2013 to najkr\u00f3tsze podsumowanie pierwszego dnia targ\u00f3w AMBERIF SPRING dedykowanych g\u0142\u00f3wnie bi\u017cute"},"footnotes":""},"categories":[120],"tags":[],"sekcja":[],"class_list":["post-19501","post","type-post","status-publish","format-standard","has-post-thumbnail","hentry","category-targi"],"acf":[],"_links":{"self":[{"href":"https:\/\/amber.com.pl\/en\/wp-json\/wp\/v2\/posts\/19501","targetHints":{"allow":["GET"]}}],"collection":[{"href":"https:\/\/amber.com.pl\/en\/wp-json\/wp\/v2\/posts"}],"about":[{"href":"https:\/\/amber.com.pl\/en\/wp-json\/wp\/v2\/types\/post"}],"author":[{"embeddable":true,"href":"https:\/\/amber.com.pl\/en\/wp-json\/wp\/v2\/users\/4"}],"replies":[{"embeddable":true,"href":"https:\/\/amber.com.pl\/en\/wp-json\/wp\/v2\/comments?post=19501"}],"version-history":[{"count":0,"href":"https:\/\/amber.com.pl\/en\/wp-json\/wp\/v2\/posts\/19501\/revisions"}],"wp:featuredmedia":[{"embeddable":true,"href":"https:\/\/amber.com.pl\/en\/wp-json\/wp\/v2\/media\/19500"}],"wp:attachment":[{"href":"https:\/\/amber.com.pl\/en\/wp-json\/wp\/v2\/media?parent=19501"}],"wp:term":[{"taxonomy":"category","embeddable":true,"href":"https:\/\/amber.com.pl\/en\/wp-json\/wp\/v2\/categories?post=19501"},{"taxonomy":"post_tag","embeddable":true,"href":"https:\/\/amber.com.pl\/en\/wp-json\/wp\/v2\/tags?post=19501"},{"taxonomy":"sekcja","embeddable":true,"href":"https:\/\/amber.com.pl\/en\/wp-json\/wp\/v2\/sekcja?post=19501"}],"curies":[{"name":"wp","href":"https:\/\/api.w.org\/{rel}","templated":true}]}}