{"id":19480,"date":"2023-03-13T21:53:46","date_gmt":"2023-03-13T20:53:46","guid":{"rendered":"https:\/\/wp.amber.com.pl\/amberif-spring-stawia-na-nowatorski-design\/"},"modified":"2025-12-07T18:45:45","modified_gmt":"2025-12-07T17:45:45","slug":"amberif-spring-stawia-na-nowatorski-design","status":"publish","type":"post","link":"https:\/\/amber.com.pl\/en\/aktualnosci\/amberif-spring-stawia-na-nowatorski-design\/","title":{"rendered":"AMBERIF SPRING stawia na nowatorski design"},"content":{"rendered":"<\/p>\n<p>Po okresie pandemii targi Amberif podj\u0119\u0142y wyzwanie aktywnego odbudowania swojej pozycji jako wiod\u0105cej europejskiej imprezy dla szeroko poj\u0119tej bran\u017cy jubilerskiej poprzez zach\u0119cenie do udzia\u0142u w targach reprezentant\u00f3w wszystkich jej sektor\u00f3w. St\u0105d w\u0142a\u015bnie wi\u0119ksza ni\u017c w poprzednich latach obecno\u015b\u0107 wystawc\u00f3w oferuj\u0105cych bi\u017cuteri\u0119 z\u0142ot\u0105, srebrn\u0105 oraz fashion, jak r\u00f3wnie\u017c poddostawc\u00f3w dla bran\u017cy oraz producent\u00f3w maszyn i narz\u0119dzi. Za\u0142o\u017cony cel pozwol\u0105 osi\u0105gn\u0105\u0107 m.in. nowe projekty adresowane do mi\u0119dzynarodowej spo\u0142eczno\u015bci tw\u00f3rc\u00f3w bi\u017cuterii autorskiej.<\/p>\n<p><strong>START-UP ZONE<\/strong><\/p>\n<blockquote class=\"wp-block-quote\">\n<p>Na rynku bi\u017cuterii wiele jest interesuj\u0105cych projekt\u00f3w i interesuj\u0105cych projektant\u00f3w oraz tw\u00f3rc\u00f3w bi\u017cuterii, kt\u00f3rych pragniemy zach\u0119ci\u0107 do udzia\u0142u w targach Amberif. Mamy dla nich m.in. atrakcyjn\u0105 propozycj\u0119 debiutu w profesjonalnym otoczeniu biznesowym \u2013 wyj\u0105tkow\u0105 okazj\u0119 do wyj\u015bcia ze strefy online, w kt\u00f3rej zazwyczaj dzia\u0142aj\u0105, i nawi\u0105zania kontaktu z odbiorcami B2B \u2013 wyja\u015bni\u0142 prof. S\u0142awomir Fija\u0142kowski, kurator i koordynator programowy targ\u00f3w Amberif.<\/p>\n<\/blockquote>\n<p>Z my\u015bl\u0105 o nich na tegorocznych targach Amberif pojawi si\u0119 po raz pierwszy START-UP ZONE, gdzie debiutanci b\u0119d\u0105 mogli zaprezentowa\u0107 swoj\u0105 ofert\u0119. W sumie b\u0119dzie ich 7 \u2013 tw\u00f3rcy z Polski, Bia\u0142orusi, Litwy i Holandii, kt\u00f3rzy swoimi nowatorskimi pomys\u0142ami o\u017cywi\u0105 dotychczasow\u0105 ofert\u0119 wystawc\u00f3w a by\u0107 mo\u017ce tak\u017ce wska\u017c\u0105 nowe trendy i kierunki rozwoju.<\/p>\n<p>Nowe spojrzenie na bi\u017cuteri\u0119 zaproponuj\u0105 Jola S\u0142oma i Mirek Trymbulak \u2013 projektanci mody zwi\u0105zani z Amberifem od pierwszej edycji. Na 30. edycji wyst\u0105pi\u0105 jednak w charakterze projektant\u00f3w bi\u017cuterii inspirowanej Wenecj\u0105 i powsta\u0142ej we wsp\u00f3\u0142pracy z w\u0142oskimi artystami \u2013 maskarzem Sergio Boldrinim i szlifierzem szk\u0142a Bruno Amandim.<\/p>\n<blockquote class=\"wp-block-quote\">\n<p>Strefa start-up to dla takich os\u00f3b jak my, w\u0142a\u015bciwie zaczynaj\u0105cych przygod\u0119 z bi\u017cuteri\u0105, idealna propozycja \u2013 bezpieczna forma sprawdzenia, czy nasze pomys\u0142y si\u0119 spodobaj\u0105. Wierz\u0119, \u017ce tak, poniewa\u017c bi\u017cuteria od zawsze by\u0142a nasz\u0105 pasj\u0105, kt\u00f3r\u0105 teraz pragniemy realizowa\u0107, przybli\u017caj\u0105c w ten spos\u00f3b \u015bwiat, kt\u00f3ry jest nam bliski \u2013 podkre\u015blaj\u0105 projektanci.<\/p>\n<\/blockquote>\n<p><strong>DESIGN GALLERY<\/strong><\/p>\n<blockquote class=\"wp-block-quote\">\n<p> Galeria Projektant\u00f3w, kt\u00f3ra dzi\u0119ki kreatywnym i zdolnym tw\u00f3rcom zyska\u0142a renom\u0119, ma ogromny potencja\u0142 do wykorzystania. Zale\u017cy nam na jej dalszym rozwoju, nadaniu bardziej mi\u0119dzynarodowego charakteru poprzez zaproszenie znanych tw\u00f3rc\u00f3w o uznanym dorobku artystycznym \u2013 wyja\u015bni\u0142 S\u0142awomir Fija\u0142kowski.<\/p>\n<\/blockquote>\n<p>Towarzysz\u0105ca targom Amberif Galeria Projektant\u00f3w jest miejscem prezentacji premierowych kolekcji unikatowej bi\u017cuterii autorstwa polskich artyst\u00f3w-z\u0142otnik\u00f3w. Bi\u017cuterii, kt\u00f3ra wyr\u00f3\u017cnia si\u0119 niepowtarzalnym stylem, r\u00f3\u017cnorodno\u015bci\u0105 u\u017cytych materia\u0142\u00f3w, bogactwem form oraz nieograniczon\u0105 kreatywno\u015bci\u0105 tw\u00f3rc\u00f3w. Nierzadko powstaj\u0105 ozdoby, kt\u00f3re s\u0105 ma\u0142ymi dzie\u0142ami sztuki, nie trac\u0105c przy tym na funkcjonalno\u015bci. Odwaga tw\u00f3rc\u00f3w w eksperymentowaniu z konwencjonalnymi i niekonwencjonalnymi materia\u0142ami, nieszablonowo\u015b\u0107 rozwi\u0105za\u0144 oraz wierno\u015b\u0107 nowoczesnym formom rokrocznie przyci\u0105gaj\u0105 do Galerii Projektant\u00f3w mi\u0142o\u015bnik\u00f3w bi\u017cuterii artystycznej z ca\u0142ego \u015bwiata.<\/p>\n<blockquote class=\"wp-block-quote\">\n<p>Pomimo szerokich mo\u017cliwo\u015bci promowania swoich prac w social mediach nadal bardzo wa\u017cnym aspektem prowadzenia biznesu jest spotkanie B2B oraz budowanie relacji z klientem na \u017cywo. Ja na debiut wybra\u0142am Galeri\u0119 Projektant\u00f3w na targach Amberif, poniewa\u017c s\u0105 to targi o znakomitej renomie mi\u0119dzynarodowej, daj\u0105ce mo\u017cliwo\u015b\u0107 nie tylko zaprezentowania swoich prac, ale przede wszystkim nawi\u0105zania kontakt\u00f3w czy wsp\u00f3\u0142pracy z klientami z ca\u0142ego \u015bwiata \u2013 podsumowa\u0142a Monika Kalla z firmy Engraving specjalizuj\u0105cej si\u0119 w unikatowych no\u017cach.<\/p>\n<\/blockquote>\n<p><strong>TOP AMBER \u2013 STREFA DESIGNU<\/strong><\/p>\n<p>Wysok\u0105 jako\u015b\u0107 wzornictwa i wykonania b\u0119dzie mo\u017cna znale\u017a\u0107 r\u00f3wnie\u017c w hali A po\u015br\u00f3d tr\u00f3jmiejskich wystawc\u00f3w prezentuj\u0105cych najnowsze kolekcje bi\u017cuterii z bursztynu ba\u0142tyckiego. W specjalnie wydzielonym sektorze pod nazw\u0105 STREFA DESIGNU zlokalizowane zosta\u0142y stoiska wiod\u0105cych producent\u00f3w i projektant\u00f3w, kt\u00f3rzy wyr\u00f3\u017cniaj\u0105 si\u0119 rozpoznawalnym, nowatorskim wzornictwem. Tu mi\u0142o\u015bnicy bi\u017cuterii znajd\u0105 unikaty nierzadko wykonane w pojedynczych egzemplarzach oraz ozdoby, kt\u00f3re na rynku pojawiaj\u0105 si\u0119 w kr\u00f3tkich, limitowanych seriach.&nbsp;<\/p><\/p>","protected":false},"excerpt":{"rendered":"<p>Bi\u017cuteria przyci\u0105ga przede wszystkim dobrym, nowoczesnym wzornictwem. Wiedz\u0105 o tym organizatorzy targ\u00f3w Amberif, kt\u00f3rzy bardziej ni\u017c kiedykolwiek wcze\u015bniej \u201einwestuj\u0105\u201d w \u015bwie\u017cy, nowatorski design. Efekty tych dzia\u0142a\u0144 b\u0119d\u0105 widoczne ju\u017c w czasie najbli\u017cszej 30. edycji targ\u00f3w, kt\u00f3ra odb\u0119dzie si\u0119 w dniach 22-25 marca br.<\/p>","protected":false},"author":4,"featured_media":19474,"comment_status":"closed","ping_status":"closed","sticky":false,"template":"","format":"standard","meta":{"_acf_changed":false,"slim_seo":{"title":"AMBERIF SPRING stawia na nowatorski design - Amber Portal","description":"Bi\u017cuteria przyci\u0105ga przede wszystkim dobrym, nowoczesnym wzornictwem. Wiedz\u0105 o tym organizatorzy targ\u00f3w Amberif, kt\u00f3rzy bardziej ni\u017c kiedykolwiek wcze\u015bniej \u201einw"},"footnotes":""},"categories":[120],"tags":[],"sekcja":[],"class_list":["post-19480","post","type-post","status-publish","format-standard","has-post-thumbnail","hentry","category-targi"],"acf":[],"_links":{"self":[{"href":"https:\/\/amber.com.pl\/en\/wp-json\/wp\/v2\/posts\/19480","targetHints":{"allow":["GET"]}}],"collection":[{"href":"https:\/\/amber.com.pl\/en\/wp-json\/wp\/v2\/posts"}],"about":[{"href":"https:\/\/amber.com.pl\/en\/wp-json\/wp\/v2\/types\/post"}],"author":[{"embeddable":true,"href":"https:\/\/amber.com.pl\/en\/wp-json\/wp\/v2\/users\/4"}],"replies":[{"embeddable":true,"href":"https:\/\/amber.com.pl\/en\/wp-json\/wp\/v2\/comments?post=19480"}],"version-history":[{"count":0,"href":"https:\/\/amber.com.pl\/en\/wp-json\/wp\/v2\/posts\/19480\/revisions"}],"wp:featuredmedia":[{"embeddable":true,"href":"https:\/\/amber.com.pl\/en\/wp-json\/wp\/v2\/media\/19474"}],"wp:attachment":[{"href":"https:\/\/amber.com.pl\/en\/wp-json\/wp\/v2\/media?parent=19480"}],"wp:term":[{"taxonomy":"category","embeddable":true,"href":"https:\/\/amber.com.pl\/en\/wp-json\/wp\/v2\/categories?post=19480"},{"taxonomy":"post_tag","embeddable":true,"href":"https:\/\/amber.com.pl\/en\/wp-json\/wp\/v2\/tags?post=19480"},{"taxonomy":"sekcja","embeddable":true,"href":"https:\/\/amber.com.pl\/en\/wp-json\/wp\/v2\/sekcja?post=19480"}],"curies":[{"name":"wp","href":"https:\/\/api.w.org\/{rel}","templated":true}]}}