{"id":19459,"date":"2023-03-05T21:16:21","date_gmt":"2023-03-05T20:16:21","guid":{"rendered":"https:\/\/wp.amber.com.pl\/amberif-spring-trendy-w-bizuterii-zlotej-i-srebrnej\/"},"modified":"2025-12-07T18:45:45","modified_gmt":"2025-12-07T17:45:45","slug":"amberif-spring-trendy-w-bizuterii-zlotej-i-srebrnej","status":"publish","type":"post","link":"https:\/\/amber.com.pl\/en\/aktualnosci\/amberif-spring-trendy-w-bizuterii-zlotej-i-srebrnej\/","title":{"rendered":"AMBERIF SPRING: Trendy w bi\u017cuterii z\u0142otej i srebrnej"},"content":{"rendered":"<\/p>\n<p><strong>Bi\u017cuteria z\u0142ota niezmiennie w modzie<\/strong><\/p>\n<blockquote class=\"wp-block-quote\">\n<p>Cho\u0107 trendy nie znaj\u0105 granic pa\u0144stwowych, to jednak ka\u017cdy rynek rz\u0105dzi si\u0119 swoimi prawami, na ka\u017cdym producenci i importerzy reaguj\u0105 na oczekiwania lokalnych odbiorc\u00f3w i staraj\u0105 si\u0119 je zaspokaja\u0107 na bie\u017c\u0105co. A te mog\u0105 by\u0107 naprawd\u0119 bardzo r\u00f3\u017cne \u2013 przekonuje Patryk Adamski z firmy Brykon oferuj\u0105cej bi\u017cuteri\u0119 z\u0142ot\u0105 i z diamentami.<\/p>\n<\/blockquote>\n<p>Ta r\u00f3\u017cnorodno\u015b\u0107 oczekiwa\u0144 rynku odzwierciedla si\u0119 w najnowszej ofercie firmy Brykon, w kt\u00f3rej trudno szuka\u0107 dominuj\u0105cych trend\u00f3w czy motyw\u00f3w wzorniczych. Firma stawia na bogaty asortyment bi\u017cuterii w r\u00f3\u017cnych przedzia\u0142ach cenowych, by mo\u017cliwie wielu odbiorc\u00f3w znalaz\u0142o w niej co\u015b dla siebie. Zauwa\u017cy\u0107 mo\u017cna klasyczne, ponadczasowe wzory bransolet, pier\u015bcionk\u00f3w i kolczyk\u00f3w, kt\u00f3re nigdy nie wychodz\u0105 z mody i zawsze b\u0119d\u0105 \u201ena czasie\u201d. Opr\u00f3cz klasyki widoczne s\u0105 tak\u017ce nawi\u0105zania do wsp\u00f3\u0142czesnych trend\u00f3w, jak cho\u0107by wyd\u0142u\u017cone kszta\u0142ty kolczyk\u00f3w czy ogniw \u0142a\u0144cuch\u00f3w w naszyjnikach i bransoletach, obecnie tak lansowanych w modzie.<\/p>\n<blockquote class=\"wp-block-quote\">\n<p>Bogata oferta w r\u00f3\u017cnych przedzia\u0142ach cenowych to nasza strategia na trudne czasy naznaczone odczuwalnymi skutkami wojny w Ukrainie, wysok\u0105 inflacj\u0105 i post\u0119puj\u0105cym zubo\u017ceniem klasy \u015bredniej. Mimo to patrzymy w przysz\u0142o\u015b\u0107 pozytywnie, zak\u0142adaj\u0105c mo\u017cliwo\u015b\u0107 rozwoju w podobnym tempie jak dotychczas oraz kontynuacj\u0119 ekspansji na rynki europejskie. St\u0105d te\u017c nasza obecno\u015b\u0107 na targach AMBERIF SPRING w Gda\u0144sku, kt\u00f3re s\u0105 wa\u017cnym narz\u0119dziem budowania i umacniania marki, podtrzymywania kontakt\u00f3w biznesowych z dotychczasowymi klientami oraz pozyskiwania nowych kontrahent\u00f3w \u2013 wyja\u015bni\u0142 Patryk Adamski.<\/p>\n<\/blockquote>\n<p><strong>Bi\u017cuteria srebrna \u2013 atrakcyjna alternatywa dla z\u0142ota<\/strong><\/p>\n<p>Alternatyw\u0105 dla bi\u017cuterii z\u0142otej \u2013 szczeg\u00f3lnie dla os\u00f3b z mniejsz\u0105 zasobno\u015bci\u0105 portfela i w po\u0142\u0105czeniu z pragnieniem zaspokojenia potrzeby zakupu nowej, modnej bi\u017cuterii \u2013 b\u0119dzie bi\u017cuteria ze srebra. Dzi\u0119ki takim zabiegom jak poz\u0142acanie czy oksydowanie, jak r\u00f3wnie\u017c nieograniczonym mo\u017cliwo\u015bciom \u0142\u0105czenia z kamieniami kolorowymi oferta producent\u00f3w w tym segmencie jest wyj\u0105tkowo bogata.<\/p>\n<blockquote class=\"wp-block-quote\">\n<p>W najnowszej kolekcji bi\u017cuterii srebrnej, kt\u00f3ra jest bardziej r\u00f3\u017cnorodna ni\u017c dotychczas, by zaspokoi\u0107 gusta nawet najbardziej wymagaj\u0105cego odbiorcy, postawili\u015bmy przede wszystkim na \u201eroz\u015bwietlenie\u201d, kt\u00f3re uzyskujemy dzi\u0119ki dodaniu kolor\u00f3w, g\u0142\u00f3wnie dzi\u0119ki z\u0142oceniu \u2013 poinformowa\u0142 Rafa\u0142 Stachurski z firmy Argentum.<\/p>\n<\/blockquote>\n<p>W ofercie firmy dominuje drobna bi\u017cuteria inspirowana aktualnymi trendami mody. Ich odzwierciedleniem s\u0105 m.in. formy przestrzenne dodaj\u0105ce bransoletom czy naszyjnikom rozmiaru, jak r\u00f3wnie\u017c kolczyki ko\u0142a czy ozdoby uszu o wyd\u0142u\u017conych kszta\u0142tach, przyci\u0105gaj\u0105ce uwag\u0119 m.in. dzi\u0119ki u\u017cyciu kamieni kolorowych czy niezmiennie modnych r\u00f3wnie\u017c w tym sezonie pere\u0142.<\/p>\n<p>Jednocze\u015bnie Argentum minimalizuje rozmiary bi\u017cuterii, by uczyni\u0107 j\u0105 mo\u017cliwie dost\u0119pn\u0105 cenowo dla odbiorcy. Z przeprowadzonej przez firm\u0119 analizy rynku bi\u017cuterii srebrnej wynika bowiem m.in., \u017ce kwota wydawana na bi\u017cuteri\u0119 przez klient\u00f3w ostatecznych obni\u017cy\u0142a si\u0119 o ok. 30%, czego efektem jest konieczno\u015b\u0107 dopasowania oferty do ich mo\u017cliwo\u015bci finansowych.<\/p>\n<p><strong>Targi AMBERIF SPRING&nbsp;<\/strong><\/p>\n<p><a href=\"https:\/\/amberif.pl\/\" target=\"_blank\" rel=\"noopener noreferrer nofollow\">AMBERIF SPRING<\/a>&nbsp;to najwi\u0119ksze w Polsce i jedno z najwi\u0119kszych w Europie wydarze\u0144 targowych bran\u017cy jubilerskiej. Odbywa si\u0119 ju\u017c od 30 lat, niezmiennie pozostaj\u0105c miejscem prezentacji najnowszych kolekcji. W tym roku w targach we\u017amie udzia\u0142 200 wystawc\u00f3w z Polski i zagranicy, kt\u00f3rzy \u2013 opr\u00f3cz bi\u017cuterii bursztynowej, z kt\u00f3rej s\u0142ynie region \u2013 zaprezentuj\u0105 tak\u017ce bi\u017cuteri\u0119 ze z\u0142ota i srebra oraz unikatowe kolekcje autorskiej bi\u017cuterii, jak r\u00f3wnie\u017c najnowsz\u0105 ofert\u0119 w zakresie narz\u0119dzi, materia\u0142\u00f3w i wyposa\u017cenia firm produkcyjnych. Dzi\u0119ki tak szerokiej gamie oferowanych wyrob\u00f3w targi AMBERIF SPRING niezmiennie pozostaj\u0105 atrakcyjne dla przedstawicieli wszystkich sektor\u00f3w bran\u017cy jubilerskiej.<\/p>","protected":false},"excerpt":{"rendered":"<p>Klasyczne, ponadczasowe wzory bi\u017cuterii z\u0142otej i srebrnej, kt\u00f3re nigdy nie wychodz\u0105 z mody i zawsze s\u0105 \u201ena czasie\u201d w po\u0142\u0105czeniu z najnowszymi trendami w modzie \u2013 tak wiod\u0105cy producenci i importerzy bi\u017cuterii reaguj\u0105 na potrzeby odbiorc\u00f3w. Taka bi\u017cuteria b\u0119dzie dominowa\u0107 w ich najnowszych kolekcjach na sezon letni, kt\u00f3re swoj\u0105 premier\u0119 b\u0119d\u0105 mia\u0142y na targach AMBERIF SPRING w Gda\u0144sku.<\/p>","protected":false},"author":4,"featured_media":19449,"comment_status":"closed","ping_status":"closed","sticky":false,"template":"","format":"standard","meta":{"_acf_changed":false,"slim_seo":{"title":"AMBERIF SPRING: Trendy w bi\u017cuterii z\u0142otej i srebrnej - Amber Portal","description":"Klasyczne, ponadczasowe wzory bi\u017cuterii z\u0142otej i srebrnej, kt\u00f3re nigdy nie wychodz\u0105 z mody i zawsze s\u0105 \u201ena czasie\u201d w po\u0142\u0105czeniu z najnowszymi trendami w modzie"},"footnotes":""},"categories":[120],"tags":[],"sekcja":[],"class_list":["post-19459","post","type-post","status-publish","format-standard","has-post-thumbnail","hentry","category-targi"],"acf":[],"_links":{"self":[{"href":"https:\/\/amber.com.pl\/en\/wp-json\/wp\/v2\/posts\/19459","targetHints":{"allow":["GET"]}}],"collection":[{"href":"https:\/\/amber.com.pl\/en\/wp-json\/wp\/v2\/posts"}],"about":[{"href":"https:\/\/amber.com.pl\/en\/wp-json\/wp\/v2\/types\/post"}],"author":[{"embeddable":true,"href":"https:\/\/amber.com.pl\/en\/wp-json\/wp\/v2\/users\/4"}],"replies":[{"embeddable":true,"href":"https:\/\/amber.com.pl\/en\/wp-json\/wp\/v2\/comments?post=19459"}],"version-history":[{"count":0,"href":"https:\/\/amber.com.pl\/en\/wp-json\/wp\/v2\/posts\/19459\/revisions"}],"wp:featuredmedia":[{"embeddable":true,"href":"https:\/\/amber.com.pl\/en\/wp-json\/wp\/v2\/media\/19449"}],"wp:attachment":[{"href":"https:\/\/amber.com.pl\/en\/wp-json\/wp\/v2\/media?parent=19459"}],"wp:term":[{"taxonomy":"category","embeddable":true,"href":"https:\/\/amber.com.pl\/en\/wp-json\/wp\/v2\/categories?post=19459"},{"taxonomy":"post_tag","embeddable":true,"href":"https:\/\/amber.com.pl\/en\/wp-json\/wp\/v2\/tags?post=19459"},{"taxonomy":"sekcja","embeddable":true,"href":"https:\/\/amber.com.pl\/en\/wp-json\/wp\/v2\/sekcja?post=19459"}],"curies":[{"name":"wp","href":"https:\/\/api.w.org\/{rel}","templated":true}]}}