{"id":19297,"date":"2022-07-31T20:54:02","date_gmt":"2022-07-31T18:54:02","guid":{"rendered":"https:\/\/wp.amber.com.pl\/jesienna-edycja-amberifu-juz-we-wrzesniu\/"},"modified":"2025-12-08T07:58:37","modified_gmt":"2025-12-08T06:58:37","slug":"jesienna-edycja-amberifu-juz-we-wrzesniu","status":"publish","type":"post","link":"https:\/\/amber.com.pl\/en\/aktualnosci\/jesienna-edycja-amberifu-juz-we-wrzesniu\/","title":{"rendered":"Jesienna edycja Amberifu ju\u017c we wrze\u015bniu"},"content":{"rendered":"<blockquote class=\"wp-block-quote is-layout-flow wp-block-quote-is-layout-flow\">\n<p>Mimo wielu utrudnie\u0144 w podr\u00f3\u017cowaniu oraz wci\u0105\u017c niepewnej sytuacji pandemicznej w Chinach koniunktura wr\u00f3ci\u0142a do Europy, du\u017ce o\u017cywienie widoczne jest tak\u017ce w\u015br\u00f3d polskich w\u0142a\u015bcicieli sklep\u00f3w, salon\u00f3w oraz galerii z\u0142otniczych, st\u0105d du\u017ce oczekiwania, \u017ce jesie\u0144 2022 stanie si\u0119 obiecuj\u0105cym pocz\u0105tkiem powrotu do zwi\u0119kszonej aktywno\u015bci biznesowej \u2013 informuj\u0105 organizatorzy targ\u00f3w Amberif Autumn.<\/p>\n<\/blockquote>\n\n\n\n<p>W\u015br\u00f3d wystawc\u00f3w jesiennej edycji Amberifu znajd\u0105 si\u0119 producenci bi\u017cuterii z bursztynem oraz kamieniami szlachetnymi, bi\u017cuteria z\u0142ota i srebrna, narz\u0119dzia, akcesoria oraz p\u00f3\u0142fabrykaty do produkcji jubilerskiej, specjalistyczny soft-ware i rozwi\u0105zania technologiczne wspomagaj\u0105ce bran\u017c\u0119 z\u0142otnicz\u0105. Zwyczajowo jesienna edycja jest tak\u017ce otwarta dla publiczno\u015bci, wi\u0119c jest to r\u00f3wnie\u017c okazja do dokonania wyj\u0105tkowych zakup\u00f3w, m.in. w Galerii Projektant\u00f3w, gdzie czo\u0142\u00f3wka artyst\u00f3w-z\u0142otnik\u00f3w prezentuje kolekcje unikatowej bi\u017cuterii. Gda\u0144sk jest tak\u017ce miejscem, w kt\u00f3rym krzy\u017cuj\u0105 si\u0119 bursztynowe szlaki.<\/p>\n\n\n\n<p>Odwiedzaj\u0105c Amberif warto r\u00f3wnie\u017c odwiedzi\u0107 Muzeum Bursztynu z wyj\u0105tkow\u0105 kolekcj\u0105 historycznych zabytk\u00f3w bursztynniczego rzemios\u0142a oraz wystawy czasowe wsp\u00f3\u0142czesnych artyst\u00f3w-z\u0142otnik\u00f3w. Wyj\u0105tkowy klimat oferuje ulica Mariacka z umiejscowionymi tutaj warsztatami i galeriami, swoje wystawy i wydarzenia promocyjne przygotowuj\u0105 r\u00f3wnie\u017c liczne organizacje bran\u017cowe.<\/p>\n\n\n\n<blockquote class=\"wp-block-quote is-layout-flow wp-block-quote-is-layout-flow\">\n<p>Bior\u0105c pod uwag\u0119 obecny rytm rejestracji wystawc\u00f3w oraz zainteresowanie kupc\u00f3w, nale\u017cy si\u0119 spodziewa\u0107, \u017ce w tegorocznych targach uczestniczy\u0107 b\u0119dzie ok. 200 wystawc\u00f3w, kt\u00f3rych odwiedzi ponad 2000 go\u015bci bran\u017cowych z ca\u0142ego \u015bwiata. Zapraszamy r\u00f3wnie\u017c do odwiedzenia nowej strony internetowej amberif.pl, na kt\u00f3rej \u2013 obok niezb\u0119dnych informacji dotycz\u0105cych bie\u017c\u0105cej edycji \u2013 dost\u0119pny jest interaktywny katalog bran\u017cowy AMBERIF VIRTUAL SHOWROOM oraz portal wiedzy AMBERIF HIGHLIGHTS, gdzie sukcesywnie udost\u0119pniane b\u0119d\u0105 zasoby archiwalne z 30-letniej ju\u017c historii Amberifu, katalogi wystaw, wyniki konkurs\u00f3w projektowych, multimedia \u2013 zapraszaj\u0105 organizatorzy targ\u00f3w.<\/p>\n<\/blockquote>\n\n\n\n<p><strong>More information:<\/strong>&nbsp;<a href=\"https:\/\/amberif.pl\/\" target=\"_blank\" rel=\"noopener noreferrer nofollow\">AMBERIF AUTUMN<\/a><\/p>","protected":false},"excerpt":{"rendered":"<p>Po ponad dwuletnich covidowych perypetiach targi Amberif nareszcie wracaj\u0105 na swoje sta\u0142e miejsce \u2013 do Centrum Targowo-Konferencyjnego Amber Expo w Gda\u0144sku. Jesienna edycja najwa\u017cniejszego w Polsce wydarzenia wystawienniczego bran\u017cy jubilerskiej odb\u0119dzie si\u0119 w tym roku w dniach 1-3 wrze\u015bnia.<\/p>","protected":false},"author":4,"featured_media":19292,"comment_status":"closed","ping_status":"closed","sticky":false,"template":"","format":"standard","meta":{"_acf_changed":false,"slim_seo":{"title":"Jesienna edycja Amberifu ju\u017c we wrze\u015bniu - Amber Portal","description":"Po ponad dwuletnich covidowych perypetiach targi Amberif nareszcie wracaj\u0105 na swoje sta\u0142e miejsce \u2013 do Centrum Targowo-Konferencyjnego Amber Expo w Gda\u0144sku. Jes"},"footnotes":""},"categories":[120],"tags":[],"sekcja":[],"class_list":["post-19297","post","type-post","status-publish","format-standard","has-post-thumbnail","hentry","category-targi"],"acf":[],"_links":{"self":[{"href":"https:\/\/amber.com.pl\/en\/wp-json\/wp\/v2\/posts\/19297","targetHints":{"allow":["GET"]}}],"collection":[{"href":"https:\/\/amber.com.pl\/en\/wp-json\/wp\/v2\/posts"}],"about":[{"href":"https:\/\/amber.com.pl\/en\/wp-json\/wp\/v2\/types\/post"}],"author":[{"embeddable":true,"href":"https:\/\/amber.com.pl\/en\/wp-json\/wp\/v2\/users\/4"}],"replies":[{"embeddable":true,"href":"https:\/\/amber.com.pl\/en\/wp-json\/wp\/v2\/comments?post=19297"}],"version-history":[{"count":0,"href":"https:\/\/amber.com.pl\/en\/wp-json\/wp\/v2\/posts\/19297\/revisions"}],"wp:featuredmedia":[{"embeddable":true,"href":"https:\/\/amber.com.pl\/en\/wp-json\/wp\/v2\/media\/19292"}],"wp:attachment":[{"href":"https:\/\/amber.com.pl\/en\/wp-json\/wp\/v2\/media?parent=19297"}],"wp:term":[{"taxonomy":"category","embeddable":true,"href":"https:\/\/amber.com.pl\/en\/wp-json\/wp\/v2\/categories?post=19297"},{"taxonomy":"post_tag","embeddable":true,"href":"https:\/\/amber.com.pl\/en\/wp-json\/wp\/v2\/tags?post=19297"},{"taxonomy":"sekcja","embeddable":true,"href":"https:\/\/amber.com.pl\/en\/wp-json\/wp\/v2\/sekcja?post=19297"}],"curies":[{"name":"wp","href":"https:\/\/api.w.org\/{rel}","templated":true}]}}