{"id":19169,"date":"2022-03-18T09:05:12","date_gmt":"2022-03-18T08:05:12","guid":{"rendered":"https:\/\/wp.amber.com.pl\/amberif-2022-juz-w-przyszlym-tygodniu\/"},"modified":"2025-12-07T18:45:47","modified_gmt":"2025-12-07T17:45:47","slug":"amberif-2022-juz-w-przyszlym-tygodniu","status":"publish","type":"post","link":"https:\/\/amber.com.pl\/en\/aktualnosci\/amberif-2022-juz-w-przyszlym-tygodniu\/","title":{"rendered":"AMBERIF SPRING 2022 ju\u017c w przysz\u0142ym tygodniu"},"content":{"rendered":"<p>Wiosenna edycja targ\u00f3w jubilerskich AMBERIF w Gda\u0144sku odb\u0119dzie si\u0119 ju\u017c po raz 29. w go\u015bcinnych progach hali widowiskowo-sportowej Ergo Arena. Pierwsze dwa dni targowe zarezerwowane s\u0105 dla profesjonalist\u00f3w, trzeci dzie\u0144 b\u0119dzie otwarty dla szerokiej publiczno\u015bci, co pozwoli tak\u017ce indywidualnym odbiorcom dokona\u0107 zakup\u00f3w unikatowych obiekt\u00f3w z\u0142otniczych i bursztynniczych. Obecnie zarejestrowanych jest ponad 200 wystawc\u00f3w z 9 kraj\u00f3w (m.in. Polski, Litwy, \u0141otwy, Niemiec, W\u0142och, Wlk. Brytanii, Indii), kt\u00f3rych oferta zostanie zaprezentowana w nast\u0119puj\u0105cych strefach tematycznych:<\/p>\n<ul class=\"wp-block-list\">\n<li><strong>TOP AMBER<\/strong> \u2013 ok. 30 najbardziej renomowanych wystawc\u00f3w z propozycj\u0105 najwy\u017cszej jako\u015bci produkt\u00f3w bursztynniczych<\/li>\n<li><strong>AMBER JEWELLERY<\/strong> \u2013 bogata oferta popularnej bi\u017cuterii z bursztynem wystawc\u00f3w z ca\u0142ego \u015bwiata<\/li>\n<li><strong>GOLD &amp; SILVER<\/strong> \u2013 produkty jubilerskie z metali i kamieni szlachetnych, zegarki, trendy jubilerskie<\/li>\n<li><strong>TECH ZONE<\/strong> \u2013 pe\u0142en asortyment technologii, p\u00f3\u0142fabrykat\u00f3w i us\u0142ug wspieraj\u0105cych produkcj\u0119 jubilersk\u0105<\/li>\n<li><strong>DESIGN GALLERY<\/strong> \u2013 premierowe kolekcje bi\u017cuterii unikatowej, przygotowane przez czo\u0142\u00f3wk\u0119 polskich artyst\u00f3w-z\u0142otnik\u00f3w oraz strefa debiut\u00f3w m\u0142odych projektant\u00f3w bi\u017cuterii autorskiej.<\/li>\n<\/ul>\n<blockquote class=\"wp-block-quote\">\n<p>Tak przekrojowa ekspozycja podkre\u015bla znaczenie targ\u00f3w AMBERIF jako najwi\u0119kszej imprezy wystawienniczej bran\u017cy jubilerskiej w Polsce i wiod\u0105cego w skali \u015bwiata wydarzenia po\u015bwi\u0119conego promocji bursztynu\u201d \u2013 podsumowuje organizator, Mi\u0119dzynarodowe Targi Gda\u0144skie SA.<\/p>\n<\/blockquote>\n<p>Pomimo wci\u0105\u017c utrzymuj\u0105cych si\u0119 w wielu krajach restrykcji pandemicznych organizator spodziewa si\u0119 licznej obecno\u015bci kupc\u00f3w z kraj\u00f3w europejskich oraz przedstawicieli polskich sklep\u00f3w jubilerskich.<\/p>\n<p><strong>Program ramowy targ\u00f3w AMBERIF SPRING<\/strong><\/p>\n<p>Tradycyjnie targom towarzyszy\u0107 b\u0119dzie bogaty program artystyczny i naukowy. Konferencja gemmologiczna zorganizowana przez Stowarzyszenie Rzeczoznawc\u00f3w Jubilerskich, doradztwo biznesowe przygotowane przez Krajow\u0105 Izb\u0119 Gospodarcz\u0105 Bursztynu, Laboratorium Bursztynu prowadzone przez Mi\u0119dzynarodowe Stowarzyszenie Bursztynnik\u00f3w, w kt\u00f3rym mo\u017cna b\u0119dzie podda\u0107 spektrometrycznej analizie zakupione obiekty oraz rozpozna\u0107 ich pochodzenie. Wartym polecenia wydarzeniem jest r\u00f3wnie\u017c ekspozycja Galerii Sztuki w Legnicy prezentuj\u0105ca rezultaty mi\u0119dzynarodowego konkursu bi\u017cuterii artystycznej pt. <a href=\"https:\/\/amber.com.pl\/en\/wyniki-29-miedzynarodowego-konkursu-sztuki-zlotniczej-wciaz-czlowiek\/\">&#8220;Wci\u0105\u017c Cz\u0142owiek?&#8221;<\/a>.<\/p>\n<p>Sta\u0142ym punktem programu ramowego targ\u00f3w Amberif jest wr\u0119czenie nagr\u00f3d w konkursach projektowych. Reprezentuj\u0105cy \u015brodowiska akademickie i instytucje zwi\u0105zane z designem z Holandii, Szwecji, Francji, Japonii i Polski jurorzy dokonali selekcji prac na wystaw\u0119 oraz przyznali nagrody w tegorocznej 26. edycji Amberif Design Award, kt\u00f3rej temat brzmia\u0142&nbsp;<a href=\"https:\/\/amber.com.pl\/en\/amberif-desig-award-2022-rozstrzygniety\/\">\u201eBursztyn jako nagroda\u201d<\/a>. Laureatk\u0105 Grand Prix ufundowanego przez Prezydent Miasta Gda\u0144ska zosta\u0142a mieszkaj\u0105ca w Mediolanie artystka Emma Carrau Bueno, Nagrod\u0119 Srebrn\u0105, kt\u00f3rej sponsorem s\u0105 Mi\u0119dzynarodowe Targi Gda\u0144skie, otrzyma\u0142 Tadeusz Ja\u015bkowiak z Polski, za\u015b Nagrod\u0119 Bursztynow\u0105 ufundowan\u0105 przez Mi\u0119dzynarodowe Stowarzyszenie Bursztynnik\u00f3w \u2013 znany ju\u017c mi\u0142o\u015bnikom bursztynu Alberto Davila z Meksyku (Grand Prix Amberif Design Award 2019).<\/p>\n<p>Drugim \u2013 niemniej wa\u017cnym \u2013 wydarzeniem bran\u017cowym b\u0119dzie rozstrzygni\u0119cie konkursu dla wystawc\u00f3w Amberif Selection. G\u0142\u00f3wn\u0105 nagrod\u0105 jest presti\u017cowa statuetka przyznana przez Ministra Rozwoju i Technologii. Wyr\u00f3\u017cniona praca stanie si\u0119 tak\u017ce globaln\u0105 wizyt\u00f3wk\u0105 reklamow\u0105 wiosennej edycji targ\u00f3w w 2023 r.<\/p>\n<p><strong>Wsp\u00f3\u0142czesny bursztynowy design w Muzeum Bursztynu w Gda\u0144sku&nbsp;<\/strong><\/p>\n<p>Poza aspektem biznesowym Amberif to tak\u017ce miejsce spotka\u0144 o charakterze towarzyskim. Pretekstem do tego rodzaju wydarze\u0144 staj\u0105 si\u0119 wernisa\u017ce wystaw i prezentacje kolekcji bi\u017cuterii artystycznej. Tym razem instytucj\u0105, kt\u00f3ra zaprosi\u0142a targowych go\u015bci do uczestnictwa w wyj\u0105tkowym wieczorze, jest Muzeum Bursztynu \u2013 ponownie otwarte w ubieg\u0142ym roku w nowej lokalizacji, Wielkim M\u0142ynie. Poza mo\u017cliwo\u015bci\u0105 zwiedzenia sta\u0142ej ekspozycji zbior\u00f3w dawnego i wsp\u00f3\u0142czesnego rzemios\u0142a, przyk\u0142ad\u00f3w niezwyk\u0142ych inkluzji i rodzaj\u00f3w bursztynu z ca\u0142ego \u015bwiata Muzeum zaprasza na otwarcie dw\u00f3ch czasowych wystaw: <a href=\"https:\/\/amber.com.pl\/en\/trend-book-2022\/\">Trend Book 2022<\/a> b\u0119d\u0105cej prezentacj\u0105 innowacyjnych prac z ba\u0142tyckim bursztynem autorstwa student\u00f3w wzornictwa gda\u0144skiej ASP oraz zaproszonych artyst\u00f3w i projektant\u00f3w z Polski i Belgii, a tak\u017ce indywidualnej wystawy bi\u017cuterii wyk\u0142adowcy gda\u0144skiej uczelni prof. S\u0142awomira Fija\u0142kowskiego zatytu\u0142owanej \u201eOsiem \u00d3smych\u201d.<\/p>\n<p><strong>AMBERIF SPRING<\/strong><\/p>\n<p><strong>22-23 marca, godz. 10:00-17:00<\/strong><br \/><strong>24 marca, godz. 10:00-16:00 (dzie\u0144 otwarty dla publiczno\u015bci)<\/strong>,<br \/><span style=\"background-color: inherit; color: inherit; font-family: inherit; font-size: 1rem;\">Bilety w cenie 35 z\u0142 lub 50 z\u0142&nbsp;dost\u0119pne online na www.amberif.pl oraz na miejscu<br \/><\/span><strong>ERGO ARENA, Plac Dw\u00f3ch Miast 1, Gda\u0144sk<\/strong><\/p>","protected":false},"excerpt":{"rendered":"<p>Bogata oferta bi\u017cuterii z bursztynem wystawc\u00f3w z ca\u0142ego \u015bwiata, produkty jubilerskie z metali i kamieni szlachetnych, zegarki, trendy jubilerskie oraz premierowe kolekcje bi\u017cuterii unikatowej przygotowane przez czo\u0142\u00f3wk\u0119 polskich artyst\u00f3w-z\u0142otnik\u00f3w oraz strefa debiut\u00f3w m\u0142odych projektant\u00f3w bi\u017cuterii autorskiej \u2013 to zapowied\u017a targ\u00f3w jubilerskich AMBERIF SPRING, kt\u00f3re odb\u0119d\u0105 si\u0119 w dniach 22-24 marca.<\/p>","protected":false},"author":4,"featured_media":19168,"comment_status":"closed","ping_status":"closed","sticky":false,"template":"","format":"standard","meta":{"_acf_changed":false,"slim_seo":{"title":"AMBERIF SPRING 2022 ju\u017c w przysz\u0142ym tygodniu - Amber Portal","description":"Bogata oferta bi\u017cuterii z bursztynem wystawc\u00f3w z ca\u0142ego \u015bwiata, produkty jubilerskie z metali i kamieni szlachetnych, zegarki, trendy jubilerskie oraz premierow"},"footnotes":""},"categories":[120],"tags":[],"sekcja":[],"class_list":["post-19169","post","type-post","status-publish","format-standard","has-post-thumbnail","hentry","category-targi"],"acf":[],"_links":{"self":[{"href":"https:\/\/amber.com.pl\/en\/wp-json\/wp\/v2\/posts\/19169","targetHints":{"allow":["GET"]}}],"collection":[{"href":"https:\/\/amber.com.pl\/en\/wp-json\/wp\/v2\/posts"}],"about":[{"href":"https:\/\/amber.com.pl\/en\/wp-json\/wp\/v2\/types\/post"}],"author":[{"embeddable":true,"href":"https:\/\/amber.com.pl\/en\/wp-json\/wp\/v2\/users\/4"}],"replies":[{"embeddable":true,"href":"https:\/\/amber.com.pl\/en\/wp-json\/wp\/v2\/comments?post=19169"}],"version-history":[{"count":0,"href":"https:\/\/amber.com.pl\/en\/wp-json\/wp\/v2\/posts\/19169\/revisions"}],"wp:featuredmedia":[{"embeddable":true,"href":"https:\/\/amber.com.pl\/en\/wp-json\/wp\/v2\/media\/19168"}],"wp:attachment":[{"href":"https:\/\/amber.com.pl\/en\/wp-json\/wp\/v2\/media?parent=19169"}],"wp:term":[{"taxonomy":"category","embeddable":true,"href":"https:\/\/amber.com.pl\/en\/wp-json\/wp\/v2\/categories?post=19169"},{"taxonomy":"post_tag","embeddable":true,"href":"https:\/\/amber.com.pl\/en\/wp-json\/wp\/v2\/tags?post=19169"},{"taxonomy":"sekcja","embeddable":true,"href":"https:\/\/amber.com.pl\/en\/wp-json\/wp\/v2\/sekcja?post=19169"}],"curies":[{"name":"wp","href":"https:\/\/api.w.org\/{rel}","templated":true}]}}