{"id":19069,"date":"2022-01-04T13:18:44","date_gmt":"2022-01-04T12:18:44","guid":{"rendered":"https:\/\/wp.amber.com.pl\/amberif-spring-2022-z-nowa-data-i-lokalizacja\/"},"modified":"2025-12-07T18:45:48","modified_gmt":"2025-12-07T17:45:48","slug":"amberif-spring-2022-z-nowa-data-i-lokalizacja","status":"publish","type":"post","link":"https:\/\/amber.com.pl\/en\/aktualnosci\/amberif-spring-2022-z-nowa-data-i-lokalizacja\/","title":{"rendered":"AMBERIF SPRING 2022 z now\u0105 dat\u0105 i lokalizacj\u0105"},"content":{"rendered":"<p>Wiosenna edycja Mi\u0119dzynarodowych Targ\u00f3w Bursztynu i Bi\u017cuterii AMBERIF odb\u0119dzie si\u0119 w dniach 22-24 marca 2022. Impreza rozpocznie si\u0119 dzie\u0144 wcze\u015bniej ni\u017c pocz\u0105tkowo planowano i b\u0119dzie trwa\u0142a 3, a nie jak pierwotnie zak\u0142adano 4 dni. Sk\u0105d ta zmiana? Wynika ona z niedost\u0119pno\u015bci hal wystawienniczych na terenach AMBEREXPO gdzie ju\u017c od po\u0142owy stycznia b\u0119dzie funkcjonowa\u0142 szpital tymczasowy, i wywo\u0142anej tym faktem konieczno\u015bci dostosowania si\u0119 do kalendarza wydarze\u0144 w Ergo Arenie, gdzie odb\u0119dzie si\u0119 tegoroczna impreza.<\/p>\n<blockquote class=\"wp-block-quote\">\n<p>Dzi\u015b, po dwuletnim okresie stagnacji, zar\u00f3wno dla organizator\u00f3w, jak i dla uczestnik\u00f3w targ\u00f3w AMBERIF SPRING najwa\u017cniejsze jest zapewnienie wizerunkowej i biznesowej ci\u0105g\u0142o\u015bci imprezy. Wystawcy zdaj\u0105 si\u0119 rozumie\u0107 z\u0142o\u017cono\u015b\u0107 tej sytuacji \u2013 mamy ich akceptacj\u0119 dla naszych dzia\u0142a\u0144, kt\u00f3re omawiamy na bie\u017c\u0105co z Rad\u0105 Konsultant\u00f3w \u2013 poinformowa\u0142a Anna Pilch, menad\u017cerka projektu.<\/p>\n<\/blockquote>\n<p>\u015awiadczy o tym ich du\u017ce zainteresowanie udzia\u0142em w imprezie. Gros wystawc\u00f3w stanowi\u0105 aktualnie producenci wyrob\u00f3w z bursztynem \u2013 g\u0142\u00f3wnie z Polski i Litwy, s\u0105 tak\u017ce wystawcy z W\u0142och czy po raz pierwszy ze Szwecji. Obecnie ok. 70% powierzchni wystawienniczej jest ju\u017c sprzedana.<\/p>\n<blockquote class=\"wp-block-quote\">\n<p>Pami\u0119tajmy, \u017ce Ergo Arena dysponuje mniejsz\u0105 powierzchni\u0105 ni\u017c hale AMBEREXPO. Gwarantujemy jednak miejsce dla wszystkich firm, kt\u00f3re do 16 stycznia podpisz\u0105 umowy na wynajem powierzchni wystawienniczej. Nawet je\u015bli oznacza\u0142oby to konieczno\u015b\u0107 nowego jej podzia\u0142u mi\u0119dzy wszystkich zainteresowanych \u2013 informuje Anna Pilch.<\/p>\n<\/blockquote>\n<p><strong>AMBERIF SPRING 2022 \u2013 stacjonarnie i online<\/strong><\/p>\n<p>Uzupe\u0142nieniem oferty stacjonarnych targ\u00f3w b\u0119dzie Amberif Virtual Showroom \u2013 platforma cyfrowa umo\u017cliwiaj\u0105ca prezentacj\u0119 premierowych kolekcji oraz odbywanie spotka\u0144 matchmakingowych, na kt\u00f3rej w czerwcu ubieg\u0142ego roku spotka\u0142o si\u0119 blisko 200 kupc\u00f3w z 34 kraj\u00f3w oraz 43 wystawc\u00f3w z Polski i Litwy. Funkcja umawiania spotka\u0144 b\u0119dzie aktywna w dniach 22-24 marca, za\u015b katalog produkt\u00f3w i katalog wystawc\u00f3w jest dost\u0119pny przez ca\u0142y rok \u2013 buduj\u0105c zainteresowanie polskim designem, bursztynem oraz ofert\u0105 firm jubilerskich w coraz odleglejszych zak\u0105tkach \u015bwiata.<\/p>\n<blockquote class=\"wp-block-quote\">\n<p>Wsz\u0119dzie tam pr\u00f3bujemy dotrze\u0107 z nasz\u0105 zakrojon\u0105 na mi\u0119dzynarodow\u0105 skal\u0119 kampani\u0105 reklamow\u0105 \u2013 dzi\u0119ki reklamie w Internecie oraz hybrydowej formie tegorocznych targ\u00f3w AMBERIF SPRING mamy nadziej\u0119 pozyska\u0107 zainteresowanie nowych kupc\u00f3w \u2013 m\u00f3wi menad\u017cerka projektu.<\/p>\n<\/blockquote>\n<p><strong>Strefy tematyczne targ\u00f3w AMBERIF SPRING<\/strong><\/p>\n<p>Mi\u0119dzynarodowe Targi Bursztynu i Bi\u017cuterii AMBERIF SPRING s\u0105 najwi\u0119kszym w Polsce i jednym z najwi\u0119kszych w Europie wydarze\u0144 targowych bran\u017cy jubilerskiej oraz najwa\u017cniejszym na \u015bwiecie wydarzeniem dedykowanym promocji bursztynu. W tym roku oferta wystawc\u00f3w b\u0119dzie prezentowana wed\u0142ug stref tematycznych:<\/p>\n<p>\u2022 TOP AMBER \u2013 ok. 30 najbardziej renomowanych wystawc\u00f3w z propozycj\u0105 najwy\u017cszej jako\u015bci produkt\u00f3w bursztynniczych<br \/>\u2022 AMBER JEWELLERY \u2013 bogata oferta popularnej bi\u017cuterii z bursztynem wystawc\u00f3w z ca\u0142ego \u015bwiata<br \/>\u2022 GOLD &amp; SILVER \u2013 produkty jubilerskie z metali i kamieni szlachetnych, zegarki, trendy jubilerskie<br \/>\u2022 TECH ZONE \u2013 pe\u0142en asortyment technologii, p\u00f3\u0142fabrykat\u00f3w i us\u0142ug wspieraj\u0105cych produkcj\u0119 jubilersk\u0105<br \/>\u2022 DESIGN GALLERY \u2013 premierowe kolekcje bi\u017cuterii unikatowej przygotowane przez czo\u0142\u00f3wk\u0119 polskich artyst\u00f3w-z\u0142otnik\u00f3w<br \/>\u2022 START-UP ZONE \u2013 zupe\u0142nie nowa propozycja: mi\u0119dzynarodowa strefa debiut\u00f3w m\u0142odych projektant\u00f3w bi\u017cuterii autorskiej<\/p>\n<p><strong>Zasady bezpiecze\u0144stwa<\/strong><\/p>\n<p>Sytuacja pandemiczna jest na tyle dynamiczna, \u017ce trudno dzi\u015b przewidzie\u0107, jakie zasady bezpiecze\u0144stwa b\u0119d\u0105 obowi\u0105zywa\u0142y w marcu. Anna Pilch deklaruje, \u017ce \u2013 podobnie jak w 2019 roku \u2013 dla wsp\u00f3lnego bezpiecze\u0144stwa organizator wdro\u017cy wszystkie obowi\u0105zuj\u0105ce wytyczne Ministerstwa Rozwoju i Technologii dla organizator\u00f3w targ\u00f3w oraz do\u0142o\u017cy wszelkich stara\u0144, by zadba\u0107 o ochron\u0119 zdrowia wszystkich uczestnik\u00f3w targ\u00f3w. Zar\u00f3wno na halach wystawienniczych, jak i w czasie imprez towarzysz\u0105cych, takich jak spotkania bran\u017cowe, wernisa\u017ce wystaw czy og\u0142oszenie wynik\u00f3w konkurs\u00f3w Amberif Selection oraz Amberif Design Award, z kt\u00f3rych \u2013 na obecn\u0105 chwil\u0119 \u2013 organizator nie chce rezygnowa\u0107.<\/p>\n<p><strong><a href=\"http:\/\/amberif.amberexpo.pl\/title,AMBERIF,pid,10.html\" target=\"_blank\" rel=\"noopener noreferrer nofollow\">Mi\u0119dzynarodowe Targi Bursztynu i Bi\u017cuterii AMBERIF SPRING<\/a><\/strong><br \/><strong>22-24.03.2022 (wtorek-czwartek)<\/strong><br \/><strong>Ergo Arena<\/strong><\/p>","protected":false},"excerpt":{"rendered":"<p>28. edycja targ\u00f3w AMBERIF zaskoczy nas\u2026 zmianami. Dotycz\u0105 one przede wszystkim daty i lokalizacji, po raz pierwszy impreza odb\u0119dzie si\u0119 r\u00f3wnie\u017c w formie hybrydowej. Wiele wskazuje r\u00f3wnie\u017c na to, \u017ce wystawcy zaskocz\u0105 nas\u2026 wyj\u0105tkowymi kolekcjami.&nbsp;<\/p>","protected":false},"author":4,"featured_media":19068,"comment_status":"closed","ping_status":"closed","sticky":false,"template":"","format":"standard","meta":{"_acf_changed":false,"slim_seo":{"title":"AMBERIF SPRING 2022 z now\u0105 dat\u0105 i lokalizacj\u0105 - Amber Portal","description":"28. edycja targ\u00f3w AMBERIF zaskoczy nas\u2026 zmianami. Dotycz\u0105 one przede wszystkim daty i lokalizacji, po raz pierwszy impreza odb\u0119dzie si\u0119 r\u00f3wnie\u017c w formie hybrydo"},"footnotes":""},"categories":[120],"tags":[],"sekcja":[],"class_list":["post-19069","post","type-post","status-publish","format-standard","has-post-thumbnail","hentry","category-targi"],"acf":[],"_links":{"self":[{"href":"https:\/\/amber.com.pl\/en\/wp-json\/wp\/v2\/posts\/19069","targetHints":{"allow":["GET"]}}],"collection":[{"href":"https:\/\/amber.com.pl\/en\/wp-json\/wp\/v2\/posts"}],"about":[{"href":"https:\/\/amber.com.pl\/en\/wp-json\/wp\/v2\/types\/post"}],"author":[{"embeddable":true,"href":"https:\/\/amber.com.pl\/en\/wp-json\/wp\/v2\/users\/4"}],"replies":[{"embeddable":true,"href":"https:\/\/amber.com.pl\/en\/wp-json\/wp\/v2\/comments?post=19069"}],"version-history":[{"count":0,"href":"https:\/\/amber.com.pl\/en\/wp-json\/wp\/v2\/posts\/19069\/revisions"}],"wp:featuredmedia":[{"embeddable":true,"href":"https:\/\/amber.com.pl\/en\/wp-json\/wp\/v2\/media\/19068"}],"wp:attachment":[{"href":"https:\/\/amber.com.pl\/en\/wp-json\/wp\/v2\/media?parent=19069"}],"wp:term":[{"taxonomy":"category","embeddable":true,"href":"https:\/\/amber.com.pl\/en\/wp-json\/wp\/v2\/categories?post=19069"},{"taxonomy":"post_tag","embeddable":true,"href":"https:\/\/amber.com.pl\/en\/wp-json\/wp\/v2\/tags?post=19069"},{"taxonomy":"sekcja","embeddable":true,"href":"https:\/\/amber.com.pl\/en\/wp-json\/wp\/v2\/sekcja?post=19069"}],"curies":[{"name":"wp","href":"https:\/\/api.w.org\/{rel}","templated":true}]}}