{"id":18720,"date":"2021-04-02T19:33:32","date_gmt":"2021-04-02T17:33:32","guid":{"rendered":"https:\/\/wp.amber.com.pl\/amberif-virtual-showroom-czy-nowa-formula-targow-amberif\/"},"modified":"2025-12-07T18:45:51","modified_gmt":"2025-12-07T17:45:51","slug":"amberif-virtual-showroom-czy-nowa-formula-targow-amberif","status":"publish","type":"post","link":"https:\/\/amber.com.pl\/en\/aktualnosci\/amberif-virtual-showroom-czy-nowa-formula-targow-amberif\/","title":{"rendered":"AMBERIF VIRTUAL SHOWROOM, czy nowa formu\u0142a targ\u00f3w Amberif"},"content":{"rendered":"<p>Targi Amberif to kolejna impreza wystawiennicza dla bran\u017cy jubilerskiej, kt\u00f3ra przenosi si\u0119 do Internetu, dostosowuj\u0105c si\u0119 w ten spos\u00f3b do panuj\u0105cych ogranicze\u0144. W efekcie poszukiwania nowych, skutecznych mo\u017cliwo\u015bci prezentacji i sprzeda\u017cy produkt\u00f3w oraz wymiany pomys\u0142\u00f3w i informacji narodzi\u0142a si\u0119 koncepcja AMBERIF VIRTUAL SHOWROOM. Pod t\u0105 nazw\u0105 kryj\u0105 si\u0119 targi online oraz multifunkcjonalna platforma cyfrowa umo\u017cliwiaj\u0105ca podtrzymywanie aktywno\u015bci biznesowej w sieci: nawi\u0105zywanie nowych kontakt\u00f3w handlowych, prezentowanie premierowych kolekcji, przeprowadzanie aukcji, przyjmowanie zam\u00f3wie\u0144, realizacja spotka\u0144 w formule matchmakingu oraz sprzeda\u017c produkt\u00f3w i us\u0142ug.<\/p>\n<p>Opr\u00f3cz rozwi\u0105za\u0144 handlowych i transakcyjnych \u2013 po\u0142\u0105czonych w kompleksowy modu\u0142 e-commerce \u2013 AMBERIF VIRTUAL SHOWROOM zawiera\u0107 b\u0119dzie r\u00f3wnie\u017c ekspercki portal wiedzy o designie, trendach marketingowych, wydarzeniach artystycznych i naukowych zwi\u0105zanych z bursztynnictwem i z\u0142otnictwem, prezentacje sylwetek autor\u00f3w oraz ich dokona\u0144, wyniki konkurs\u00f3w projektowych, wystaw i pokaz\u00f3w mody. Przy jego pomocy mo\u017cliwa b\u0119dzie r\u00f3wnie\u017c organizacja profesjonalnych konferencji, sympozj\u00f3w, kurs\u00f3w, szkole\u0144, wyk\u0142ad\u00f3w i prezentacji w najwy\u017cszym standardzie audiowizualnym.<br \/>\u201eAMBERIF VIRTUAL SHOWROOM, czyli targi i platforma cyfrowa, ma szans\u0119 sta\u0107 si\u0119 wa\u017cnym narz\u0119dziem wspomagaj\u0105cym tradycyjne kontakty handlowe nie tylko w pandemicznym roku 2021, ale tak\u017ce jako hybrydowe uzupe\u0142nienie tradycyjnych targ\u00f3w w najbli\u017cszej przysz\u0142o\u015bci oraz interaktywny katalog wystawc\u00f3w pozwalaj\u0105cy odnale\u017a\u0107 kontrahent\u00f3w przez ca\u0142y rok\u201d \u2013 przekonuj\u0105 organizatorzy. I dodaj\u0105: \u201eWierzymy, \u017ce jesienna edycja targ\u00f3w Amberif odb\u0119dzie si\u0119 w tradycyjnej formule w Gda\u0144sku \u2013 miejscu, w kt\u00f3rym niezwyk\u0142a energia \u2018s\u0142onecznego kamienia\u2019 pozwala odzyska\u0107 optymizm\u201d.<\/p>\n<p><strong>AMBERIF VIRTUAL SHOWROOM<\/strong><br \/><strong>24-26.06.2021 <\/strong><br \/><strong>ONLINE<\/strong><br \/><a href=\"\/en\/Covid%20nie%20odpuszcza,%20organizatorzy%20targ\u00f3w%20Amberif%20r\u00f3wnie\u017c%20nie%20daj\u0105%20za%20wygran\u0105%20i%20poszukuj\u0105%20rozwi\u0105za\u0144,%20kt\u00f3re%20setkom%20polskich%20bursztynnik\u00f3w%20da\u0142yby%20nadziej\u0119%20na%20powr\u00f3t%20do%20handlu.%20Po%20odwo\u0142aniu%20kwietniowej%20daty%20imprezy%20podejmuj\u0105%20kolejn\u0105%20pr\u00f3b\u0119%20\u2013%20tym%20razem%20niezagro\u017con\u0105%20wirusem,%20bo%20zaplanowan\u0105%20ca\u0142kowicie%20online.%20%20Targi%20Amberif%20to%20kolejna%20impreza%20wystawiennicza%20dla%20bran\u017cy%20jubilerskiej,%20kt\u00f3ra%20przenosi%20si\u0119%20do%20Internetu,%20dostosowuj\u0105c%20si\u0119%20w%20ten%20spos\u00f3b%20do%20panuj\u0105cych%20ogranicze\u0144.%20W%20efekcie%20poszukiwania%20nowych,%20skutecznych%20mo\u017cliwo\u015bci%20prezentacji%20i%20sprzeda\u017cy%20produkt\u00f3w%20oraz%20wymiany%20%20pomys\u0142\u00f3w%20i%20informacji%20narodzi\u0142a%20si\u0119%20koncepcja%20AMBERIF%20VIRTUAL%20SHOWROOM.%20Pod%20t\u0105%20nazw\u0105%20kryj\u0105%20si\u0119%20targi%20online%20oraz%20multifunkcjonalna%20platforma%20cyfrowa%20umo\u017cliwiaj\u0105ca%20podtrzymywanie%20aktywno\u015bci%20biznesowej%20w%20sieci:%20nawi\u0105zywanie%20nowych%20kontakt\u00f3w%20handlowych,%20prezentowanie%20premierowych%20kolekcji,%20przeprowadzanie%20aukcji,%20przyjmowanie%20zam\u00f3wie\u0144,%20realizacja%20spotka\u0144%20w%20formule%20matchmakingu%20oraz%20sprzeda\u017c%20produkt\u00f3w%20i%20us\u0142ug.%20%20%20Opr\u00f3cz%20rozwi\u0105za\u0144%20handlowych%20i%20transakcyjnych%20\u2013%20po\u0142\u0105czonych%20w%20kompleksowy%20modu\u0142%20e-commerce%20\u2013%20AMBERIF%20VIRTUAL%20SHOWROOM%20zawiera\u0107%20b\u0119dzie%20r\u00f3wnie\u017c%20ekspercki%20portal%20wiedzy%20o%20designie,%20trendach%20marketingowych,%20wydarzeniach%20artystycznych%20i%20naukowych%20zwi\u0105zanych%20z%20bursztynnictwem%20i%20z\u0142otnictwem,%20prezentacje%20sylwetek%20autor\u00f3w%20oraz%20ich%20dokona\u0144,%20wyniki%20konkurs\u00f3w%20projektowych,%20wystaw%20i%20pokaz\u00f3w%20mody.%20Przy%20jego%20pomocy%20mo\u017cliwa%20b\u0119dzie%20r\u00f3wnie\u017c%20organizacja%20profesjonalnych%20konferencji,%20sympozj\u00f3w,%20kurs\u00f3w,%20szkole\u0144,%20wyk\u0142ad\u00f3w%20i%20prezentacji%20w%20najwy\u017cszym%20standardzie%20audiowizualnym.%20\u201eAMBERIF%20VIRTUAL%20SHOWROOM,%20czyli%20targi%20i%20platforma%20cyfrowa,%20ma%20szans\u0119%20sta\u0107%20si\u0119%20wa\u017cnym%20narz\u0119dziem%20wspomagaj\u0105cym%20tradycyjne%20kontakty%20handlowe%20nie%20tylko%20w%20pandemicznym%20roku%202021,%20ale%20tak\u017ce%20jako%20hybrydowe%20uzupe\u0142nienie%20tradycyjnych%20targ\u00f3w%20w%20najbli\u017cszej%20przysz\u0142o\u015bci%20oraz%20interaktywny%20katalog%20wystawc\u00f3w%20pozwalaj\u0105cy%20odnale\u017a\u0107%20kontrahent\u00f3w%20przez%20ca\u0142y%20rok\u201d%20\u2013%20przekonuj\u0105%20organizatorzy.%20I%20dodaj\u0105:%20\u201eWierzymy,%20\u017ce%20jesienna%20edycja%20targ\u00f3w%20Amberif%20odb\u0119dzie%20si\u0119%20w%20tradycyjnej%20formule%20w%20Gda\u0144sku%20\u2013%20miejscu,%20w%20kt\u00f3rym%20niezwyk\u0142a%20energia%20\u2018s\u0142onecznego%20kamienia\u2019%20pozwala%20odzyska\u0107%20optymizm\u201d.%20%20AMBERIF%20VIRTUAL%20SHOWROOM%2024-26.06.2021%20%20ONLINE%20www.amberif.pl\/\">www.amberif.pl<\/a><\/p>","protected":false},"excerpt":{"rendered":"<p>Covid nie odpuszcza, organizatorzy targ\u00f3w Amberif r\u00f3wnie\u017c nie daj\u0105 za wygran\u0105 i poszukuj\u0105 rozwi\u0105za\u0144, kt\u00f3re setkom polskich bursztynnik\u00f3w da\u0142yby nadziej\u0119 na powr\u00f3t do handlu. Po odwo\u0142aniu kwietniowej daty imprezy podejmuj\u0105 kolejn\u0105 pr\u00f3b\u0119 \u2013 tym razem niezagro\u017con\u0105 wirusem, bo zaplanowan\u0105 ca\u0142kowicie online.<\/p>","protected":false},"author":4,"featured_media":18719,"comment_status":"closed","ping_status":"closed","sticky":false,"template":"","format":"standard","meta":{"_acf_changed":false,"slim_seo":{"title":"AMBERIF VIRTUAL SHOWROOM, czy nowa formu\u0142a targ\u00f3w Amberif - Amber Portal","description":"Covid nie odpuszcza, organizatorzy targ\u00f3w Amberif r\u00f3wnie\u017c nie daj\u0105 za wygran\u0105 i poszukuj\u0105 rozwi\u0105za\u0144, kt\u00f3re setkom polskich bursztynnik\u00f3w da\u0142yby nadziej\u0119 na powr"},"footnotes":""},"categories":[120],"tags":[],"sekcja":[],"class_list":["post-18720","post","type-post","status-publish","format-standard","has-post-thumbnail","hentry","category-targi"],"acf":[],"_links":{"self":[{"href":"https:\/\/amber.com.pl\/en\/wp-json\/wp\/v2\/posts\/18720","targetHints":{"allow":["GET"]}}],"collection":[{"href":"https:\/\/amber.com.pl\/en\/wp-json\/wp\/v2\/posts"}],"about":[{"href":"https:\/\/amber.com.pl\/en\/wp-json\/wp\/v2\/types\/post"}],"author":[{"embeddable":true,"href":"https:\/\/amber.com.pl\/en\/wp-json\/wp\/v2\/users\/4"}],"replies":[{"embeddable":true,"href":"https:\/\/amber.com.pl\/en\/wp-json\/wp\/v2\/comments?post=18720"}],"version-history":[{"count":0,"href":"https:\/\/amber.com.pl\/en\/wp-json\/wp\/v2\/posts\/18720\/revisions"}],"wp:featuredmedia":[{"embeddable":true,"href":"https:\/\/amber.com.pl\/en\/wp-json\/wp\/v2\/media\/18719"}],"wp:attachment":[{"href":"https:\/\/amber.com.pl\/en\/wp-json\/wp\/v2\/media?parent=18720"}],"wp:term":[{"taxonomy":"category","embeddable":true,"href":"https:\/\/amber.com.pl\/en\/wp-json\/wp\/v2\/categories?post=18720"},{"taxonomy":"post_tag","embeddable":true,"href":"https:\/\/amber.com.pl\/en\/wp-json\/wp\/v2\/tags?post=18720"},{"taxonomy":"sekcja","embeddable":true,"href":"https:\/\/amber.com.pl\/en\/wp-json\/wp\/v2\/sekcja?post=18720"}],"curies":[{"name":"wp","href":"https:\/\/api.w.org\/{rel}","templated":true}]}}