{"id":18017,"date":"2019-08-24T14:48:02","date_gmt":"2019-08-24T12:48:02","guid":{"rendered":"https:\/\/wp.amber.com.pl\/ambermart-zaprasza-na-premiere-jesiennych-kolekcji\/"},"modified":"2025-12-07T18:45:57","modified_gmt":"2025-12-07T17:45:57","slug":"ambermart-zaprasza-na-premiere-jesiennych-kolekcji","status":"publish","type":"post","link":"https:\/\/amber.com.pl\/en\/aktualnosci\/ambermart-zaprasza-na-premiere-jesiennych-kolekcji\/","title":{"rendered":"AMBERMART zaprasza na premier\u0119 jesiennych kolekcji"},"content":{"rendered":"<p>Nowoczesna bi\u017cuteria z bursztynem o ponadczasowym wzornictwie \u2013 taki w\u0142a\u015bnie kierunek rozwoju wytyczy\u0142o sobie wielu ze 190 wystawc\u00f3w, kt\u00f3rzy wezm\u0105 udzia\u0142 w 20. edycji Mi\u0119dzynarodowych Targ\u00f3w Bursztynu i Bi\u017cuterii AMBERMART. Od momentu odczuwalnego spadku zainteresowania polskimi wyrobami z bursztynem w Pa\u0144stwie \u015arodka i w efekcie stabilizowania si\u0119 cen na ni\u017cszym poziomie bran\u017ca bursztynnicza ma nadziej\u0119 na powr\u00f3t klient\u00f3w z tradycyjnych rynk\u00f3w zbytu, g\u0142\u00f3wnie Europy i USA. Wiele wskazuje na to, \u017ce prze\u0142om w czekaniu w\u0142a\u015bnie powoli nast\u0119puje: \u201eRynek bursztynu jest zupe\u0142nie nieprzewidywalny, wi\u0119c trudno odgadn\u0105\u0107 nawet najbli\u017csz\u0105 przysz\u0142o\u015b\u0107. Miejmy nadziej\u0119, \u017ce odczuwalny trend wzrostowy zam\u00f3wie\u0144 z kraj\u00f3w europejskich i USA b\u0119dzie si\u0119 w przysz\u0142o\u015bci umacnia\u0142. Mnie najbardziej cieszy fakt, \u017ce nast\u0105pi\u0142 widoczny odwr\u00f3t od wzornictwa dedykowanego rynkom azjatyckim na rzecz europejskiego i polskiego, w kt\u00f3rym jeste\u015bmy niedo\u015bcignieni, i kt\u00f3re powinni\u015bmy jako najlepsz\u0105 wizyt\u00f3wk\u0119 bran\u017cy na \u015bwiecie\u201d \u2013 twierdzi Aleksander Gliwi\u0144ski, tw\u00f3rca bi\u017cuterii unikatowej.<\/p>\n<p>Zwrot w kierunku klasycznej i nowoczesnej stylistyki inspirowanej europejskim DNA wzornictwa z pewno\u015bci\u0105 korzystnie wp\u0142ynie na r\u00f3\u017cnorodno\u015b\u0107 wyboru bi\u017cuterii z bursztynem. \u201eSpodziewamy si\u0119, \u017ce odzew odbiorc\u00f3w, kupc\u00f3w i kolekcjoner\u00f3w z Europy pomo\u017ce odbudowa\u0107 zainteresowanie wsp\u00f3\u0142czesnym designem i wska\u017ce kierunek ewolucji bran\u017cy atrakcyjny r\u00f3wnie\u017c dla klient\u00f3w w Chinach, kt\u00f3rzy po okresie intensywnych zakup\u00f3w popularnych w buddyjskiej tradycji wzor\u00f3w i motyw\u00f3w dekoracyjnych oraz okre\u015blonego sortu bursztynowego surowca ponownie zwr\u00f3c\u0105 uwag\u0119 na ofert\u0119 firm i projektant\u00f3w odwo\u0142uj\u0105cych si\u0119 do mi\u0119dzynarodowego stylu\u201d \u2013 zapowiada prof. S\u0142awomir Fija\u0142kowski, wyk\u0142adowca na Akademii Sztuk Pi\u0119knych w Gda\u0144sku i kurator targ\u00f3w AMBERMART. Zdaniem Ewy Racho\u0144, dyrektora targ\u00f3w AMBERMART, wystawcy s\u0105 bardzo dobrze przygotowani na spotkania z kupcami, a nowoczesne wzornictwo ich bi\u017cuterii inspirowanej aktualnymi trendami znajdzie zwolennik\u00f3w w wielu krajach.<\/p>\n<p>Jakiej bi\u017cuterii mo\u017cemy si\u0119 wi\u0119c spodziewa\u0107? Wykonanej przy u\u017cyciu nowoczesnych technologii, zgodnej z aktualnymi trendami w modzie i bi\u017cuterii, ale te\u017c b\u0119d\u0105cej wyrazem emocji autora i jego wyczucia pi\u0119kna. Wsp\u00f3\u0142czesnej w charakterze i lekkiej w formie. \u0141\u0105cz\u0105cej bursztyn ju\u017c nie tylko z \u201etradycyjnym\u201d srebrem, ale i ze z\u0142otem, diamentami i innymi materia\u0142ami szlachetnymi, jak r\u00f3wnie\u017c z ca\u0142\u0105 gam\u0105 element\u00f3w nieszlachetnych, takich jak plexi czy drewno. Ale przede wszystkim atrakcyjnie zakomponowanej i ciekawej wizualnie.<\/p>\n<p><strong>AMBERMART 2019 <\/strong><br \/><strong>29-31 sierpnia 2019<\/strong><br \/><strong>AMBEREXPO Centrum Wystawienniczo-Kongresowe, Gda\u0144sk <\/strong><br \/><strong>www.ambermart.pl<\/strong><\/p>","protected":false},"excerpt":{"rendered":"<p>Od czasu spadku zainteresowania polskimi wyrobami z bursztynu ba\u0142tyckiego w Chinach producenci d\u0142ugo nie mogli si\u0119 zdecydowa\u0107, czyje oczekiwania wzornicze chc\u0105 teraz zaspokaja\u0107. Ostatecznie uznali, \u017ce warto postawi\u0107 na dobrej jako\u015bci ponadczasow\u0105 bi\u017cuteri\u0119 \u2013 i tak\u0105 b\u0119d\u0105 oferowa\u0107 na najbli\u017cszej edycji targ\u00f3w AMBERMART.<\/p>","protected":false},"author":4,"featured_media":18016,"comment_status":"closed","ping_status":"closed","sticky":false,"template":"","format":"standard","meta":{"_acf_changed":false,"slim_seo":{"title":"AMBERMART zaprasza na premier\u0119 jesiennych kolekcji - Amber Portal","description":"Od czasu spadku zainteresowania polskimi wyrobami z bursztynu ba\u0142tyckiego w Chinach producenci d\u0142ugo nie mogli si\u0119 zdecydowa\u0107, czyje oczekiwania wzornicze chc\u0105"},"footnotes":""},"categories":[120],"tags":[],"sekcja":[],"class_list":["post-18017","post","type-post","status-publish","format-standard","has-post-thumbnail","hentry","category-targi"],"acf":[],"_links":{"self":[{"href":"https:\/\/amber.com.pl\/en\/wp-json\/wp\/v2\/posts\/18017","targetHints":{"allow":["GET"]}}],"collection":[{"href":"https:\/\/amber.com.pl\/en\/wp-json\/wp\/v2\/posts"}],"about":[{"href":"https:\/\/amber.com.pl\/en\/wp-json\/wp\/v2\/types\/post"}],"author":[{"embeddable":true,"href":"https:\/\/amber.com.pl\/en\/wp-json\/wp\/v2\/users\/4"}],"replies":[{"embeddable":true,"href":"https:\/\/amber.com.pl\/en\/wp-json\/wp\/v2\/comments?post=18017"}],"version-history":[{"count":0,"href":"https:\/\/amber.com.pl\/en\/wp-json\/wp\/v2\/posts\/18017\/revisions"}],"wp:featuredmedia":[{"embeddable":true,"href":"https:\/\/amber.com.pl\/en\/wp-json\/wp\/v2\/media\/18016"}],"wp:attachment":[{"href":"https:\/\/amber.com.pl\/en\/wp-json\/wp\/v2\/media?parent=18017"}],"wp:term":[{"taxonomy":"category","embeddable":true,"href":"https:\/\/amber.com.pl\/en\/wp-json\/wp\/v2\/categories?post=18017"},{"taxonomy":"post_tag","embeddable":true,"href":"https:\/\/amber.com.pl\/en\/wp-json\/wp\/v2\/tags?post=18017"},{"taxonomy":"sekcja","embeddable":true,"href":"https:\/\/amber.com.pl\/en\/wp-json\/wp\/v2\/sekcja?post=18017"}],"curies":[{"name":"wp","href":"https:\/\/api.w.org\/{rel}","templated":true}]}}