{"id":16209,"date":"2013-02-18T16:46:35","date_gmt":"2013-02-18T15:46:35","guid":{"rendered":"https:\/\/wp.amber.com.pl\/nowe-kolekcje-sa-na-targach-inhorgenta\/"},"modified":"2025-12-07T18:46:29","modified_gmt":"2025-12-07T17:46:29","slug":"nowe-kolekcje-sa-na-targach-inhorgenta","status":"publish","type":"post","link":"https:\/\/amber.com.pl\/en\/aktualnosci\/nowe-kolekcje-sa-na-targach-inhorgenta\/","title":{"rendered":"Nowe kolekcje S&#038;A na targach Inhorgenta"},"content":{"rendered":"<p> \u201e<i>S&amp;A ju\u017c od 20 lat z powodzeniem zaspokaja potrzeby odbiorc\u00f3w na ca\u0142ym \u015bwiecie w dziedzinie nowoczesnego designu bi\u017cuterii bursztynowej. Nadszed\u0142 czas, by pomy\u015ble\u0107 r\u00f3wnie\u017c o tych klientach, kt\u00f3rzy specjalizuj\u0105 si\u0119 w sprzeda\u017cy produkt\u00f3w wykonanych&nbsp;z innych&nbsp;materia\u0142\u00f3w<\/i>\u201d \u2013 m\u00f3wi prezes sp\u00f3\u0142ki Adam Pstr\u0105gowski. I dodaje: \u201e<i>Po analizie trend\u00f3w rynku i potrzeb konsument\u00f3w w nowym sezonie wprowadzamy innowacyjne linie produktowe oparte na zaskakuj\u0105cych rozwi\u0105zaniach technologicznych i niespotykanych, autorskich surowcach. Jeste\u015bmy przekonani, \u017ce spotkaj\u0105 si\u0119 z uznaniem kobiet z r\u00f3\u017cnych zak\u0105tk\u00f3w \u015bwiata<\/i>\u201d. Nowe wzory S&amp;A s\u0105 odwa\u017cne, a przy tym zachowuj\u0105 elegancj\u0119 linii, z kt\u00f3rej firma s\u0142ynie. S\u0105 dedykowane nowoczesnej, dynamicznej kobiecie, kt\u00f3ra w ka\u017cdej sytuacji stara si\u0119 podkre\u015bli\u0107 sw\u00f3j indywidualizm.<\/p>\n<p><b>Nowe kolekcje S&amp;A b\u0119dzie mo\u017cna ogl\u0105da\u0107 na targach Inhorgenta Munich (stoisko 127 w hali B, w dniach 22-25.02.2013) oraz na targach Amberif w Gda\u0144sku (stoisko A 306, hala A, w dniach 20-23.03.2013). <\/b><\/p>","protected":false},"excerpt":{"rendered":"<p>S&amp;A, najwi\u0119kszy w Polsce producent bi\u017cuterii, kojarzony jest przede wszystkim z nowoczesnym wzornictwem bi\u017cuterii bursztynowej. Tymczasem na targach Inhorgenta Munich firma zaprezentuje nowe kolekcje bez bursztynu. Sk\u0105d taka zmiana?&nbsp;<\/p>","protected":false},"author":4,"featured_media":16208,"comment_status":"closed","ping_status":"closed","sticky":false,"template":"","format":"standard","meta":{"_acf_changed":false,"slim_seo":{"title":"Nowe kolekcje S&A na targach Inhorgenta - Amber Portal","description":"S&amp;A, najwi\u0119kszy w Polsce producent bi\u017cuterii, kojarzony jest przede wszystkim z nowoczesnym wzornictwem bi\u017cuterii bursztynowej. Tymczasem na targach Inhorge"},"footnotes":""},"categories":[120],"tags":[],"sekcja":[],"class_list":["post-16209","post","type-post","status-publish","format-standard","has-post-thumbnail","hentry","category-targi"],"acf":[],"_links":{"self":[{"href":"https:\/\/amber.com.pl\/en\/wp-json\/wp\/v2\/posts\/16209","targetHints":{"allow":["GET"]}}],"collection":[{"href":"https:\/\/amber.com.pl\/en\/wp-json\/wp\/v2\/posts"}],"about":[{"href":"https:\/\/amber.com.pl\/en\/wp-json\/wp\/v2\/types\/post"}],"author":[{"embeddable":true,"href":"https:\/\/amber.com.pl\/en\/wp-json\/wp\/v2\/users\/4"}],"replies":[{"embeddable":true,"href":"https:\/\/amber.com.pl\/en\/wp-json\/wp\/v2\/comments?post=16209"}],"version-history":[{"count":0,"href":"https:\/\/amber.com.pl\/en\/wp-json\/wp\/v2\/posts\/16209\/revisions"}],"wp:featuredmedia":[{"embeddable":true,"href":"https:\/\/amber.com.pl\/en\/wp-json\/wp\/v2\/media\/16208"}],"wp:attachment":[{"href":"https:\/\/amber.com.pl\/en\/wp-json\/wp\/v2\/media?parent=16209"}],"wp:term":[{"taxonomy":"category","embeddable":true,"href":"https:\/\/amber.com.pl\/en\/wp-json\/wp\/v2\/categories?post=16209"},{"taxonomy":"post_tag","embeddable":true,"href":"https:\/\/amber.com.pl\/en\/wp-json\/wp\/v2\/tags?post=16209"},{"taxonomy":"sekcja","embeddable":true,"href":"https:\/\/amber.com.pl\/en\/wp-json\/wp\/v2\/sekcja?post=16209"}],"curies":[{"name":"wp","href":"https:\/\/api.w.org\/{rel}","templated":true}]}}