{"id":16207,"date":"2013-02-18T15:42:56","date_gmt":"2013-02-18T14:42:56","guid":{"rendered":"https:\/\/wp.amber.com.pl\/amber-trip-po-raz-10\/"},"modified":"2025-12-07T18:46:29","modified_gmt":"2025-12-07T17:46:29","slug":"amber-trip-po-raz-10","status":"publish","type":"post","link":"https:\/\/amber.com.pl\/en\/aktualnosci\/amber-trip-po-raz-10\/","title":{"rendered":"Amber Trip po raz 10."},"content":{"rendered":"<p> Organizatorzy Mi\u0119dzynarodowych Targ\u00f3w Ba\u0142tyckiej Bi\u017cuterii Amber Trip stawiaj\u0105 sobie za cel popularyzacj\u0119 bursztynu oraz budowanie \u201eBi\u017cuteryjnych most\u00f3w\u201d pomi\u0119dzy wschodni\u0105 a zachodni\u0105 Europ\u0105. Uczestnicz\u0105 w nich firmy z Litwy, Polski, Turcji, Rosji, \u0141otwy, Estonii, Ukrainy, Grecji, W\u0142och, Belgii, Czech, Niemiec, Indii i innych kraj\u00f3w. Ubieg\u0142oroczna edycja zosta\u0142a uznana za wyj\u0105tkowo dobr\u0105, co zdaniem organizator\u00f3w odzwierciedla zainteresowanie i znaczenie bi\u017cuteri\u0105. Zw\u0142aszcza t\u0105 bursztynow\u0105, kt\u00f3ra stanowi po\u0142ow\u0119 wyrob\u00f3w jubilerskich prezentowanych przez niespe\u0142na setk\u0119 wystawc\u00f3w. Na pozosta\u0142\u0105 po\u0142ow\u0119 sk\u0142adaj\u0105 si\u0119 wyroby ze srebra, z\u0142ota i kamieni szlachetnych oraz jubilerskich. Na targach oferowane s\u0105 r\u00f3wnie\u017c narz\u0119dzia i maszyny oraz akcesoria jubilerskie. <\/p>\n<p> Targom Amber Trip od pocz\u0105tku istnienia towarzyszy mi\u0119dzynarodowy konkurs jubilerski, kt\u00f3ry w tym roku odb\u0119dzie si\u0119 pod has\u0142em \u201eNumer 10. Victoria\u201d. Jego celem jest prezentacja i promocja najlepszych osi\u0105gni\u0119\u0107 wsp\u00f3\u0142czesnej sztuki bi\u017cuteryjnej oraz zach\u0119canie artyst\u00f3w do ekspresji w\u0142a\u015bnie poprzez bi\u017cuteri\u0119. W programie ramowym znajd\u0105 si\u0119 tak\u017ce wyk\u0142ady na temat bursztynu, diament\u00f3w oraz aktualnej sytuacji rynkowej w r\u00f3\u017cnych krajach. <\/p>\n<p> <b>X Mi\u0119dzynarodowe Targi Ba\u0142tyckiej Bi\u017cuterii Amber Trip<br \/><\/b><strong>13 \u2013 16 marca 2013, Wilno\/Litwa<a target=\"_blank\" href=\"http:\/\/www.ambertrip.com\" rel=\"noopener noreferrer nofollow\"><br \/>www.ambertrip.com<\/a><\/strong><\/p>","protected":false},"excerpt":{"rendered":"<p>Za spraw\u0105 targ\u00f3w Amber Trip Wilno pretenduje do miana Stolicy Ba\u0142tyckiej Bi\u017cuterii. Litewska stolica ma sta\u0107 si\u0119 ni\u0105 ju\u017c po raz 10. w pierwszy wiosenny weekend marca.<\/p>","protected":false},"author":4,"featured_media":16206,"comment_status":"closed","ping_status":"closed","sticky":false,"template":"","format":"standard","meta":{"_acf_changed":false,"slim_seo":{"title":"Amber Trip po raz 10. - Amber Portal","description":"Za spraw\u0105 targ\u00f3w Amber Trip Wilno pretenduje do miana Stolicy Ba\u0142tyckiej Bi\u017cuterii. Litewska stolica ma sta\u0107 si\u0119 ni\u0105 ju\u017c po raz 10. w pierwszy wiosenny weekend"},"footnotes":""},"categories":[120],"tags":[],"sekcja":[],"class_list":["post-16207","post","type-post","status-publish","format-standard","has-post-thumbnail","hentry","category-targi"],"acf":[],"_links":{"self":[{"href":"https:\/\/amber.com.pl\/en\/wp-json\/wp\/v2\/posts\/16207","targetHints":{"allow":["GET"]}}],"collection":[{"href":"https:\/\/amber.com.pl\/en\/wp-json\/wp\/v2\/posts"}],"about":[{"href":"https:\/\/amber.com.pl\/en\/wp-json\/wp\/v2\/types\/post"}],"author":[{"embeddable":true,"href":"https:\/\/amber.com.pl\/en\/wp-json\/wp\/v2\/users\/4"}],"replies":[{"embeddable":true,"href":"https:\/\/amber.com.pl\/en\/wp-json\/wp\/v2\/comments?post=16207"}],"version-history":[{"count":0,"href":"https:\/\/amber.com.pl\/en\/wp-json\/wp\/v2\/posts\/16207\/revisions"}],"wp:featuredmedia":[{"embeddable":true,"href":"https:\/\/amber.com.pl\/en\/wp-json\/wp\/v2\/media\/16206"}],"wp:attachment":[{"href":"https:\/\/amber.com.pl\/en\/wp-json\/wp\/v2\/media?parent=16207"}],"wp:term":[{"taxonomy":"category","embeddable":true,"href":"https:\/\/amber.com.pl\/en\/wp-json\/wp\/v2\/categories?post=16207"},{"taxonomy":"post_tag","embeddable":true,"href":"https:\/\/amber.com.pl\/en\/wp-json\/wp\/v2\/tags?post=16207"},{"taxonomy":"sekcja","embeddable":true,"href":"https:\/\/amber.com.pl\/en\/wp-json\/wp\/v2\/sekcja?post=16207"}],"curies":[{"name":"wp","href":"https:\/\/api.w.org\/{rel}","templated":true}]}}