{"id":16195,"date":"2013-02-11T17:17:18","date_gmt":"2013-02-11T16:17:18","guid":{"rendered":"https:\/\/wp.amber.com.pl\/amberif-doroczne-swieto-bursztynu\/"},"modified":"2025-12-07T18:46:29","modified_gmt":"2025-12-07T17:46:29","slug":"amberif-doroczne-swieto-bursztynu","status":"publish","type":"post","link":"https:\/\/amber.com.pl\/en\/aktualnosci\/amberif-doroczne-swieto-bursztynu\/","title":{"rendered":"Amberif \u2013 doroczne \u015bwi\u0119to bursztynu"},"content":{"rendered":"<p><strong>450 wystawc\u00f3w, kilka tysi\u0119cy odwiedzaj\u0105cych z ca\u0142ego \u015bwiata, najnowsze trendy w dziedzinie bi\u017cuterii bursztynowej, srebrnej i z\u0142otej oraz Gala Mody i Bursztynu w ca\u0142kiem nowym wydaniu \u2013 to tylko cz\u0119\u015b\u0107 atrakcji, jakie czekaj\u0105 na uczestnik\u00f3w jubileuszowej, 20. edycji targ\u00f3w Amberif w Gda\u0144sku.<\/strong> <\/p>\n<p> Mi\u0119dzynarodowe Targi Bursztynu, Bi\u017cuterii i Kamieni Jubilerskich Amberif nieprzypadkowo odbywaj\u0105 si\u0119 w Gda\u0144sku, bowiem i samo miasto, i region pomorski, maj\u0105 najbogatsze tradycje w obr\u00f3bce tego uznawanego za typowo polski kamienia. Tak te\u017c jest do dzi\u015b: w licznych \u2013 mniejszych i wi\u0119kszych &nbsp;pracowniach i firmach \u2013 wytwarzana jest bi\u017cuteria i przedmioty u\u017cytkowe z bursztynu, kt\u00f3re znajduj\u0105 nabywc\u00f3w na ca\u0142ym \u015bwiecie, przyczyniaj\u0105c si\u0119 do budowania pozytywnego wizerunku \u201epolskiego bursztynu\u201d oraz \u201epolskiego designu\u201d. \u201eTen wsp\u00f3\u0142czesny wizerunek bursztynu dalece odbiega od tego, co z nim powszechnie i niestety stereotypowo kojarzymy. Dzi\u015b przys\u0142owiowe korale babci s\u0105 coraz cz\u0119\u015bciej i skuteczniej wypierane przez lekkie wzornictwo inspirowane aktualnymi trendami mody, a producenci korzystaj\u0105 z wiedzy i do\u015bwiadczenia profesjonalnych projektant\u00f3w. Trzeba odwagi i wyobra\u017ani, \u017ceby wyst\u0105pi\u0107 w niekt\u00f3rych z nich\u201d \u2013 m\u00f3wi Ewa Racho\u0144, kierownik projektu Amberif. Z kreatywno\u015bci\u0105 designer\u00f3w wsp\u00f3\u0142graj\u0105 r\u00f3wnie\u017c trendy: trendsetterzy zapowiadaj\u0105 bowiem powr\u00f3t do tego, co naturalne, pierwotne i ekologiczne. \u201eBursztyn spe\u0142nia wszystkie te warunki, wi\u0119c jest nadzieja, \u017ce r\u00f3wnie\u017c i Polki dostrzeg\u0105 to, co fascynuje ludzi z r\u00f3\u017cnych odleg\u0142ych stron \u015bwiata\u201d \u2013 dodaje Ewa Racho\u0144. Jej nadzieje potwierdza Karolina Liszka, manager sieci Boruni: \u201eKlientki poszukuj\u0105 przede wszystkim oryginalnej, ciekawej wzorniczo bi\u017cuterii, a ta z bursztynem w ostatnich latach widocznie zmieni\u0142a swoje oblicze. Polki r\u00f3wnie\u017c to dostrzeg\u0142y\u201d. <\/p>\n<p> Targi Amberif to jedyne targi na \u015bwiecie po\u015bwi\u0119cone przede wszystkim bursztynowi. Podczas gdy w pierwszej ich edycji wzi\u0119\u0142o udzia\u0142 49 wystawc\u00f3w, w tym roku b\u0119dzie ich niespe\u0142na 10 razy wi\u0119cej. Liczba wystawc\u00f3w i odwiedzaj\u0105cych utrzymuje si\u0119 przez ostatnie lata na zbli\u017conym poziomie mimo kryzysu, kt\u00f3ry bardzo mocno dotyka bran\u017c\u0119 bursztynnicz\u0105: \u201eObecnie firmy maj\u0105 utrudnione warunki rozwoju: dobrej jako\u015bci surowiec jest trudno dost\u0119pny, a jego ceny wzros\u0142y w ostatnich latach o kilkaset procent, za\u0142ama\u0142y si\u0119 dotychczasowe rynki zbytu, firmy zamykaj\u0105 si\u0119 lub szukaj\u0105 innych pomys\u0142\u00f3w na dalsz\u0105 dzia\u0142alno\u015b\u0107. Bursztyn przesta\u0142 by\u0107 ju\u017c tani\u0105 pami\u0105tk\u0105, teraz \u2013 g\u0142\u00f3wnie z racji ceny, unikatowo\u015bci materia\u0142u i nowoczesnego wzornictwa \u2013 nie bez powodu pretenduje do \u015bredniego i wy\u017cszego segmentu cenowego\u201d \u2013 wyja\u015bnia Micha\u0142 Kosior, wiceprezes <a href=\"https:\/\/amber.com.pl\/en\/miedzynarodowe-stowarzyszenie-bursztynnikow\/\">Mi\u0119dzynarodowego Stowarzyszenia Bursztynnik\u00f3w<\/a>. Te wszystkie czynniki bardzo silnie wp\u0142ywaj\u0105 na dynamik\u0119 zmian na rynku wyrob\u00f3w z bursztynem, a producenci za wszelk\u0105 cen\u0119 staraj\u0105 si\u0119 nad\u0105\u017cy\u0107 za potrzebami odbiorc\u00f3w. Ich najpowa\u017cniejsz\u0105 grup\u0119 stanowi\u0105 obecnie Chi\u0144czycy, k\u0142ad\u0105cy nacisk przede wszystkim na naturalne kamienie, nowoczesne oprawy oraz wysok\u0105 jako\u015b\u0107 i atrakcyjno\u015b\u0107 wyrob\u00f3w. <\/p>\n<p> \u201eTegoroczne targi Amberif b\u0119d\u0105 bardzo specjalne \u2013 i to z wielu powod\u00f3w\u201d \u2013 zapowiada Ewa Racho\u0144. W\u015br\u00f3d tych powod\u00f3w wymienia dzia\u0142ania finansowane z ministerialnego projektu promocji bran\u017cy jubilerskiej i bursztynniczej: Mi\u0119dzynarodowe Sympozjum Badaczy Bursztynu dla pond 100 os\u00f3b, Gal\u0119 Mody i Bursztynu po raz pierwszy pod dyrekcj\u0105 artystyczn\u0105 znanego projektanta mody Micha\u0142a Starosta, oraz dwie misje: zagranicznych dziennikarzy i kupc\u00f3w z kraj\u00f3w arabskich. Z perspektywy wystawc\u00f3w i kupc\u00f3w bardzo wa\u017cny jest te\u017c fakt, \u017ce Amberif po raz pierwszy odb\u0119dzie si\u0119 w nowym centrum wystawienniczym Amber Expo zlokalizowanym w s\u0105siedztwie bursztynowej Amber Areny. \u201eJestem przekonana, \u017ce targi wraz z wydarzeniami towarzysz\u0105cymi dostarcz\u0105 licznych nowych impuls\u00f3w do dalszego rozwoju bran\u017cy bursztynniczej\u201d \u2013 m\u00f3wi kierownik projektu Amberif. <\/p>\n<p> Mi\u0119dzynarodowe Targi Bursztynu, Bi\u017cuterii i Kamieni Jubilerskich Amberif odb\u0119d\u0105 si\u0119 w dniach 20-23 marca 2013 w nowym centrum wystawienniczym Amber Expo w Gda\u0144sku. Opr\u00f3cz dominuj\u0105cych tam wyrob\u00f3w z bursztynem prezentowane b\u0119d\u0105 tak\u017ce: bi\u017cuteria srebrna i z\u0142ota, kamienie szlachetne i jubilerskie, akcesoria, zegarki oraz maszyny i narz\u0119dzia dla przemys\u0142u jubilerskiego. Targi s\u0105 zamkni\u0119te dla publiczno\u015bci niefachowej (otwarte dla niej s\u0105 targi Ambermart: 29 &#8211; 31.08.2013). &nbsp;<\/p>\n<p> <b>20. Mi\u0119dzynarodowe Targi Bursztynu, Bi\u017cuterii i Kamieni Jubilerskich AMBERIF 2013<\/b><br \/><strong>20\u201323 marca 2013<\/strong><br \/><strong> czynne: 20\u201322 marca, godz. 10\u201318; 23 marca, godz. 10\u201317<\/strong><br \/><strong>miejsce: Amber Expo | ul. \u017baglowa 11, Gda\u0144sk<\/strong><\/p>","protected":false},"excerpt":{"rendered":"<p>450 wystawc\u00f3w, kilka tysi\u0119cy odwiedzaj\u0105cych z ca\u0142ego \u015bwiata, najnowsze trendy w dziedzinie bi\u017cuterii bursztynowej, srebrnej i z\u0142otej oraz Gala Mody i Bursztynu w ca\u0142kiem nowym wydaniu \u2013 to tylko cz\u0119\u015b\u0107 atrakcji, jakie czekaj\u0105 na uczestnik\u00f3w 20. edycji targ\u00f3w Amberif w Gda\u0144sku.<\/p>","protected":false},"author":4,"featured_media":16194,"comment_status":"closed","ping_status":"closed","sticky":false,"template":"","format":"standard","meta":{"_acf_changed":false,"slim_seo":{"title":"Amberif \u2013 doroczne \u015bwi\u0119to bursztynu - Amber Portal","description":"450 wystawc\u00f3w, kilka tysi\u0119cy odwiedzaj\u0105cych z ca\u0142ego \u015bwiata, najnowsze trendy w dziedzinie bi\u017cuterii bursztynowej, srebrnej i z\u0142otej oraz Gala Mody i Bursztynu"},"footnotes":""},"categories":[120],"tags":[],"sekcja":[],"class_list":["post-16195","post","type-post","status-publish","format-standard","has-post-thumbnail","hentry","category-targi"],"acf":[],"_links":{"self":[{"href":"https:\/\/amber.com.pl\/en\/wp-json\/wp\/v2\/posts\/16195","targetHints":{"allow":["GET"]}}],"collection":[{"href":"https:\/\/amber.com.pl\/en\/wp-json\/wp\/v2\/posts"}],"about":[{"href":"https:\/\/amber.com.pl\/en\/wp-json\/wp\/v2\/types\/post"}],"author":[{"embeddable":true,"href":"https:\/\/amber.com.pl\/en\/wp-json\/wp\/v2\/users\/4"}],"replies":[{"embeddable":true,"href":"https:\/\/amber.com.pl\/en\/wp-json\/wp\/v2\/comments?post=16195"}],"version-history":[{"count":0,"href":"https:\/\/amber.com.pl\/en\/wp-json\/wp\/v2\/posts\/16195\/revisions"}],"wp:featuredmedia":[{"embeddable":true,"href":"https:\/\/amber.com.pl\/en\/wp-json\/wp\/v2\/media\/16194"}],"wp:attachment":[{"href":"https:\/\/amber.com.pl\/en\/wp-json\/wp\/v2\/media?parent=16195"}],"wp:term":[{"taxonomy":"category","embeddable":true,"href":"https:\/\/amber.com.pl\/en\/wp-json\/wp\/v2\/categories?post=16195"},{"taxonomy":"post_tag","embeddable":true,"href":"https:\/\/amber.com.pl\/en\/wp-json\/wp\/v2\/tags?post=16195"},{"taxonomy":"sekcja","embeddable":true,"href":"https:\/\/amber.com.pl\/en\/wp-json\/wp\/v2\/sekcja?post=16195"}],"curies":[{"name":"wp","href":"https:\/\/api.w.org\/{rel}","templated":true}]}}