{"id":16180,"date":"2013-01-25T12:52:00","date_gmt":"2013-01-25T11:52:00","guid":{"rendered":"https:\/\/wp.amber.com.pl\/polski-design-na-targach-inhorgenta\/"},"modified":"2025-12-07T18:46:30","modified_gmt":"2025-12-07T17:46:30","slug":"polski-design-na-targach-inhorgenta","status":"publish","type":"post","link":"https:\/\/amber.com.pl\/en\/aktualnosci\/polski-design-na-targach-inhorgenta\/","title":{"rendered":"Polski design na targach Inhorgenta"},"content":{"rendered":"<p> Jeszcze 10 lat temu na monachijskich targach w\u015br\u00f3d wystawc\u00f3w z Polski spotka\u0107 mo\u017cna by\u0142o prawie wy\u0142\u0105cznie firmy oferuj\u0105ce bi\u017cuteri\u0119 srebrn\u0105 z bursztynem. Obecnie struktura wystawc\u00f3w uleg\u0142a bardzo du\u017cym przeobra\u017ceniom. Nadal jeste\u015bmy reprezentowani w hali po\u015bwi\u0119conej bi\u017cuterii bursztynowej, ale r\u00f3wnie wa\u017cnym dla Polak\u00f3w segmentem okaza\u0142a si\u0119 bi\u017cuteria srebrna, ze szczeg\u00f3lnym uwzgl\u0119dnieniem bi\u017cuterii designerskiej, w kt\u00f3rej produkcji jeste\u015bmy w Monachium uznawani za lider\u00f3w. Potwierdza to r\u00f3wnie\u017c liczba firm \/ projektant\u00f3w wystawiaj\u0105cych si\u0119 w presti\u017cowej hali C2 nazywanej Design Hall i uznawanej za najlepsz\u0105 na \u015bwiecie platform\u0119 biznesow\u0105 do prezentacji bi\u017cuterii designerskiej.<\/p>\n<p> W 2013 roku w tej hali pojawi si\u0119 a\u017c 20 polskich firm oferuj\u0105cych niepowtarzalne i ciesz\u0105ce si\u0119 uznaniem na ca\u0142ym \u015bwiecie wzornictwo, a w\u015br\u00f3d nich tak znane nazwiska jak <a href=\"https:\/\/amber.com.pl\/en\/inhorgenta-jest-kluczem-do-wszystkiego-rozmowa-z-marcinem-zaremskim\/\">Marcin Zaremski<\/a> or <a href=\"https:\/\/amber.com.pl\/en\/komercja-jest-wszedzie-rozmowa-z-arkiem-wolskim\/\">Arek Wolski<\/a>. Ponownie zobaczymy w tej hali r\u00f3wnie\u017c bursztyn w unikalnym wydaniu oferowany przez firm\u0119<a href=\"https:\/\/amber.com.pl\/en\/its-no-problem-to-talk-to-wojciech-kalandyk-and-maciej-rozenberg-from-art7\/\"> Art7<\/a>. Najbardziej jednak cieszy fakt, \u017ce tradycja zapocz\u0105tkowana przez uznanych projektant\u00f3w jest kontynuowana przez m\u0142ode pokolenia: w\u015br\u00f3d 20 polskich firm prezentuj\u0105cych swoj\u0105 bi\u017cuteri\u0119 w hali C2 a\u017c po\u0142ow\u0119 stanowi\u0105 m\u0142odzi, zdolni i ambitni projektanci pr\u00f3buj\u0105cy swoich si\u0142 w rozmaitych platformach, za po\u015brednictwem kt\u00f3rych targi Inhorgenta Munich pr\u00f3buj\u0105 wesprze\u0107 ich w drodze na rynek mi\u0119dzynarodowy. Jedn\u0105 z nich jest Forum Innowacje \u2013 przeznaczone dla m\u0142odych projektant\u00f3w, kt\u00f3rzy nie d\u0142u\u017cej ni\u017c 4 lata funkcjonuj\u0105 na rynkach lokalnych \u2013 gdzie swoje prace poka\u017c\u0105 Sebastian Buchwic, Karolina Bik i <a href=\"https:\/\/amber.com.pl\/en\/marta-wlodarska\/\">Marta W\u0142odarska<\/a> (Amberwood). Ciekaw\u0105 platform\u0105 hali C2, kt\u00f3ra z za\u0142o\u017cenia ma by\u0107 \u201etrampolin\u0105\u201d u\u0142atwiaj\u0105c\u0105 start w \u017cyciu zawodowym m\u0142odym adeptom sztuki z\u0142otniczej ko\u0144cz\u0105cym szko\u0142y jubilerskie, jest Brand New-New Brand, gdzie w tym roku zobaczymy a\u017c 5 absolwentek rodzimych uczelni.<\/p>\n<p>Targi Inhorgenta Munich to od wielu lat najwa\u017cniejsza impreza targowa dla polskich firm zwi\u0105zanych z bran\u017c\u0105 jubilersk\u0105. Z roku na rok zwi\u0119ksza si\u0119 liczba wystawc\u00f3w z Polski. W 2013 b\u0119dzie ich w sumie 40 (dla por\u00f3wnania w roku 2012 by\u0142o 35 wystawc\u00f3w z Polski). Liczba ta jest symboliczna, poniewa\u017c w 2013 roku impreza obchodzi r\u00f3wnie\u017c sw\u00f3j 40 jubileusz. <\/p>\n<p> <strong>Inhorgenta Munich<\/strong><br \/><strong> 22-25.02.2013<\/strong> <br \/> <a href=\"http:\/\/www.inhorgenta.com\" target=\"_blank\" rel=\"noopener noreferrer nofollow\">www.inhorgenta.com<\/a><\/p>","protected":false},"excerpt":{"rendered":"<p>Targi Inhorgenta Munich to od wielu lat najwa\u017cniejsza impreza targowa dla polskich tw\u00f3rc\u00f3w bi\u017cuterii \u2013 zar\u00f3wno tych uznanych, jak i pocz\u0105tkuj\u0105cych. A\u017c 20 z nich b\u0119dzie prezentowa\u0142o swoje prace w s\u0142ynnej ju\u017c designerskiej hali C2.&nbsp;<\/p>","protected":false},"author":4,"featured_media":16179,"comment_status":"closed","ping_status":"closed","sticky":false,"template":"","format":"standard","meta":{"_acf_changed":false,"slim_seo":{"title":"Polski design na targach Inhorgenta - Amber Portal","description":"Targi Inhorgenta Munich to od wielu lat najwa\u017cniejsza impreza targowa dla polskich tw\u00f3rc\u00f3w bi\u017cuterii \u2013 zar\u00f3wno tych uznanych, jak i pocz\u0105tkuj\u0105cych. A\u017c 20 z nich"},"footnotes":""},"categories":[120],"tags":[],"sekcja":[],"class_list":["post-16180","post","type-post","status-publish","format-standard","has-post-thumbnail","hentry","category-targi"],"acf":[],"_links":{"self":[{"href":"https:\/\/amber.com.pl\/en\/wp-json\/wp\/v2\/posts\/16180","targetHints":{"allow":["GET"]}}],"collection":[{"href":"https:\/\/amber.com.pl\/en\/wp-json\/wp\/v2\/posts"}],"about":[{"href":"https:\/\/amber.com.pl\/en\/wp-json\/wp\/v2\/types\/post"}],"author":[{"embeddable":true,"href":"https:\/\/amber.com.pl\/en\/wp-json\/wp\/v2\/users\/4"}],"replies":[{"embeddable":true,"href":"https:\/\/amber.com.pl\/en\/wp-json\/wp\/v2\/comments?post=16180"}],"version-history":[{"count":0,"href":"https:\/\/amber.com.pl\/en\/wp-json\/wp\/v2\/posts\/16180\/revisions"}],"wp:featuredmedia":[{"embeddable":true,"href":"https:\/\/amber.com.pl\/en\/wp-json\/wp\/v2\/media\/16179"}],"wp:attachment":[{"href":"https:\/\/amber.com.pl\/en\/wp-json\/wp\/v2\/media?parent=16180"}],"wp:term":[{"taxonomy":"category","embeddable":true,"href":"https:\/\/amber.com.pl\/en\/wp-json\/wp\/v2\/categories?post=16180"},{"taxonomy":"post_tag","embeddable":true,"href":"https:\/\/amber.com.pl\/en\/wp-json\/wp\/v2\/tags?post=16180"},{"taxonomy":"sekcja","embeddable":true,"href":"https:\/\/amber.com.pl\/en\/wp-json\/wp\/v2\/sekcja?post=16180"}],"curies":[{"name":"wp","href":"https:\/\/api.w.org\/{rel}","templated":true}]}}