{"id":15989,"date":"2012-08-29T19:40:55","date_gmt":"2012-08-29T17:40:55","guid":{"rendered":"https:\/\/wp.amber.com.pl\/tendence-umiarkowane-a-nawet-dobre\/"},"modified":"2025-12-07T18:46:35","modified_gmt":"2025-12-07T17:46:35","slug":"tendence-umiarkowane-a-nawet-dobre","status":"publish","type":"post","link":"https:\/\/amber.com.pl\/en\/aktualnosci\/tendence-umiarkowane-a-nawet-dobre\/","title":{"rendered":"Tendence \u2013 umiarkowane, a nawet dobre"},"content":{"rendered":"<p> Cho\u0107 najwi\u0119ksz\u0105 frekwencj\u0105 ciesz\u0105 si\u0119 niezmiennie od lat monachijskie targi inhorgenta, to polskie firmy pr\u00f3buj\u0105 szcz\u0119\u015bcia tak\u017ce na innych imprezach wystawienniczych. Arek Wolski, kt\u00f3ry we Frankfurcie prezentowa\u0142 swoje dokonania po raz pierwszy, nie kry\u0142 zadowolenia: \u201eNawi\u0105za\u0142em kontakty z galeriami z Niemiec i Holandii, kilka moich prac zosta\u0142o zakupionych do Muzeum Sztuki Nowoczesnej w Nowym Jorku \u2013 wprawdzie nie na ekspozycj\u0119, tylko do sklepu muzealnego, ale i tak mnie to bardzo cieszy\u201d. <\/p>\n<p> Pierwszy raz \u2013 po d\u0142u\u017cszej przerwie z powodu nieatrakcyjnego w poprzednich latach terminu targ\u00f3w \u2013 pojawi\u0142a si\u0119 tak\u017ce gda\u0144ska firma Eva Stone, kt\u00f3ra prezentowa\u0142a kolekcj\u0119 bi\u017cuterii srebrnej z kamieniami. \u201eJeste\u015bmy naprawd\u0119 zadowoleni, chocia\u017c nastroje generalnie nie by\u0142y najlepsze a sama impreza nieco podupad\u0142a\u201d \u2013 m\u00f3wi Ewa Szyszko. Firma jest obecna na niemieckim rynku od wielu lat, konsekwentnie buduj\u0105c swoj\u0105 mark\u0119. \u201eOp\u0142aci\u0142o si\u0119, mamy ju\u017c wyrobion\u0105 mark\u0119, Niemcom podoba si\u0119 nasza bi\u017cuteria\u201d \u2013 dodaje. Ale nie tylko im, bo w\u015br\u00f3d nowych, zdobytych na Tendence klient\u00f3w, by\u0142y galerie r\u00f3wnie\u017c z Belgii i Holandii. <\/p>\n<p> \u201eBy\u0142y ju\u017c na Tendence i fajerwerki, i katastrofy. Tegoroczne targi by\u0142y w normie\u201d \u2013 podsumowuje Marcin Zaremski. Cho\u0107 \u2013 jak sam przyznaje \u2013 jak na dzisiejsze czasy to naprawd\u0119 ca\u0142kiem nie\u017ale. We Frankfurcie projektant prezentowa\u0142 now\u0105 kolekcj\u0119 w charakterystycznych dla niego geometrycznych formach. <\/p>\n<p> Tegoroczne targi d\u00f3br konsumpcyjnych Tendence &nbsp;w ci\u0105gu 5 dni odwiedzi\u0142o 46&nbsp;000 fachowych kupc\u00f3w z 91 kraj\u00f3w. Zapoznali si\u0119 oni z ofert\u0105 1&nbsp;852 wystawc\u00f3w z 66 kraj\u00f3w.<\/p>","protected":false},"excerpt":{"rendered":"<p>Niemcy to ci\u0105gle jeszcze bardzo atrakcyjny rynek dla polskich projektant\u00f3w i producent\u00f3w bi\u017cuterii. W\u0142a\u015bnie zako\u0144czy\u0142y si\u0119 targi Tendence we Frankfurcie, kt\u00f3re zosta\u0142y przez nich ocenione jako \u201eumiarkowane, a nawet dobre\u201d.<\/p>","protected":false},"author":4,"featured_media":15988,"comment_status":"closed","ping_status":"closed","sticky":false,"template":"","format":"standard","meta":{"_acf_changed":false,"slim_seo":{"title":"Tendence \u2013 umiarkowane, a nawet dobre - Amber Portal","description":"Niemcy to ci\u0105gle jeszcze bardzo atrakcyjny rynek dla polskich projektant\u00f3w i producent\u00f3w bi\u017cuterii. W\u0142a\u015bnie zako\u0144czy\u0142y si\u0119 targi Tendence we Frankfurcie, kt\u00f3re"},"footnotes":""},"categories":[120],"tags":[],"sekcja":[],"class_list":["post-15989","post","type-post","status-publish","format-standard","has-post-thumbnail","hentry","category-targi"],"acf":[],"_links":{"self":[{"href":"https:\/\/amber.com.pl\/en\/wp-json\/wp\/v2\/posts\/15989","targetHints":{"allow":["GET"]}}],"collection":[{"href":"https:\/\/amber.com.pl\/en\/wp-json\/wp\/v2\/posts"}],"about":[{"href":"https:\/\/amber.com.pl\/en\/wp-json\/wp\/v2\/types\/post"}],"author":[{"embeddable":true,"href":"https:\/\/amber.com.pl\/en\/wp-json\/wp\/v2\/users\/4"}],"replies":[{"embeddable":true,"href":"https:\/\/amber.com.pl\/en\/wp-json\/wp\/v2\/comments?post=15989"}],"version-history":[{"count":0,"href":"https:\/\/amber.com.pl\/en\/wp-json\/wp\/v2\/posts\/15989\/revisions"}],"wp:featuredmedia":[{"embeddable":true,"href":"https:\/\/amber.com.pl\/en\/wp-json\/wp\/v2\/media\/15988"}],"wp:attachment":[{"href":"https:\/\/amber.com.pl\/en\/wp-json\/wp\/v2\/media?parent=15989"}],"wp:term":[{"taxonomy":"category","embeddable":true,"href":"https:\/\/amber.com.pl\/en\/wp-json\/wp\/v2\/categories?post=15989"},{"taxonomy":"post_tag","embeddable":true,"href":"https:\/\/amber.com.pl\/en\/wp-json\/wp\/v2\/tags?post=15989"},{"taxonomy":"sekcja","embeddable":true,"href":"https:\/\/amber.com.pl\/en\/wp-json\/wp\/v2\/sekcja?post=15989"}],"curies":[{"name":"wp","href":"https:\/\/api.w.org\/{rel}","templated":true}]}}