{"id":15638,"date":"2012-02-06T08:19:10","date_gmt":"2012-02-06T07:19:10","guid":{"rendered":"https:\/\/wp.amber.com.pl\/bizuteria-nowej-generacji\/"},"modified":"2025-12-07T18:46:43","modified_gmt":"2025-12-07T17:46:43","slug":"bizuteria-nowej-generacji","status":"publish","type":"post","link":"https:\/\/amber.com.pl\/en\/aktualnosci\/bizuteria-nowej-generacji\/","title":{"rendered":"Bi\u017cuteria nowej generacji?"},"content":{"rendered":"<p><b>Nowatorskie pomys\u0142y i techniki, mi\u0119dzynarodowe nowo\u015bci i wskazuj\u0105ce nowe kierunki trendy \u2013 m\u0142odzi-kreatywni poka\u017c\u0105 je w ramach wystawy Talents na targach Ambiente we Frankfurcie. <br \/> <\/b><br \/> Talents \u2013 program wspieraj\u0105cy m\u0142odych tw\u00f3rc\u00f3w dzi\u0119ki stworzeniu im mo\u017cliwo\u015bci prezentacji prac na profesjonalnym forum targ\u00f3w Ambiente \u2013 sta\u0142 si\u0119 w tym roku okazj\u0105 do pokazania prototyp\u00f3w i kr\u00f3tkoseryjnych wyrob\u00f3w dla 42 autor\u00f3w i grup projektowych z 19 kraj\u00f3w. Po raz pierwszy zosta\u0142 wydzielony specjalny sektor prezentacji bi\u017cuterii i przedmiot\u00f3w osobistych w sektorze Giving, w ramach kt\u00f3rego 14 m\u0142odych designer\u00f3w wyka\u017ce si\u0119 kreatywno\u015bci\u0105. Co poka\u017c\u0105? Bi\u017cuteri\u0119, w kt\u00f3rej liczy si\u0119 przede wszystkim ciekawy pomys\u0142. Kt\u00f3ra nie tylko zainteresuje, ale wr\u0119cz zaintryguje odbiorc\u0119. Zach\u0119ci do noszenia g\u0142\u00f3wnie dzi\u0119ki emocjom, jakie wzbudza. I da gwarancj\u0119 pozytywnego wyr\u00f3\u017cnienia si\u0119. <br \/> Nie by\u0142oby to jednak mo\u017cliwe bez materia\u0142\u00f3w \u2013 \u201estarych\u201d, kt\u00f3re znalaz\u0142y nowe zastosowanie i prezentowane s\u0105 w rzadziej spotykanych kombinacjach, oraz nowych, kt\u00f3re \u2013 u\u017cyte w bi\u017cuterii \u2013 zaskakuj\u0105. <\/p>\n<p> Opr\u00f3cz bi\u017cuterii w ramach Talents zostan\u0105 zaprezentowane tak\u017ce nowe pomys\u0142y z dziedziny meblarskiej oraz akcesoria dla kuchni, sto\u0142u oraz elementy wyposa\u017cenia wn\u0119trz, wskazuj\u0105c nowe kierunki dla designer\u00f3w. <\/p>\n<p> Targi Ambiente we Frankfurcie to wiod\u0105ca impreza w dziedzinie produkt\u00f3w wok\u00f3\u0142 sto\u0142u, kuchni, prezent\u00f3w i artyku\u0142\u00f3w dekoracyjnych oraz akcesori\u00f3w i wyposa\u017cenia wn\u0119trz. Organizatorzy zapowiadaj\u0105 udzia\u0142 4500 wystawc\u00f3w, kt\u00f3rzy przez pi\u0119\u0107 dni (10-14 luty) b\u0119d\u0105 prezentowa\u0107 najnowsze trendy w i osi\u0105gni\u0119cia w tych sektorach. Du\u017cy nacisk k\u0142adziony jest tam na nowoczesne wzornictwo.<\/p>","protected":false},"excerpt":{"rendered":"<p>Nowatorskie pomys\u0142y i techniki, mi\u0119dzynarodowe nowo\u015bci i wskazuj\u0105ce nowe kierunki trendy \u2013 m\u0142odzi-kreatywni poka\u017c\u0105 je w ramach wystawy Talents na targach Ambiente we Frankfurcie.<\/p>","protected":false},"author":4,"featured_media":15637,"comment_status":"closed","ping_status":"closed","sticky":false,"template":"","format":"standard","meta":{"_acf_changed":false,"slim_seo":{"title":"Bi\u017cuteria nowej generacji? - Amber Portal","description":"Nowatorskie pomys\u0142y i techniki, mi\u0119dzynarodowe nowo\u015bci i wskazuj\u0105ce nowe kierunki trendy \u2013 m\u0142odzi-kreatywni poka\u017c\u0105 je w ramach wystawy Talents na targach Ambien"},"footnotes":""},"categories":[120],"tags":[],"sekcja":[],"class_list":["post-15638","post","type-post","status-publish","format-standard","has-post-thumbnail","hentry","category-targi"],"acf":[],"_links":{"self":[{"href":"https:\/\/amber.com.pl\/en\/wp-json\/wp\/v2\/posts\/15638","targetHints":{"allow":["GET"]}}],"collection":[{"href":"https:\/\/amber.com.pl\/en\/wp-json\/wp\/v2\/posts"}],"about":[{"href":"https:\/\/amber.com.pl\/en\/wp-json\/wp\/v2\/types\/post"}],"author":[{"embeddable":true,"href":"https:\/\/amber.com.pl\/en\/wp-json\/wp\/v2\/users\/4"}],"replies":[{"embeddable":true,"href":"https:\/\/amber.com.pl\/en\/wp-json\/wp\/v2\/comments?post=15638"}],"version-history":[{"count":0,"href":"https:\/\/amber.com.pl\/en\/wp-json\/wp\/v2\/posts\/15638\/revisions"}],"wp:featuredmedia":[{"embeddable":true,"href":"https:\/\/amber.com.pl\/en\/wp-json\/wp\/v2\/media\/15637"}],"wp:attachment":[{"href":"https:\/\/amber.com.pl\/en\/wp-json\/wp\/v2\/media?parent=15638"}],"wp:term":[{"taxonomy":"category","embeddable":true,"href":"https:\/\/amber.com.pl\/en\/wp-json\/wp\/v2\/categories?post=15638"},{"taxonomy":"post_tag","embeddable":true,"href":"https:\/\/amber.com.pl\/en\/wp-json\/wp\/v2\/tags?post=15638"},{"taxonomy":"sekcja","embeddable":true,"href":"https:\/\/amber.com.pl\/en\/wp-json\/wp\/v2\/sekcja?post=15638"}],"curies":[{"name":"wp","href":"https:\/\/api.w.org\/{rel}","templated":true}]}}