{"id":15452,"date":"2011-09-19T13:54:42","date_gmt":"2011-09-19T11:54:42","guid":{"rendered":"https:\/\/wp.amber.com.pl\/trendy-w-bizuterii-na-zloto-srebro-czas\/"},"modified":"2025-12-07T18:46:48","modified_gmt":"2025-12-07T17:46:48","slug":"trendy-w-bizuterii-na-zloto-srebro-czas","status":"publish","type":"post","link":"https:\/\/amber.com.pl\/en\/aktualnosci\/trendy-w-bizuterii-na-zloto-srebro-czas\/","title":{"rendered":"Trendy w bi\u017cuterii na Z\u0142oto Srebro Czas"},"content":{"rendered":"<p> Kreatywno\u015b\u0107 polskich projektant\u00f3w i producent\u00f3w przyci\u0105ga na targi rokrocznie kilka tysi\u0119cy odwiedzaj\u0105cych z bran\u017cy oraz mieszka\u0144c\u00f3w stolicy i okolic. Bowiem Z\u0142oto Srebro Czas to przede wszystkim miejsce spotka\u0144 profesjonalist\u00f3w, ale tak\u017ce prezentacji najnowszych trend\u00f3w na sezon jesienno-zimowy \u2013 a te powinni pozna\u0107 wszyscy. Dlatego impreza jest otwarta ostatniego dnia dla wszystkich mi\u0142o\u015bnik\u00f3w jubilerskich nowinek. A tych jak zwykle b\u0119dzie mn\u00f3stwo: bi\u017cuteria srebrna, z\u0142ota, modowa i designerska, bursztyn, kamienie szlachetne i jubilerskie \u2013 w wersji zar\u00f3wno dla mi\u0142o\u015bnik\u00f3w klasyki, jak i nowoczesno\u015bci. <\/p>\n<p> Ta nowoczesno\u015b\u0107 najsilniej zostanie zaakcentowana w stale rosn\u0105cym i zachwycaj\u0105cym lekko\u015bci\u0105 oraz kolorystyk\u0105 sektorze bi\u017cuterii fashion. Sektorze, kt\u00f3ry nie boi si\u0119 eksperyment\u00f3w, zaskakuj\u0105cych maria\u017cy i najbardziej nawet \u201eegzotycznych\u201d materia\u0142\u00f3w. Znawcy przewiduj\u0105, \u017ce tego typu ozdoby b\u0119d\u0105 trafia\u0107 w gust klientek jeszcze przez co najmniej kilka sezon\u00f3w. Warto wi\u0119c zorientowa\u0107 si\u0119 w najnowszych trendach, by zadawa\u0107 szyku jesieni\u0105 i zim\u0105. Szczeg\u00f3lnie \u017ce wystawcy targ\u00f3w Z\u0142oto Srebro Czas przygotowali naprawd\u0119 imponuj\u0105c\u0105 ofert\u0119: b\u0119dzie wiod\u0105cy producent w tym sektorze firma Lewanowicz, b\u0119d\u0105 tak\u017ce znani projektanci i nowe marki. <\/p>\n<p> Kontynuacj\u0105 trendu na nowoczesno\u015b\u0107 b\u0119dzie r\u00f3wnie\u017c oferta innych wystawc\u00f3w, kt\u00f3rzy coraz pilniej \u015bledz\u0105 tendencje w modzie, przek\u0142adaj\u0105c je umiej\u0119tnie na sektor bi\u017cuterii. Trzeba koniecznie zobaczy\u0107, jak je interpretuj\u0105 wiod\u0105ce firmy, jak np. YES Bi\u017cuteria, Firma Jubilerska G\u00f3recki z najnowsz\u0105 kolekcj\u0105 \u201eCytrynowa Sonata\u201d, Corundum z mieni\u0105c\u0105 si\u0119 kryszta\u0142ami Swarovskiego \u201eAlcantara Collection\u201d czy Futurat z mark\u0105 Briju. Wyj\u0105tkowym miejscem pod tym wzgl\u0119dem jest Galeria Projektant\u00f3w, gdzie uwag\u0119 przykuwaj\u0105 zar\u00f3wno na wskro\u015b nowoczesne, odwa\u017cne realizacje, jak i oryginalne, ponadczasowe wzornictwo w wykonaniu ponad 50 najlepszych artyst\u00f3w plastyk\u00f3w.<\/p>\n<p> B\u0119dzie te\u017c co\u015b dla mi\u0142o\u015bnik\u00f3w bursztynu. Oferta, dotychczas do\u015b\u0107 tradycyjna, ewoluuje w kierunku nowoczesno\u015bci i trend\u00f3w. Prawdziw\u0105 gratk\u0105 dla mi\u0142o\u015bnik\u00f3w dobrego wzornictwa bursztynowych ozd\u00f3b b\u0119dzie premierowa prezentacja kolekcji pomorskiej projektantki Danuty Burczik-Kruczkowskiej, o kt\u00f3rej zacz\u0119\u0142o by\u0107 g\u0142o\u015bno po spektakularnych pokazach mody zrealizowanych wsp\u00f3lnie z Jol\u0105 S\u0142om\u0105 i Mirkiem Trymbulakiem: Pomera\u0144cha i Gwiazdy Heweliusza. Jej naszyjniki z matowionych bursztynowych kul \u0142\u0105czonych z r\u00f3\u017cnymi kolorowymi kamieniami dalekie s\u0105 od naszych stereotypowych wyobra\u017ce\u0144 o \u201ebursztynowych koralach\u201d. Niekt\u00f3re czasem nawet w og\u00f3le nie wygl\u0105daj\u0105 jak z bursztynu&#8230; Takiej bi\u017cuterii nie powstydz\u0105 si\u0119 nawet gwiazdy! Poczet mi\u0142o\u015bniczek talentu projektantki otwiera Ambasador Bursztynu Monika Richardson, kt\u00f3ra nosi jej projekty bynajmniej nie z obowi\u0105zku. <\/p>\n<p> Z pokaz\u00f3w mody ze znanymi projektantami \u2013 Micha\u0142em Starost\u0105 i Natasz\u0105 Pavluchenko \u2013 znany jest tak\u017ce Mariusz Gliwi\u0144ski (Ambermoda). Sta\u0142y bywalec Warsaw Fashion Street i Sopot Fashion Days \u2013 jego bi\u017cuteria stworzy\u0142a w tym roku idealny duet ze strojami chi\u0144skiej projektantki Caren Shen. W Warszawie na targach zaprezentuje swoje ostatnie kolekcje \u201eVenus\u201d \u2013 zrodzon\u0105 z inspiracji morzem i malarstwem Botticellego, oraz \u201eIce Cube\u201d \u2013 z kostek bursztynu. <br \/> Bursztyn odnale\u017a\u0107 mo\u017cna w pracach wielu projektant\u00f3w i producent\u00f3w \u2013 warto mie\u0107 oczy otwarte na jego nowy wizerunek! <\/p>\n<p> <strong>More information:<\/strong> Z\u0142oto Srebro Czas <\/p>\n<p><strong>Targi Bi\u017cuterii i Zegark\u00f3w Z\u0142oto Srebro Czas<\/strong><br \/><strong>30.09 &#8211; 02.10.2011 (targi bran\u017cowe, dzie\u0144 otwarty dla publiczno\u015bci: niedziela)<\/strong><br \/><strong> Expo XXI &#8211; Warszawa, ul. Pr\u0105dzy\u0144skiego 12\/14<\/strong><\/p>","protected":false},"excerpt":{"rendered":"<p>Bi\u017cuteria z\u0142ota i srebrna, klasyczna i fashion, kamienie szlachetne i jubilerskie, bursztyn i per\u0142y \u2013 to wszystko, a nawet wi\u0119cej, b\u0119dzie prezentowane w dniach 30.09-02.10 w warszawskim centrum Expo XXI na 12. edycji targ\u00f3w Z\u0142oto Srebro Czas.<\/p>","protected":false},"author":4,"featured_media":15451,"comment_status":"closed","ping_status":"closed","sticky":false,"template":"","format":"standard","meta":{"_acf_changed":false,"slim_seo":{"title":"Trendy w bi\u017cuterii na Z\u0142oto Srebro Czas - Amber Portal","description":"Bi\u017cuteria z\u0142ota i srebrna, klasyczna i fashion, kamienie szlachetne i jubilerskie, bursztyn i per\u0142y \u2013 to wszystko, a nawet wi\u0119cej, b\u0119dzie prezentowane w dniach"},"footnotes":""},"categories":[120],"tags":[],"sekcja":[],"class_list":["post-15452","post","type-post","status-publish","format-standard","has-post-thumbnail","hentry","category-targi"],"acf":[],"_links":{"self":[{"href":"https:\/\/amber.com.pl\/en\/wp-json\/wp\/v2\/posts\/15452","targetHints":{"allow":["GET"]}}],"collection":[{"href":"https:\/\/amber.com.pl\/en\/wp-json\/wp\/v2\/posts"}],"about":[{"href":"https:\/\/amber.com.pl\/en\/wp-json\/wp\/v2\/types\/post"}],"author":[{"embeddable":true,"href":"https:\/\/amber.com.pl\/en\/wp-json\/wp\/v2\/users\/4"}],"replies":[{"embeddable":true,"href":"https:\/\/amber.com.pl\/en\/wp-json\/wp\/v2\/comments?post=15452"}],"version-history":[{"count":0,"href":"https:\/\/amber.com.pl\/en\/wp-json\/wp\/v2\/posts\/15452\/revisions"}],"wp:featuredmedia":[{"embeddable":true,"href":"https:\/\/amber.com.pl\/en\/wp-json\/wp\/v2\/media\/15451"}],"wp:attachment":[{"href":"https:\/\/amber.com.pl\/en\/wp-json\/wp\/v2\/media?parent=15452"}],"wp:term":[{"taxonomy":"category","embeddable":true,"href":"https:\/\/amber.com.pl\/en\/wp-json\/wp\/v2\/categories?post=15452"},{"taxonomy":"post_tag","embeddable":true,"href":"https:\/\/amber.com.pl\/en\/wp-json\/wp\/v2\/tags?post=15452"},{"taxonomy":"sekcja","embeddable":true,"href":"https:\/\/amber.com.pl\/en\/wp-json\/wp\/v2\/sekcja?post=15452"}],"curies":[{"name":"wp","href":"https:\/\/api.w.org\/{rel}","templated":true}]}}