{"id":15298,"date":"2011-06-06T11:45:54","date_gmt":"2011-06-06T09:45:54","guid":{"rendered":"https:\/\/wp.amber.com.pl\/letnie-trendy-na-jubinale\/"},"modified":"2025-12-07T18:46:52","modified_gmt":"2025-12-07T17:46:52","slug":"letnie-trendy-na-jubinale","status":"publish","type":"post","link":"https:\/\/amber.com.pl\/en\/aktualnosci\/letnie-trendy-na-jubinale\/","title":{"rendered":"Letnie trendy na Jubinale"},"content":{"rendered":"<p> Czerwcowy termin imprezy stwarza mo\u017cliwo\u015b\u0107 zapoznania si\u0119 z najnowszymi tendencjami w modzie i uzupe\u0142nienia asortymentu przed szczytem turystycznego sezonu.&nbsp;Wystawcy \u2013 kt\u00f3rzy przyb\u0119d\u0105 g\u0142\u00f3wnie z Polski, ale tak\u017ce z Czech, S\u0142owacji, W\u0119gier, Niemiec, Austrii, W\u0142och, Litwy i Rumunii \u2013 zaprezentuj\u0105 bi\u017cuteri\u0119 srebrn\u0105, z\u0142ot\u0105, z kamieniami jubilerskimi, fantazyjn\u0105 oraz designersk\u0105. Nie zabraknie tam tak\u017ce bursztynu \u2013 bi\u017cuteri\u0119 z tym kamieniem b\u0119dzie prezentowa\u0142o ok. 20 firm wyspecjalizowanych w tym sektorze produkcji, m.in. Image Silver, Enzo oraz Silvam. <\/p>\n<p> Organizator \u2013 Polska Bi\u017cuteria \u2013 spodziewa si\u0119 co najmniej tak dobrej frekwencji jak w ubieg\u0142ym roku, kiedy imprez\u0119 odwiedzi\u0142o 2018 os\u00f3b, w tym 1600 kupc\u00f3w z Polski i zagranicy. Przez pierwsze dwa dni targi s\u0105 otwarte jedynie dla fachowc\u00f3w, ostatniego dnia r\u00f3wnie\u017c publiczno\u015b\u0107 niefachowa b\u0119dzie mia\u0142a okazj\u0119 do zapoznania si\u0119 z najnowszymi trendami w modzie jubilerskiej i zegarkowej. <\/p>\n<p> Jedn\u0105 z g\u0142\u00f3wnych atrakcji imprezy s\u0105 pokazy mody i bi\u017cuterii. Dodatkowo w programie targ\u00f3w Jubinale pojawi\u0142a si\u0119 w tym roku us\u0142uga sesji fotograficznej adresowana do wystawc\u00f3w. Nowo\u015bci\u0105 s\u0105 warsztaty bi\u017cuterii w popularnej obecnie technice sutasz (dawna technika haftu polegaj\u0105ca na splataniu jedwabnych nici tak, aby nada\u0107 im form\u0119 ozdoby), prowadzone przez nauczycieli z Wytw\u00f3rni Antidotum. W programie przewidziano tak\u017ce wystawy sztuki bi\u017cuteryjnej, rzemios\u0142a jubilerskiego i fotografii, a tak\u017ce wyk\u0142ady i seminaria.<\/p>\n<p> Od pocz\u0105tku targom Jubinale towarzyszy platforma \u201eTrend Skaut Polskiej Bi\u017cuterii\u201d. Jest to autorski pomys\u0142 organizatora targ\u00f3w na promocj\u0119 m\u0142odych, zdolnych projektant\u00f3w. W ramach platformy na promocyjnym stoisku (w ramach tzw. \u201eTrend\u00f3w Projektant\u00f3w\u201d) swoj\u0105 pierwsz\u0105 autorsk\u0105 kolekcj\u0119 przeznaczon\u0105 do sprzeda\u017cy, \u201ebi\u017cuteri\u0119 akwarelow\u0105\u201d, poka\u017ce Maria G\u0142owacka, absolwentka Akademii Sztuk Pi\u0119knych w \u0141odzi. W ramach promocji m\u0142odych talent\u00f3w swoje prace zaprezentuj\u0105 tak\u017ce laureatki konkursu Klejnot Polskiej Bi\u017cuterii 2011: Magdalena Kieruzel, Agnieszka Niewiadomska i Joanna Stencel. <\/p>\n<p> Targi zosta\u0142y obj\u0119te patronatem honorowym: marsza\u0142ka wojew\u00f3dztwa ma\u0142opolskiego Marka Sowy, prezydenta miasta Krakowa Jacka Majchrowskiego oraz prezydenta miasta Gda\u0144ska Paw\u0142a Adamowicza.<\/p>\n<p> <strong>Letnie Targi Trend\u00f3w Jubilerskich i Zegarkowych Jubinale<\/strong><br \/><strong> 10 \u2013 12 czerwca<\/strong><br \/><strong> Teren Targ\u00f3w Krakowskich, ul. Centralna 41 A<\/strong><\/p>","protected":false},"excerpt":{"rendered":"<p>W dniach 10-12 czerwca 2011 po raz czwarty odb\u0119d\u0105 si\u0119 w Krakowie Letnie Targi Trend\u00f3w Jubilerskich i Zegarkowych JUBINALE 2011. Organizatorzy zapowiadaj\u0105 udzia\u0142 ok. 150 wystawc\u00f3w z kraju i zagranicy.<\/p>","protected":false},"author":4,"featured_media":15297,"comment_status":"closed","ping_status":"closed","sticky":false,"template":"","format":"standard","meta":{"_acf_changed":false,"slim_seo":{"title":"Letnie trendy na Jubinale - Amber Portal","description":"W dniach 10-12 czerwca 2011 po raz czwarty odb\u0119d\u0105 si\u0119 w Krakowie Letnie Targi Trend\u00f3w Jubilerskich i Zegarkowych JUBINALE 2011. Organizatorzy zapowiadaj\u0105 udzia\u0142"},"footnotes":""},"categories":[120],"tags":[],"sekcja":[],"class_list":["post-15298","post","type-post","status-publish","format-standard","has-post-thumbnail","hentry","category-targi"],"acf":[],"_links":{"self":[{"href":"https:\/\/amber.com.pl\/en\/wp-json\/wp\/v2\/posts\/15298","targetHints":{"allow":["GET"]}}],"collection":[{"href":"https:\/\/amber.com.pl\/en\/wp-json\/wp\/v2\/posts"}],"about":[{"href":"https:\/\/amber.com.pl\/en\/wp-json\/wp\/v2\/types\/post"}],"author":[{"embeddable":true,"href":"https:\/\/amber.com.pl\/en\/wp-json\/wp\/v2\/users\/4"}],"replies":[{"embeddable":true,"href":"https:\/\/amber.com.pl\/en\/wp-json\/wp\/v2\/comments?post=15298"}],"version-history":[{"count":0,"href":"https:\/\/amber.com.pl\/en\/wp-json\/wp\/v2\/posts\/15298\/revisions"}],"wp:featuredmedia":[{"embeddable":true,"href":"https:\/\/amber.com.pl\/en\/wp-json\/wp\/v2\/media\/15297"}],"wp:attachment":[{"href":"https:\/\/amber.com.pl\/en\/wp-json\/wp\/v2\/media?parent=15298"}],"wp:term":[{"taxonomy":"category","embeddable":true,"href":"https:\/\/amber.com.pl\/en\/wp-json\/wp\/v2\/categories?post=15298"},{"taxonomy":"post_tag","embeddable":true,"href":"https:\/\/amber.com.pl\/en\/wp-json\/wp\/v2\/tags?post=15298"},{"taxonomy":"sekcja","embeddable":true,"href":"https:\/\/amber.com.pl\/en\/wp-json\/wp\/v2\/sekcja?post=15298"}],"curies":[{"name":"wp","href":"https:\/\/api.w.org\/{rel}","templated":true}]}}