{"id":15105,"date":"2011-03-06T16:37:19","date_gmt":"2011-03-06T15:37:19","guid":{"rendered":"https:\/\/wp.amber.com.pl\/amberif-2011-wielka-proba\/"},"modified":"2025-12-07T18:46:57","modified_gmt":"2025-12-07T17:46:57","slug":"amberif-2011-wielka-proba","status":"publish","type":"post","link":"https:\/\/amber.com.pl\/en\/aktualnosci\/amberif-2011-wielka-proba\/","title":{"rendered":"Amberif 2011 &#8211; wielka pr\u00f3ba"},"content":{"rendered":"<p> Wp\u0142yw na przedtargowe nastroje ma w najwi\u0119kszym stopniu trudna sytuacja na \u015bwiatowych rynkach utrzymuj\u0105ca si\u0119 ju\u017c od kilku lat. dodatkowo w ostatnim czasie pog\u0142\u0119biona rosn\u0105cymi cenami surowc\u00f3w, g\u0142\u00f3wnie z\u0142ota i srebra. Ten rok zdaje si\u0119 by\u0107 wyj\u0105tkowo trudny: wystawcy \u2013 w stopniu wi\u0119kszym ni\u017c w ubieg\u0142ych latach \u2013 rezygnuj\u0105 z obecno\u015bci na targach oraz zmniejszaj\u0105 zajmowan\u0105 powierzchni\u0119. Zdaniem Ewy Racho\u0144, kierownika projektu Amberif, decyzje te powinny by\u0107 oceniane w kategoriach pragmatycznego zachowania si\u0119 firm w trudnej sytuacji rynkowej. \u201eRotacj\u0119 wystawc\u00f3w oceniamy na poziomie 20 procent \u2013 zwolnione miejsce zajm\u0105 g\u0142\u00f3wnie firmy zagraniczne. Ale i polskie, kt\u00f3re z racji braku miejsca nie mia\u0142y dotychczas szans na powi\u0119kszenie stoiska lub dobr\u0105 lokalizacj\u0119\u201d \u2013 powiedzia\u0142a Ewa Racho\u0144 w rozmowie z portalem amber.com.pl. <\/p>\n<p> W 18. edycji targ\u00f3w we\u017amie udzia\u0142 ok. 460 wystawc\u00f3w z kraju i zagranicy. Swoj\u0105 ofert\u0119 b\u0119d\u0105 oni prezentowa\u0107 w czterech halach: <br \/> &#8211; Bursztynowej (5) \u2013 bi\u017cuteria z bursztynu ba\u0142tyckiego, bi\u017cuteria srebrna i z\u0142ota zdobiona bursztynem, opakowania do bi\u017cuterii, przedmioty dekoracyjne i u\u017cytkowe z bursztynu<br \/> &#8211; Bursztynowo-Srebrnej (4) &#8211; bi\u017cuteria z bursztynu ba\u0142tyckiego, bi\u017cuteria srebrna i z\u0142ota, kamienie jubilerskie, opakowania do bi\u017cuterii, przedmioty dekoracyjne i u\u017cytkowe z bursztynu <br \/> &#8211; Z\u0142otej (3)<strong> \u2013<\/strong> kolekcje jubilerskie i z\u0142otnicze, kamienie jubilerskie, bi\u017cuteria importowana, wyroby korpusowe <br \/> &#8211; Pawilon Techniczny \u2013 maszyny i narz\u0119dzia dla przemys\u0142u jubilerskiego. <\/p>\n<p> Zgodnie z regulaminem, na targach Amberif obowi\u0105zuje zakaz wystawiania namiastek (produkt\u00f3w z tworzyw sztucznych z domieszk\u0105 bursztynu), kopalu kolumbijskiego oraz falsyfikat\u00f3w bursztynu ba\u0142tyckiego. Dozwolona jest ekspozycja bursztynu prasowanego, jednak pod warunkiem czytelnego oznakowania, kt\u00f3re powinno zawiera\u0107 okre\u015blenie w j\u0119zyku polskim \u201ebursztyn prasowany\u201d i angielskim \u201epressed amber\u201d. Tak\u017ce bursztyn inny ni\u017c ba\u0142tycki nale\u017cy czytelnie oznakowa\u0107 (wymagana jest nazwa i miejsce pochodzenia bursztynu w j\u0119zyku polskim i angielskim). Funkcje kontrolne na targach jak co roku pe\u0142ni\u0107 b\u0119dzie Komisja Rzeczoznawc\u00f3w, zbadanie bursztynu jest mo\u017cliwe na stoisku Laboratorium Bursztynu, kt\u00f3re jest obs\u0142ugiwane przez rzeczoznawc\u00f3w Mi\u0119dzynarodowego Stowarzyszenia Bursztynnik\u00f3w oraz Stowarzyszenia Rzeczoznawc\u00f3w Jubilerskich. <\/p>\n<p> Tradycyjnie organizatorzy przygotowali bogaty program imprez towarzysz\u0105cych zar\u00f3wno w czasie trwania imprezy, jak i po jej zako\u0144czeniu. Szczeg\u00f3lnie polecamy wydarzenia o tematyce bursztynowej: <br \/> &#8211; XVIII seminarium \u201eBadania bursztynu i inkluzji zwierz\u0119cych\u201d<br \/> &#8211; \u201eMoje Bursztynowe 30-lecie\u201d \u2013 wernisa\u017c wystawy Barbary Gronu\u015b-Dutko<br \/> &#8211; premiera Ksi\u0119gi Trend\u00f3w 2011+, kt\u00f3rej b\u0119dzie towarzyszy\u0142a wystawa student\u00f3w ASP w Gda\u0144sku&nbsp; <br \/> &#8211; wr\u0119czenie nagrody Mi\u0119dzynarodowego Stowarzyszenia Bursztynnik\u00f3w dla Bursztynnika Roku 2010<br \/> &#8211; Gala Mody i Bursztynu Amberif 2011 wraz z wr\u0119czeniem nagr\u00f3d w konkursach: Amberif Design Award, Mercurius Gedanensis i Bursztyn w Rzemio\u015ble<br \/> &#8211; wernisa\u017c wystawy Grupy Sze\u015b\u0107 w Muzeum Bursztynu \u201eSze\u015b\u0107 znaczy Bytomski, Kaczy\u0144ski, Roszkiewicz, Tymi\u0144ski, Wolski\u201d <br \/> &#8211; \u201eGda\u0144sk w Bursztynowym Obiektywie\u201d \u2013 fotografie wykonane obiektywem z bursztynow\u0105 soczewk\u0105 konstrukcji Marka Mazura (wystawa z okazji 10-lecia Muzeum Bursztynu) <br \/> &#8211; wystawa fotografii \u201eLudzie i bursztyn na Dominikanie\u201d \u2013 Janusz Fudala i Doug Lundberg<br \/>&#8211; wernisa\u017c wystawy prac Mariusza Drapikowskiego \u201eAnio\u0142y o jednym skrzydle\u201d w Galerii Ambermoda.<\/p>\n<p><strong>18. Mi\u0119dzynarodowe Targi Bursztynu, Bi\u017cuterii i Kamieni Jubilerskich Amberif \u2013 9-12.03.2011 <br \/> Centrum Wystawiennicze, ul. Beniowskiego 5<\/strong><\/p>","protected":false},"excerpt":{"rendered":"<p>Targi Amberif w Gda\u0144sku zawsze by\u0142y barometrem nastroj\u00f3w w bran\u017cy bursztynniczej i nadziej\u0105 na rozpoczynaj\u0105cy si\u0119 sezon zakup\u00f3w w sezonie wiosenno-letnim. Jak wysoko podskocz\u0105 wska\u017aniki w czasie najbli\u017cszej edycji imprezy?<\/p>","protected":false},"author":4,"featured_media":15104,"comment_status":"closed","ping_status":"closed","sticky":false,"template":"","format":"standard","meta":{"_acf_changed":false,"slim_seo":{"title":"Amberif 2011 - wielka pr\u00f3ba - Amber Portal","description":"Targi Amberif w Gda\u0144sku zawsze by\u0142y barometrem nastroj\u00f3w w bran\u017cy bursztynniczej i nadziej\u0105 na rozpoczynaj\u0105cy si\u0119 sezon zakup\u00f3w w sezonie wiosenno-letnim. Jak w"},"footnotes":""},"categories":[120],"tags":[148],"sekcja":[],"class_list":["post-15105","post","type-post","status-publish","format-standard","has-post-thumbnail","hentry","category-targi","tag-amberif"],"acf":[],"_links":{"self":[{"href":"https:\/\/amber.com.pl\/en\/wp-json\/wp\/v2\/posts\/15105","targetHints":{"allow":["GET"]}}],"collection":[{"href":"https:\/\/amber.com.pl\/en\/wp-json\/wp\/v2\/posts"}],"about":[{"href":"https:\/\/amber.com.pl\/en\/wp-json\/wp\/v2\/types\/post"}],"author":[{"embeddable":true,"href":"https:\/\/amber.com.pl\/en\/wp-json\/wp\/v2\/users\/4"}],"replies":[{"embeddable":true,"href":"https:\/\/amber.com.pl\/en\/wp-json\/wp\/v2\/comments?post=15105"}],"version-history":[{"count":0,"href":"https:\/\/amber.com.pl\/en\/wp-json\/wp\/v2\/posts\/15105\/revisions"}],"wp:featuredmedia":[{"embeddable":true,"href":"https:\/\/amber.com.pl\/en\/wp-json\/wp\/v2\/media\/15104"}],"wp:attachment":[{"href":"https:\/\/amber.com.pl\/en\/wp-json\/wp\/v2\/media?parent=15105"}],"wp:term":[{"taxonomy":"category","embeddable":true,"href":"https:\/\/amber.com.pl\/en\/wp-json\/wp\/v2\/categories?post=15105"},{"taxonomy":"post_tag","embeddable":true,"href":"https:\/\/amber.com.pl\/en\/wp-json\/wp\/v2\/tags?post=15105"},{"taxonomy":"sekcja","embeddable":true,"href":"https:\/\/amber.com.pl\/en\/wp-json\/wp\/v2\/sekcja?post=15105"}],"curies":[{"name":"wp","href":"https:\/\/api.w.org\/{rel}","templated":true}]}}