{"id":14586,"date":"2010-06-15T14:19:16","date_gmt":"2010-06-15T12:19:16","guid":{"rendered":"https:\/\/wp.amber.com.pl\/jubinale-2010-zakonczone\/"},"modified":"2025-12-07T18:47:09","modified_gmt":"2025-12-07T17:47:09","slug":"jubinale-2010-zakonczone","status":"publish","type":"post","link":"https:\/\/amber.com.pl\/en\/aktualnosci\/jubinale-2010-zakonczone\/","title":{"rendered":"Jubinale 2010 zako\u0144czone"},"content":{"rendered":"<p><strong>Wystawcy i kupcy<\/strong><\/p>\n<p>Wi\u0119kszo\u015b\u0107 klient\u00f3w przyjecha\u0142o z po\u0142udniowych miast Polski, jak r\u00f3wnie\u017c kraj\u00f3w Europy \u015arodkowo-Wschodniej: Czech, S\u0142owacji, W\u0119gier i Rumunii. Potwierdzi\u0142a si\u0119 tendencja zauwa\u017calna ju\u017c podczas wcze\u015bniejszych edycji Jubinale, \u017ce cz\u0119\u015b\u0107 kupc\u00f3w nie dociera na targi do Gda\u0144ska ani do Warszawy. Niemniej jednak, jak przyznaje wi\u0119kszo\u015b\u0107 wystawc\u00f3w, o ile mo\u017cna by\u0142o liczy\u0107 na obecno\u015b\u0107 sta\u0142ych kontrahent\u00f3w, o tyle nie uda\u0142o im si\u0119 nawi\u0105za\u0107 nowych kontakt\u00f3w handlowych. Jednej z przyczyn tego stanu rzeczy upatruje si\u0119 w skutkach powodzi \u2013 u naszych po\u0142udniowych s\u0105siad\u00f3w zosta\u0142y one wyolbrzymione a dotkni\u0119ta nimi cz\u0119\u015b\u0107 kraju okre\u015blona jako nieprzejezdna. Czy i w jakim stopniu te informacje mog\u0142y zawa\u017cy\u0107 na przyje\u017adzie potencjalnych klient\u00f3w?<\/p>\n<p>Tegoroczna edycja targ\u00f3w przyci\u0105gn\u0119\u0142a w sumie 132 wystawc\u00f3w z Polski, Czech, W\u0119gier, Niemiec, Danii, W\u0142och, Sri Lanki, Izraela, Litwy i Rumunii. Niew\u0105tpliwym sukcesem frekwencyjnym by\u0142o zarejestrowanie pierwszego dnia jeszcze przed po\u0142udniem rekordowej liczby kupc\u00f3w: ponad 600! Te optymistyczne statystyki na rozpocz\u0119ciu i zapowiadaj\u0105ca si\u0119 pozytywnie frekwencja odwiedzaj\u0105cych mog\u0142yby wskazywa\u0107, i\u017c targi b\u0119d\u0105 udane, gdyby nie brak klimatyzacji w halach targowych i upa\u0142 na zewn\u0105trz. Niestety poskutkowa\u0142o to ekspresowymi zakupami, przek\u0142adaniem spotka\u0144 na inny termin i szybkim opuszczaniu teren\u00f3w targowych.<\/p>\n<p><strong>Oferta targ\u00f3w i organizacja<\/strong><\/p>\n<p>Oferta targ\u00f3w by\u0142a mocno zr\u00f3\u017cnicowana: od bi\u017cuterii ze z\u0142ota i srebra, bi\u017cuterii z diamentami i kamieniami szlachetnymi, pere\u0142, bi\u017cuterii modowej, a\u017c po bi\u017cuteri\u0119 z bursztynem, kt\u00f3r\u0105 prezentowa\u0142o 32 wystawc\u00f3w z Polski i Litwy. Z punktu widzenia firm bursztynniczych, najwa\u017cniejsz\u0105 imprez\u0105 handlowo-wystawiennicz\u0105 pozostaje nadal Amberif w Gda\u0144sku, jednak, jak przyznaj\u0105, r\u00f3wnie\u017c na Jubinale pojawiaj\u0105 si\u0119 wa\u017cni klienci, dlatego wielu z nich zapowiada swoj\u0105 obecno\u015b\u0107 w Krakowie r\u00f3wnie\u017c w przysz\u0142ym roku. Ca\u0142o\u015bci dope\u0142nia\u0142a oferta techniczna, system\u00f3w zabezpiecze\u0144 dla sklep\u00f3w jubilerskich, opakowa\u0144 i akcesori\u00f3w.<br \/>Organizacyjnie \u2013 pomijaj\u0105c dotkliwy w tym roku brak klimatyzacji \u2013 targi maj\u0105 wiele do zaoferowania. Wystawcy podkre\u015blaj\u0105 du\u017ce zaanga\u017cowanie ze strony organizator\u00f3w, kt\u00f3rzy z roku na rok otrzymuj\u0105 coraz to wy\u017csze noty w tej dziedzinie.<\/p>\n<p><strong>Atrakcje targ\u00f3w<\/strong><\/p>\n<p>Jak co roku, targom towarzyszy\u0142y seminaria, pokazy mody i konkurs Trend Skaut, kt\u00f3rego celem jest promowanie i wspieranie m\u0142odych artyst\u00f3w. Jego tegoroczn\u0105 laureatk\u0105 zosta\u0142a Agata Krzy\u017canowska, absolwentka Wy\u017cszej Szko\u0142y Sztuki i Projektowania w \u0141odzi.<br \/>Bi\u017cuteri\u0119 sw\u0105 tworzy przede wszystkim ze srebra i materia\u0142\u00f3w ro\u015blinnych, jak r\u00f3wnie\u017c z korala, nieoszlifowanego bursztynu i lawy wulkanicznej. Prezentowana ona by\u0142a na stoisku autorki w ramach platformy Trendy Projektant\u00f3w oraz podczas organizowanych pokaz\u00f3w bi\u017cuterii i mody. Pokazy odby\u0142y si\u0119 ponadto z udzia\u0142em bi\u017cuterii projektanta Marcina Giebu\u0142towskiego, artysty plastyka Arka Wolskiego oraz kryszta\u0142owych kreacji firmy Corundum. Organizatorem pokaz\u00f3w by\u0142a mi\u0119dzynarodowa agencja modelek RORES MODELS z Krakowa.<\/p>","protected":false},"excerpt":{"rendered":"<p>13 czerwca zako\u0144czy\u0142a si\u0119 trzecia edycja Letnich Targ\u00f3w Trend\u00f3w Jubilerskich i Zegarkowych Jubinale 2010 zorganizowanych przez Polsk\u0105 Bi\u017cuteri\u0119.<br \/>\n\u00a0<\/p>","protected":false},"author":1,"featured_media":14585,"comment_status":"closed","ping_status":"closed","sticky":false,"template":"","format":"standard","meta":{"_acf_changed":false,"slim_seo":{"title":"Jubinale 2010 zako\u0144czone - Amber Portal","description":"13 czerwca zako\u0144czy\u0142a si\u0119 trzecia edycja Letnich Targ\u00f3w Trend\u00f3w Jubilerskich i Zegarkowych Jubinale 2010 zorganizowanych przez Polsk\u0105 Bi\u017cuteri\u0119. \u00a0"},"footnotes":""},"categories":[120],"tags":[],"sekcja":[],"class_list":["post-14586","post","type-post","status-publish","format-standard","has-post-thumbnail","hentry","category-targi"],"acf":[],"_links":{"self":[{"href":"https:\/\/amber.com.pl\/en\/wp-json\/wp\/v2\/posts\/14586","targetHints":{"allow":["GET"]}}],"collection":[{"href":"https:\/\/amber.com.pl\/en\/wp-json\/wp\/v2\/posts"}],"about":[{"href":"https:\/\/amber.com.pl\/en\/wp-json\/wp\/v2\/types\/post"}],"author":[{"embeddable":true,"href":"https:\/\/amber.com.pl\/en\/wp-json\/wp\/v2\/users\/1"}],"replies":[{"embeddable":true,"href":"https:\/\/amber.com.pl\/en\/wp-json\/wp\/v2\/comments?post=14586"}],"version-history":[{"count":0,"href":"https:\/\/amber.com.pl\/en\/wp-json\/wp\/v2\/posts\/14586\/revisions"}],"wp:featuredmedia":[{"embeddable":true,"href":"https:\/\/amber.com.pl\/en\/wp-json\/wp\/v2\/media\/14585"}],"wp:attachment":[{"href":"https:\/\/amber.com.pl\/en\/wp-json\/wp\/v2\/media?parent=14586"}],"wp:term":[{"taxonomy":"category","embeddable":true,"href":"https:\/\/amber.com.pl\/en\/wp-json\/wp\/v2\/categories?post=14586"},{"taxonomy":"post_tag","embeddable":true,"href":"https:\/\/amber.com.pl\/en\/wp-json\/wp\/v2\/tags?post=14586"},{"taxonomy":"sekcja","embeddable":true,"href":"https:\/\/amber.com.pl\/en\/wp-json\/wp\/v2\/sekcja?post=14586"}],"curies":[{"name":"wp","href":"https:\/\/api.w.org\/{rel}","templated":true}]}}