{"id":14304,"date":"2010-02-24T11:57:21","date_gmt":"2010-02-24T10:57:21","guid":{"rendered":"https:\/\/wp.amber.com.pl\/optymistyczne-nastroje-targow-inhorgenta-europe-2010\/"},"modified":"2025-12-07T18:47:15","modified_gmt":"2025-12-07T17:47:15","slug":"optymistyczne-nastroje-targow-inhorgenta-europe-2010","status":"publish","type":"post","link":"https:\/\/amber.com.pl\/en\/aktualnosci\/optymistyczne-nastroje-targow-inhorgenta-europe-2010\/","title":{"rendered":"Optymistyczne nastroje na targach inhorgenta europe 2010"},"content":{"rendered":"<p>\u015awiadcz\u0105 o tym przede wszystkim dane liczbowe: w ci\u0105gu czterech dni (19-22.02.2010) odwiedzi\u0142o j\u0105 ponad 30.000 fachowc\u00f3w z 84 kraj\u00f3w \u015bwiata, co daje 15%-owy wzrost w stosunku do roku poprzedniego. Co trzeci z nich przyby\u0142 spoza Niemiec \u2013 tym samym liczba odwiedzaj\u0105cych z zagranicy wzros\u0142a o 2,5%. Pod tym wzgl\u0119dem przodowa\u0142y takie kraje, jak Austria, Hiszpania, W\u0142ochy, Szwecja, Szwajcaria, Grecja, Holandia, Wielka Brytania oraz Irlandia. Organizatorom uda\u0142o si\u0119 tak\u017ce utrzyma\u0107 liczb\u0119 wystawc\u00f3w na ubieg\u0142orocznym poziomie: w sumie 1.143 (2009: 1.183) firm zaprezentowa\u0142o ofert\u0119 na powierzchni 29.700 m2 netto. Tym samym powierzchnia ekspozycji wzros\u0142a o 2,5% w por\u00f3wnaniu z poprzednim rokiem (powierzchnia udost\u0119pniona gastronomii \u2013 znacznie wi\u0119ksza ni\u017c w latach poprzednich \u2013 nie jest uwzgl\u0119dniana w tych statystykach).<\/p>\n<p>Cho\u0107 nastroje przed imprez\u0105 by\u0142y mieszane i pe\u0142ne obaw, to same targi dostarczy\u0142y powod\u00f3w, by nieco bardziej optymistycznie spojrze\u0107 w najbli\u017csz\u0105 przysz\u0142o\u015b\u0107. O zadowoleniu zar\u00f3wno wystawc\u00f3w, jak i zwiedzaj\u0105cych \u015bwiadcz\u0105 wyniki ankiety przeprowadzonej przez TNS Infratest: 42% (2009: 33%) pytanych wystawc\u00f3w oceni\u0142o obecn\u0105 sytuacj\u0119 bran\u017cy jako bardzo dobr\u0105 i dobr\u0105, a 80% (2009: 56%) w\u0142a\u015bnie tak widzi j\u0105 w najbli\u017cszej przysz\u0142o\u015bci. Po stronie wystawc\u00f3w wyniki by\u0142y odpowiednio: 51% (2009: 45%) i 74% (2009: 62%). 76% (2009: 61%) ankietowanych wystawc\u00f3w i 95% (2009: 91%) odwiedzaj\u0105cych wystawi\u0142o targom ocen\u0119 bardzo dobr\u0105 i dobr\u0105. Odwiedzaj\u0105cy docenili przede wszystkim przekrojowo\u015b\u0107 i bogactwo prezentowanej oferty wystawc\u00f3w (94%), atmosfer\u0119 (93%), wiod\u0105cy charakter targ\u00f3w (89%), jak r\u00f3wnie\u017c przejrzysty podzia\u0142 oferty oraz jako\u015b\u0107 informacji dla odwiedzaj\u0105cych (po 88%). Z kolei na zadowolenie wystawc\u00f3w wp\u0142ywa\u0142y przede wszystkim nast\u0119puj\u0105ce czynniki: przejrzysty podzia\u0142 oferty (80%), wiod\u0105cy charakter targ\u00f3w (76%) oraz wysoki udzia\u0142 kadry zarz\u0105dzaj\u0105cej w\u015br\u00f3d odwiedzaj\u0105cych (75%).<br \/>Ca\u0142o\u015bci tego optymistycznego obrazu dope\u0142nia fakt, \u017ce inhorgenta europe to ju\u017c z kolei czwarta impreza targowa w Monachium, kt\u00f3ra odnotowa\u0142a znacz\u0105cy wzrost liczby odwiedzaj\u0105cych. \u015awiadczy to z ca\u0142\u0105 pewno\u015bci\u0105 o wa\u017cnej roli tej ostatniej, ale tak\u017ce o lepszej sytuacji w innych sektorach rynku, co pozwala wierzy\u0107, \u017ce kryzys rzeczywi\u015bcie nam odpuszcza.<\/p>\n<p>W halach, kt\u00f3re przyjemnie wype\u0142ni\u0142y si\u0119 odwiedzaj\u0105cymi zw\u0142aszcza w sobot\u0119 i w niedziel\u0119, r\u00f3wnie\u017c panowa\u0142a pozytywna atmosfera. Zadowolenie przychodzi\u0142o wystawcom tym \u0142atwiej, \u017ce chyba wszyscy starali si\u0119 dopasowa\u0107 poziom swoich oczekiwa\u0144 do istniej\u0105cej sytuacji. Liczba i jako\u015b\u0107 sk\u0142adanych zam\u00f3wie\u0144 zosta\u0142y ocenione generalnie do\u015b\u0107 wysoko, co \u015bwiadczy o tym, \u017ce z ko\u0144cem roku poprzedniego zmniejszy\u0142y si\u0119 zapasy towaru w sklepach i hurtowniach. Ale chyba tak\u017ce i o tym, \u017ce detali\u015bci zrozumieli, \u017ce tylko nowa i przede wszystkim atrakcyjna oferta jest warunkiem zach\u0119cenia klienta do zakupu.<\/p>\n<p>Niestety, ta du\u017ca fala optymizmu ulotni\u0142a si\u0119 gdzie\u015b po drodze, zanim dotar\u0142a do polskich i litewskich wystawc\u00f3w oferuj\u0105cych bursztynowe wyroby w hali A2. Nie dotarli tu tak\u017ce klienci w satysfakcjonuj\u0105cej bursztynnik\u00f3w liczbie, a sk\u0142adane przez nich zam\u00f3wienia by\u0142y znacznie mniejsze ni\u017c jeszcze w ubieg\u0142ym, ocenianym generalnie jako dobry, roku. Znacznie lepiej pod tym wzgl\u0119dem sytuacja wygl\u0105da\u0142a w hali C2, gdzie kilkoro wystawc\u00f3w prezentowa\u0142o ciekawie zaprojektowane oraz artystyczne wyroby srebrne zdobione bursztynem.<\/p>\n<p>Analiza tej sytuacji \u201ena gor\u0105co\u201d i rozmowy z wystawcami z sektora bursztynowego wskazuj\u0105 na kilka czynnik\u00f3w, mog\u0105cych mie\u0107 wp\u0142yw na pogorszenie nastroj\u00f3w. Zdaniem Ryszarda Kulczy\u0144skiego, kt\u00f3ry ju\u017c od ponad 15 lat odwiedza liczne targi i wystawy na \u015bwiecie, oferuj\u0105c bursztynowe wyroby, dzieje si\u0119 tak z powodu stale spadaj\u0105cego zaufania do tego kamienia i coraz wi\u0119kszej ilo\u015bci jego podr\u00f3bek: \u201eZe sprzeda\u017cy samego bursztynu ju\u017c coraz trudniej si\u0119 utrzyma\u0107, dlatego ja w\u0142\u0105czam powoli do oferty tak\u017ce inne kamienie\u201d. Z kolei dla prof. dr .Stefana Hencke, znawcy niemieckiego rynku zegark\u00f3w i bi\u017cuterii, jedn\u0105 z wa\u017cniejszych przyczyn jest brak promocji bursztynu na rynku niemieckim: \u201eNie przypominam sobie, by w ostatnich latach bursztyn zaistnia\u0142 silniej w mediach. Sprzedaj\u0105c bi\u017cuteri\u0119, odwo\u0142ujemy si\u0119 obecnie coraz silniej do emocji kupuj\u0105cego, a tego nie da si\u0119 dokona\u0107 bez odpowiednich zabieg\u00f3w marketingowych i szerzej zakrojonych dzia\u0142a\u0144 promocyjnych.\u201d<br \/>Wiele wskazuje na to, \u017ce obaj maj\u0105 du\u017co racji. Jedno jest wszak pewne: rynek stale si\u0119 zmienia i trzeba nad\u0105\u017ca\u0107 za jego wymogami.<\/p>\n<p><strong>Recommended: <\/strong><\/p>\n<p><a href=\"https:\/\/amber.com.pl\/en\/sila-rynku-jest-jak-walec-rozmowa-z-ryszardem-kulczynskim\/\">Si\u0142a rynku jest jak walec &#8211; rozmowa z Ryszardem Kulczy\u0144skim<\/a><br \/><a href=\"https:\/\/amber.com.pl\/en\/bez-promocji-nie-ma-sukcesu-rozmowa-ze-stefanem-hencke\/\">Bez promocji nie ma sukcesu &#8211; rozmowa ze Stefanem Hencke<\/a><em><\/em><em><br \/>\n<\/em><\/p>\n<p><em>Zdj\u0119cie: Stoisko litewskiej firmy Alanordas. Fot. targi<\/em><\/p>","protected":false},"excerpt":{"rendered":"<p>Zako\u0144czy\u0142a si\u0119 37 edycja Targ\u00f3w Zegark\u00f3w, Bi\u017cuterii, Kamieni Szlachetnych, Pere\u0142 i Technologii inhorgenta europe \u2013 druga w czasach kryzysu, kt\u00f3ra mimo to zosta\u0142a oceniona pozytywnie zar\u00f3wno przez wystawc\u00f3w, jak i odwiedzaj\u0105cych.<\/p>","protected":false},"author":4,"featured_media":14303,"comment_status":"closed","ping_status":"closed","sticky":false,"template":"","format":"standard","meta":{"_acf_changed":false,"slim_seo":{"title":"Optymistyczne nastroje na targach inhorgenta europe 2010 - Amber Portal","description":"Zako\u0144czy\u0142a si\u0119 37 edycja Targ\u00f3w Zegark\u00f3w, Bi\u017cuterii, Kamieni Szlachetnych, Pere\u0142 i Technologii inhorgenta europe \u2013 druga w czasach kryzysu, kt\u00f3ra mimo to zosta\u0142"},"footnotes":""},"categories":[120],"tags":[],"sekcja":[],"class_list":["post-14304","post","type-post","status-publish","format-standard","has-post-thumbnail","hentry","category-targi"],"acf":[],"_links":{"self":[{"href":"https:\/\/amber.com.pl\/en\/wp-json\/wp\/v2\/posts\/14304","targetHints":{"allow":["GET"]}}],"collection":[{"href":"https:\/\/amber.com.pl\/en\/wp-json\/wp\/v2\/posts"}],"about":[{"href":"https:\/\/amber.com.pl\/en\/wp-json\/wp\/v2\/types\/post"}],"author":[{"embeddable":true,"href":"https:\/\/amber.com.pl\/en\/wp-json\/wp\/v2\/users\/4"}],"replies":[{"embeddable":true,"href":"https:\/\/amber.com.pl\/en\/wp-json\/wp\/v2\/comments?post=14304"}],"version-history":[{"count":0,"href":"https:\/\/amber.com.pl\/en\/wp-json\/wp\/v2\/posts\/14304\/revisions"}],"wp:featuredmedia":[{"embeddable":true,"href":"https:\/\/amber.com.pl\/en\/wp-json\/wp\/v2\/media\/14303"}],"wp:attachment":[{"href":"https:\/\/amber.com.pl\/en\/wp-json\/wp\/v2\/media?parent=14304"}],"wp:term":[{"taxonomy":"category","embeddable":true,"href":"https:\/\/amber.com.pl\/en\/wp-json\/wp\/v2\/categories?post=14304"},{"taxonomy":"post_tag","embeddable":true,"href":"https:\/\/amber.com.pl\/en\/wp-json\/wp\/v2\/tags?post=14304"},{"taxonomy":"sekcja","embeddable":true,"href":"https:\/\/amber.com.pl\/en\/wp-json\/wp\/v2\/sekcja?post=14304"}],"curies":[{"name":"wp","href":"https:\/\/api.w.org\/{rel}","templated":true}]}}