{"id":14229,"date":"2010-01-29T13:49:57","date_gmt":"2010-01-29T12:49:57","guid":{"rendered":"https:\/\/wp.amber.com.pl\/spotkanie-rady-programowej-i-konsultantow-targow-amberif\/"},"modified":"2025-12-07T18:47:17","modified_gmt":"2025-12-07T17:47:17","slug":"spotkanie-rady-programowej-i-konsultantow-targow-amberif","status":"publish","type":"post","link":"https:\/\/amber.com.pl\/en\/aktualnosci\/spotkanie-rady-programowej-i-konsultantow-targow-amberif\/","title":{"rendered":"Spotkanie Rady Programowej i Konsultant\u00f3w targ\u00f3w Amberif"},"content":{"rendered":"<p>W spotkaniu w dniu 28 stycznia br. uczestniczy\u0142o dziesi\u0119ciu przedstawicieli organizacji bran\u017cowych i niezale\u017cnych konsultant\u00f3w oraz zesp\u00f3\u0142 pracownik\u00f3w MTG SA. \u201eTo bardzo wa\u017cny dzie\u0144, dzi\u015b zbiera si\u0119 komisja wybieraj\u0105ca koncepcj\u0119 architektoniczn\u0105 nowych teren\u00f3w targowych\u201d \u2013 tak rozpocz\u0105\u0142 spotkanie prezes MTG SA Andrzej Spiker. Je\u015bli uda si\u0119 w najbli\u017cszym czasie dopi\u0105\u0107 spos\u00f3b finansowania budowy, to pierwsze prace budowlane powinny rozpocz\u0105\u0107 si\u0119 ju\u017c w pa\u017adzierniku. Jej zako\u0144czenie planowane jest na sierpie\u0144 2011. Nowe tereny targowe b\u0119d\u0105 s\u0105siadowa\u0107 z w\u0142a\u015bnie budowanym stadionem pi\u0142karskim PGE Arena w gda\u0144skiej dzielnicy Letnica.<\/p>\n<p>O zarysie programu targ\u00f3w, wystawach towarzysz\u0105cych, Gali Mody i Bursztynu oraz konkursach  opowiedzia\u0142a Ewa Racho\u0144, dyrektor projektu Amberif 2010. Koncepcja seminari\u00f3w zwi\u0105zanych z tematyk\u0105 bursztynu i diament\u00f3w b\u0119dzie podobna jak w latach ubieg\u0142ych. W seminarium \u201eBursztyn w geologii i archeologii\u201d zapowiedzia\u0142o jedenastu prelegent\u00f3w. Troje wyk\u0142adowc\u00f3w z Niemiec opowie o bursztynie z Saksonii, troje Chi\u0144czyk\u00f3w przybli\u017cy temat \u017cywic kopalnych z tego kraju. Polscy prelegenci skoncentruj\u0105 si\u0119 na tematyce archeologicznej. Seminarium gemmologiczne, przygotowane przez HRD oraz SRJ, poprowadzi Veerle Van Esbroeck. Jako nowo\u015b\u0107 pojawi si\u0119 seminarium dotycz\u0105ce wsp\u00f3\u0142czesnych trend\u00f3w i designu, kt\u00f3re koordynuje dr hab. S\u0142awomir Fija\u0142kowski. Do udzia\u0142u w nim zostali zaproszeni m.in. profesor Max Laurent De Cock z Royal Academy of Art z Antwerpii, jeden z najbardziej uznanych europejskich projektant\u00f3w, zajmuj\u0105cy si\u0119 tak\u017ce bursztynem. O kierunkach w modzie w nadchodz\u0105cych sezonach opowie przedstawiciel TJF, kt\u00f3ry zapowiedzia\u0142 m.in. om\u00f3wienie trendu obejmuj\u0105cego r\u00f3wnie\u017c bi\u017cuteri\u0119 bursztynow\u0105.<\/p>\n<p>Interesuj\u0105cym wydarzeniem towarzysz\u0105cym rokrocznie Amberifowi jest awangardowa wystawa Grupy Sze\u015b\u0107 w sopockim Sfinksie \u2013 z tej okazji organizatorzy spodziewaj\u0105 si\u0119 udzia\u0142u kilkorga zaproszonych artyst\u00f3w i w\u0142a\u015bcicieli galerii z Europy Zachodniej, kt\u00f3rzy do tej pory nie odwiedzali targ\u00f3w w Gda\u0144sku. Ewa Racho\u0144 wspomnia\u0142a tak\u017ce o misji studyjnej dziennikarzy zagranicznych, kt\u00f3r\u0105 przygotowuje miasto Gda\u0144sk, oraz planowanej wystawie po\u015bwi\u0119conej pami\u0119ci tragicznie zmar\u0142ego Aleksandra \u017burawlowa.<\/p>\n<p>Joanna Czauderna-Szreter z MTG S.A. przedstawi\u0142a plany organizacyjne Wielkiej Gali Mody i Bursztynu, kt\u00f3ra po raz kolejny zostanie przygotowana z finansow\u0105 pomoc\u0105 miasta Gda\u0144ska i \u2013 jak od kilku lat \u2013 odb\u0119dzie si\u0119 w budynku Filharmonii Ba\u0142tyckiej na wyspie O\u0142owiance. Zapowiedzia\u0142a ona osiem pokaz\u00f3w, w tym takich projektant\u00f3w mody jak Jola S\u0142oma &amp; Mirek Trymbulak, Micha\u0142 Starost czy Ewa Minge. Ca\u0142o\u015b\u0107 wyre\u017cyseruj\u0105 Alicja i Robert Florczakowie, a poprowadz\u0105 Monika Richardson oraz Miros\u0142aw Baka.<\/p>\n<p>W dalszej cz\u0119\u015bci spotkania dyskutowano o kilku artyku\u0142ach w fachowej prasie \u015bwiatowej, kt\u00f3re dotyczy\u0142y tzw. zielonego bursztynu, czyli utwardzanego kopalu kolumbijskiego. Stanowi on du\u017ce zagro\u017cenie dla zaufania kupc\u00f3w do bi\u017cuterii bursztynowej. Cz\u0142onkowie komisji jednog\u0142o\u015bnie zdecydowali o zaostrzeniu kontroli stoisk na targach Amberif, na kt\u00f3rych obowi\u0105zuje ca\u0142kowity zakaz sprzeda\u017cy namiastek i falsyfikat\u00f3w bursztynu ba\u0142tyckiego, oraz o przygotowaniu kampanii informacyjnej w\u015br\u00f3d kupc\u00f3w o mo\u017cliwo\u015bci zbadania bursztynu na stoisku Laboratorium Bursztynu.<\/p>\n<p><strong>Mi\u0119dzynarodowe Targi Bursztynu, Bi\u017cuterii i Kamieni Jubilerskich Amberif<br \/>10-13.03.2010<br \/>Gda\u0144sk, ul. Beniowskiego 5<\/strong><\/p>","protected":false},"excerpt":{"rendered":"<p>Od obiecuj\u0105cej informacji rozpocz\u0105\u0142 prezes Mi\u0119dzynarodowych Targ\u00f3w Gda\u0144skich spotkanie konsultant\u00f3w targ\u00f3w Amberif: konkurs na koncepcj\u0119 architektoniczn\u0105 nowych teren\u00f3w targowych MTG b\u0119dzie rozstrzygni\u0119ty w najbli\u017cszych dniach.<\/p>","protected":false},"author":4,"featured_media":14228,"comment_status":"closed","ping_status":"closed","sticky":false,"template":"","format":"standard","meta":{"_acf_changed":false,"slim_seo":{"title":"Spotkanie Rady Programowej i Konsultant\u00f3w targ\u00f3w Amberif - Amber Portal","description":"Od obiecuj\u0105cej informacji rozpocz\u0105\u0142 prezes Mi\u0119dzynarodowych Targ\u00f3w Gda\u0144skich spotkanie konsultant\u00f3w targ\u00f3w Amberif: konkurs na koncepcj\u0119 architektoniczn\u0105 nowych"},"footnotes":""},"categories":[120],"tags":[148],"sekcja":[],"class_list":["post-14229","post","type-post","status-publish","format-standard","has-post-thumbnail","hentry","category-targi","tag-amberif"],"acf":[],"_links":{"self":[{"href":"https:\/\/amber.com.pl\/en\/wp-json\/wp\/v2\/posts\/14229","targetHints":{"allow":["GET"]}}],"collection":[{"href":"https:\/\/amber.com.pl\/en\/wp-json\/wp\/v2\/posts"}],"about":[{"href":"https:\/\/amber.com.pl\/en\/wp-json\/wp\/v2\/types\/post"}],"author":[{"embeddable":true,"href":"https:\/\/amber.com.pl\/en\/wp-json\/wp\/v2\/users\/4"}],"replies":[{"embeddable":true,"href":"https:\/\/amber.com.pl\/en\/wp-json\/wp\/v2\/comments?post=14229"}],"version-history":[{"count":0,"href":"https:\/\/amber.com.pl\/en\/wp-json\/wp\/v2\/posts\/14229\/revisions"}],"wp:featuredmedia":[{"embeddable":true,"href":"https:\/\/amber.com.pl\/en\/wp-json\/wp\/v2\/media\/14228"}],"wp:attachment":[{"href":"https:\/\/amber.com.pl\/en\/wp-json\/wp\/v2\/media?parent=14229"}],"wp:term":[{"taxonomy":"category","embeddable":true,"href":"https:\/\/amber.com.pl\/en\/wp-json\/wp\/v2\/categories?post=14229"},{"taxonomy":"post_tag","embeddable":true,"href":"https:\/\/amber.com.pl\/en\/wp-json\/wp\/v2\/tags?post=14229"},{"taxonomy":"sekcja","embeddable":true,"href":"https:\/\/amber.com.pl\/en\/wp-json\/wp\/v2\/sekcja?post=14229"}],"curies":[{"name":"wp","href":"https:\/\/api.w.org\/{rel}","templated":true}]}}