{"id":14197,"date":"2010-01-12T11:40:51","date_gmt":"2010-01-12T10:40:51","guid":{"rendered":"https:\/\/wp.amber.com.pl\/bogaty-program-amberifu\/"},"modified":"2025-12-07T18:47:17","modified_gmt":"2025-12-07T17:47:17","slug":"bogaty-program-amberifu","status":"publish","type":"post","link":"https:\/\/amber.com.pl\/en\/aktualnosci\/bogaty-program-amberifu\/","title":{"rendered":"Bogaty program Amberifu"},"content":{"rendered":"<p>Amberif to bez w\u0105tpienia jedyne miejsce tak bogatej i wieloaspektowej prezentacji bursztynu uzupe\u0142nionej o wyroby jubilerskie ze srebra i z\u0142ota, bi\u017cuteri\u0119 artystyczn\u0105, kamienie jubilerskie, zegarki i zegary oraz maszyny, narz\u0119dzia i opakowania. Tradycyjnie oferta wystawc\u00f3w jest podzielona na trzy sektory zlokalizowane w trzech Halach: Bursztynowej, Bursztynowo-Srebrnej, Z\u0142otej i Pawilonie Technicznym. Pierwsza wa\u017cna impreza targowa w Polsce budzi zainteresowanie tak\u017ce zagranicznych wystawc\u00f3w \u2013 g\u0142\u00f3wnie W\u0142och\u00f3w i Turk\u00f3w, kt\u00f3rzy maj\u0105 do zaoferowania bi\u017cuteri\u0119 z\u0142ot\u0105, oraz Belg\u00f3w proponuj\u0105cych swym odbiorcom diamenty.<\/p>\n<p>Od ubieg\u0142ego roku targi s\u0105 zamkni\u0119te dla publiczno\u015bci niefachowej. Obowi\u0105zuje regulaminowy zakaz wystawiania namiastek, kopalu kolumbijskiego oraz falsyfikat\u00f3w bursztynu ba\u0142tyckiego. Bursztyn prasowany oraz inny ni\u017c ba\u0142tycki musi by\u0107 czytelnie oznakowany. Organem kontroluj\u0105cym jest Komisja Bursztynu, a przykre sankcje to natychmiastowe zamkni\u0119cie stoiska oraz nieprzyj\u0119cie zg\u0142oszenia oferty uczestnictwa w kolejnych edycjach targ\u00f3w Amberif i Ambermart.<\/p>\n<p><strong>Konkursy i wystawy<\/strong><\/p>\n<p>Imprezie tej towarzysz\u0105 konkursy o tematyce bursztynowej: <a href=\"https:\/\/amber.com.pl\/en\/amberif-design-award-competition\/\">Amberif Design Award<\/a>, w kt\u00f3rym oceniane s\u0105 najciekawsze projekty, <a href=\"https:\/\/amber.com.pl\/en\/mercurius-gedanensis-jewellery-competition\/\">Mercurius Gedanensis<\/a> na najciekawsze wzornictwo gotowych wyrob\u00f3w prezentowanych na targach, <a href=\"https:\/\/amber.com.pl\/en\/faq\/\">Bursztyn w Rzemio\u015ble<\/a> pokazuj\u0105cy kunszt z\u0142otnik\u00f3w oraz wyr\u00f3\u017cnienie Bursztynowa Kula dla zwyci\u0119skiego projektu bi\u017cuterii. Odwiedzaj\u0105cy b\u0119d\u0105 mieli tak\u017ce okazj\u0119 obejrzenia prac zg\u0142oszonych do konkursu<a href=\"https:\/\/amber.com.pl\/en\/najlepsze-projekty-bizuterii-z-kapsli\/\"> \u201eZaprojektuj bi\u017cuteri\u0119 z kapsli\u201d<\/a>. Niew\u0105tpliw\u0105 atrakcj\u0105 b\u0119d\u0105 bursztynowe rze\u017aby autorstwa <a href=\"https:\/\/amber.com.pl\/en\/gerhard-helmers\/\">Gerharda Helmersa<\/a> prezentowane na stoisku Muzeum Bursztynu z Ribnitz-Damgarten. Warto zobaczy\u0107 tak\u017ce replik\u0119 kupieckiego wozu z okresu cesarstwa rzymskiego \u2013 Gda\u0144sk jest jednym z przystank\u00f3w prezentacji w ramach projektu Muzeum Ziemi Kaliskiej <a href=\"https:\/\/amber.com.pl\/en\/replika-wozu-rzymskiego-atrakcja-kalisza\/\">\u201eWyprawa po bursztyn\u201d<\/a>. Osoby zainteresowane inkluzjami w bursztynie powinny znale\u017a\u0107 czas na obejrzenie przygotowanej przez Muzeum Inkluzji w Bursztynie Galerii Paleontologicznej. <a href=\"https:\/\/amber.com.pl\/en\/bursztyn-i-jego-imitacje\/\">Imitacje i fa\u0142szerstwa bursztynu<\/a> b\u0119d\u0105 prezentowane na wystawie zorganizowanej przez Komisj\u0119 Rzeczoznawc\u00f3w Mi\u0119dzynarodowego Stowarzyszenia Bursztynnik\u00f3w.<\/p>\n<p><strong>Seminaria<\/strong><\/p>\n<p>Od 1994 roku targom Amberif towarzyszy cykl seminari\u00f3w dla znawc\u00f3w i mi\u0142o\u015bnik\u00f3w bursztynu i bi\u017cuterii. W tym roku b\u0119dzie to seminarium gemmologiczne zorganizowane przez Stowarzyszenie Rzeczoznawc\u00f3w Jubilerskich we wsp\u00f3\u0142pracy z Wysok\u0105 Rad\u0105 Diament\u00f3w z Antwerpii oraz seminarium o bursztynie Mi\u0119dzynarodowego Stowarzyszenia Bursztynnik\u00f3w i Muzeum Ziemi PAN w Warszawie. Na targach pojawi si\u0119 w wydaniu ksi\u0105\u017ckowym drugi tom wyk\u0142ad\u00f3w seminaryjnych z lat 2005-2009.<\/p>\n<p><strong>Wieczorne atrakcje<\/strong><\/p>\n<p>Niezmiennie ciekawa pozostaje lista propozycji na sp\u0119dzenie wieczoru w klimacie artystycznym. W\u015br\u00f3d nich jako najbardziej atrakcyjna jawi si\u0119 Wielka Gala Mody i Bursztynu \u2013 prezentacja efekt\u00f3w prac duet\u00f3w projektant\u00f3w mody i bi\u017cuterii stworzonych specjalnie na t\u0119 okazj\u0119. Wielu wra\u017ce\u0144 dostarcz\u0105 niew\u0105tpliwie wystawa bi\u017cuterii i naturalnych bry\u0142 krzemienia pasiastego Cezarego \u0141utowicza w Galerii Ambermoda w Sopocie oraz wernisa\u017c Grupy Sze\u015b\u0107 w sopockim Sfinksie zatytu\u0142owany \u201eTo kolejna mi\u0142osna piosenka o \u015bmierci\u201d \u2013 do udzia\u0142u w wystawie zosta\u0142o zaproszonych sze\u015bciu zagranicznych tw\u00f3rc\u00f3w.&nbsp;<\/p>","protected":false},"excerpt":{"rendered":"<p>Przed nami 17 edycja Mi\u0119dzynarodowych Targ\u00f3w Bursztynu, Bi\u017cuterii i Kamieni Jubilerskich Amberif w Gda\u0144sku. W dniach 10-13 marca 2010 organizator spodziewa si\u0119 blisko 450 wystawc\u00f3w g\u0142\u00f3wnie z Polski, Litwy, Belgii, Niemiec, W\u0142och i Turcji. Z ich ofert\u0105 zapozna si\u0119 szacunkowo oko\u0142o 6.000 rejestrowanych go\u015bci z ponad 40 kraj\u00f3w \u015bwiata.<\/p>","protected":false},"author":4,"featured_media":14196,"comment_status":"closed","ping_status":"closed","sticky":false,"template":"","format":"standard","meta":{"_acf_changed":false,"slim_seo":{"title":"Bogaty program Amberifu - Amber Portal","description":"Przed nami 17 edycja Mi\u0119dzynarodowych Targ\u00f3w Bursztynu, Bi\u017cuterii i Kamieni Jubilerskich Amberif w Gda\u0144sku. W dniach 10-13 marca 2010 organizator spodziewa si\u0119"},"footnotes":""},"categories":[120],"tags":[148],"sekcja":[],"class_list":["post-14197","post","type-post","status-publish","format-standard","has-post-thumbnail","hentry","category-targi","tag-amberif"],"acf":[],"_links":{"self":[{"href":"https:\/\/amber.com.pl\/en\/wp-json\/wp\/v2\/posts\/14197","targetHints":{"allow":["GET"]}}],"collection":[{"href":"https:\/\/amber.com.pl\/en\/wp-json\/wp\/v2\/posts"}],"about":[{"href":"https:\/\/amber.com.pl\/en\/wp-json\/wp\/v2\/types\/post"}],"author":[{"embeddable":true,"href":"https:\/\/amber.com.pl\/en\/wp-json\/wp\/v2\/users\/4"}],"replies":[{"embeddable":true,"href":"https:\/\/amber.com.pl\/en\/wp-json\/wp\/v2\/comments?post=14197"}],"version-history":[{"count":0,"href":"https:\/\/amber.com.pl\/en\/wp-json\/wp\/v2\/posts\/14197\/revisions"}],"wp:featuredmedia":[{"embeddable":true,"href":"https:\/\/amber.com.pl\/en\/wp-json\/wp\/v2\/media\/14196"}],"wp:attachment":[{"href":"https:\/\/amber.com.pl\/en\/wp-json\/wp\/v2\/media?parent=14197"}],"wp:term":[{"taxonomy":"category","embeddable":true,"href":"https:\/\/amber.com.pl\/en\/wp-json\/wp\/v2\/categories?post=14197"},{"taxonomy":"post_tag","embeddable":true,"href":"https:\/\/amber.com.pl\/en\/wp-json\/wp\/v2\/tags?post=14197"},{"taxonomy":"sekcja","embeddable":true,"href":"https:\/\/amber.com.pl\/en\/wp-json\/wp\/v2\/sekcja?post=14197"}],"curies":[{"name":"wp","href":"https:\/\/api.w.org\/{rel}","templated":true}]}}