{"id":14132,"date":"2009-12-10T13:12:48","date_gmt":"2009-12-10T12:12:48","guid":{"rendered":"https:\/\/wp.amber.com.pl\/replika-wozu-rzymskiego-atrakcja-kalisza\/"},"modified":"2025-12-07T18:47:18","modified_gmt":"2025-12-07T17:47:18","slug":"replika-wozu-rzymskiego-atrakcja-kalisza","status":"publish","type":"post","link":"https:\/\/amber.com.pl\/en\/aktualnosci\/replika-wozu-rzymskiego-atrakcja-kalisza\/","title":{"rendered":"Replika wozu rzymskiego atrakcj\u0105 Kalisza"},"content":{"rendered":"<p><strong>Kaliszanie t\u0142umnie przybyli na G\u0142\u00f3wny Rynek, by bawi\u0107 si\u0119 na tegorocznych &#8220;Miko\u0142ajkach&#8221;. By\u0142y wyst\u0119py i konkursy, uroczyste zapalenie \u015bwiate\u0142ek na choince, &#8220;najazd&#8221; motocyklowych Miko\u0142aj\u00f3w. Jednak najwi\u0119ksze wra\u017cenie zrobi\u0142a prezentacja repliki wozu rzymskiego.<\/strong><\/p>\n<p><strong><\/strong><strong><br \/>\n<\/strong><\/p>\n<p><strong>Staro\u017cytna niespodzianka<\/strong><\/p>\n<p>W niedzielne popo\u0142udnie tysi\u0105ce kaliszan przyby\u0142o, by sp\u0119dzi\u0107 razem &#8220;Miko\u0142ajki&#8221;, nie bacz\u0105c na siarczysty deszcz. Okaza\u0142o si\u0119, \u017ce by\u0142o warto: wyst\u0119py i popisy wokalne na scenie, konkursy i zabawy. Najwi\u0119ksze wra\u017cenie na zebranych zrobi\u0142a prezentacja staro\u017cytnej niespodzianki: w blasku i przy wystrza\u0142ach fajerwerk\u00f3w na betonowym cokole ods\u0142oni\u0119to zrekonstruowany rzymski w\u00f3z kupiecki. Jest to jedyna w Polsce wierna replika wozu, jakim kupcy wyprawiali si\u0119 po bursztyn w okresie Cesarstwa Rzymskiego. \u2013Trzymali\u015bmy si\u0119 \u015bci\u015ble dokumentacji historycznej. Fragmenty staro\u017cytnego wozu znaleziono w Niemczech. Opracowanie projektu pojazdu poprzedzi\u0142y wyprawy do Kolonii i Monachium \u2013 m\u00f3wi budowniczy wozu Mieczys\u0142aw Machowicz. W rozmowie z PAP wyja\u015bni\u0142, \u017ce karoseria wozu, gdzie siedzieli pasa\u017cerowie, jest pokryta sk\u00f3r\u0105 juchtow\u0105, kt\u00f3ra zosta\u0142a zakonserwowana tranem i natarta woskiem chroni\u0105cym przed deszczem. Doda\u0142, \u017ce przy budowie wsp\u00f3\u0142pracowali m.in. kowale, stolarze i stelmach. Zrekonstruowany pojazd, kt\u00f3rym mo\u017ce podr\u00f3\u017cowa\u0107 6-7 os\u00f3b, ma 3 m d\u0142ugo\u015bci. W przysz\u0142ym roku ma odwiedzi\u0107 wiele miast w kraju i promowa\u0107 Kalisz. W ramach obchod\u00f3w jubileuszu 18,5 wieku Kalisza zostanie zorganizowana &#8220;Wyprawa po bursztyn&#8221;, b\u0119d\u0105ca cz\u0119\u015bci\u0105 mi\u0119dzynarodowego projektu promuj\u0105cego najstarsze z polskich miast.<\/p>\n<p><strong>Mi\u0119dzynarodowy projekt<\/strong><\/p>\n<p>&#8220;Wyprawa po bursztyn&#8221; to projekt mi\u0119dzynarodowy realizowany w ramach Programu \u201eKultura 2007-2013&#8243;.  Projekt kaliski zosta\u0142 wybrany \u2013 obok Gda\u0144ska, Krakowa i Torunia \u2013 spo\u015br\u00f3d kilkuset i otrzyma\u0142 dofinansowanie Komisji Europejskiej i Urz\u0119du Marsza\u0142kowskiego. \u2013 \u201eWyprawa po bursztyn\u201d to artystyczno-badawcze przedsi\u0119wzi\u0119cie, w kt\u00f3rym odwo\u0142ujemy si\u0119 do wsp\u00f3lnego europejskiego dziedzictwa kulturowego. Szlak Bursztynowy w czasach Imperium Rzymskiego by\u0142 tym, czym dla nas wsp\u00f3\u0142czesnych mog\u0142aby by\u0107 wygodna transeuropejska autostrada unifikuj\u0105ca spo\u0142eczno\u015bci mimo r\u00f3\u017cnic j\u0119zykowych, kulturowych i cywilizacyjnych. Chcemy, aby w podr\u00f3\u017c przez ziemie pomi\u0119dzy Ba\u0142tykiem a Adriatykiem, \u015bladami staro\u017cytnych kupc\u00f3w, ruszy\u0142 zrekonstruowany przez nas rzymski w\u00f3z pocztowy. Ma by\u0107 on jednak jedynie punktem wyj\u015bcia do szeregu dzia\u0142a\u0144 interdyscyplinarnych wspieraj\u0105cych ponadnarodow\u0105 mobilno\u015b\u0107 os\u00f3b dzia\u0142aj\u0105cych w sektorze kultury oraz ponadgraniczny obieg dzie\u0142 oraz wyrob\u00f3w artystycznych i kulturalnych \u2013 opowiada koordynator Lechos\u0142aw Ochocki. Bud\u017cet projektu wyniesie ponad 350 tysi\u0119cy euro. Wysoko\u015b\u0107 grantu europejskiego to 179 tysi\u0119cy euro. Zrealizuj\u0105 go wsp\u00f3lnie Muzeum Okr\u0119gowe Ziemi Kaliskiej, Miasto Kalisz, miasta Adria we W\u0142oszech i Martin w S\u0142owacji, Muzeum Komensk\u00e9ho Prerov w Czechach i Muzeum w Sopron na W\u0119grzech.<\/p>\n<p>G\u0142\u00f3wne dzia\u0142ania projektu to: widowisko historyczne, podczas kt\u00f3rego prezentowany b\u0119dzie kaliski w\u00f3z, cykl wystaw &#8220;Magia bursztynu&#8221;, konferencja naukowa. W\u00f3z pocztowy b\u0119dzie prezentowany w Polsce i poza jej granicami. Partnerami Kalisza s\u0105 miasta po\u0142o\u017cone na Szlaku Bursztynowym: Gda\u0144sk, Martin, Soporon, Ptuj, Adria. W\u00f3z b\u0119dzie prezentowany, m.in. podczas Mi\u0119dzynarodowych Targ\u00f3w Bursztynu Amberif i podczas Jarmarku Dominika\u0144skiego w Gda\u0144sku oraz w Biskupinie i Wieluniu.<\/p>\n<p><strong>Inne staro\u017cytne i bursztynowe atrakcje<\/strong><\/p>\n<p>Ogromnym zainteresowaniem cieszy\u0142a si\u0119 przygotowana w ratuszu prezentacja dotycz\u0105c\u0105 staro\u017cytnego Rzymu oraz wystawa fotograficzna pt. &#8220;Historia powstania bursztynu&#8221;, przygotowana we wsp\u00f3\u0142pracy z Muzeum Ziemi Polskiej Akademii Nauk w Warszawie. W atrakcyjnej formie  pokaz prowadzili cz\u0142onkowie historycznej grupy rekonstrukcyjnej Legio XXI Rapax. Zwiedzaj\u0105cy oblegali stoiska z rzymskimi wyrobami, s\u0142uchali barwnych opowie\u015bci, przygl\u0105dali si\u0119 pokazom praktycznych zastosowa\u0144 replik przedmiot\u00f3w z \u017cycia codziennego Rzymian.<\/p>\n<p><strong>Rekonstrukcja wjazdu wozu w czerwcu<\/strong><\/p>\n<p>\u2013 Przygotowujemy scenariusz atrakcyjnego widowiska \u201ewjazdu wozu\u201d w otoczeniu kupc\u00f3w i rzymskich legionist\u00f3w do centrum Kalisza. Teatralizowane sceny z dawnych czas\u00f3w, uwzgl\u0119dniaj\u0105ce elementy happeningu i interakcji z widzem, kr\u0105\u017cy\u0107 b\u0119d\u0105 wok\u00f3\u0142 prezentacji sztuki i rzemios\u0142a oraz obyczaj\u00f3w wojennych i codziennego \u017cycia \u2013 zapowiada Lechos\u0142aw Ochocki. \u2013 Pragniemy, aby aktorzy i wsp\u00f3\u0142tw\u00f3rcy inscenizacji pochodzili z kraj\u00f3w uczestnicz\u0105cych w projekcie. Uliczne dzia\u0142ania maj\u0105 na celu prezentacj\u0119 scen historycznych i zabaw oscyluj\u0105cych wok\u00f3\u0142 dawnych tradycji i obyczaj\u00f3w. Teatralne widowisko zawiera\u0107 b\u0119dzie szereg scen granicz\u0105cych z happeningiem, takich jak chocia\u017cby pr\u00f3ba autentycznego handlu z miejscowymi, obj\u0119cie terenu protektoratem rzymskim. Poka\u017cemy \u017cycie obozowe ze szczeg\u00f3lnym uwzgl\u0119dnieniem kuchni rzymskiej, pokazu u\u017cytkowego r\u0119kodzie\u0142a antycznego, jak tkactwo, wikliniarstwo czy bursztyniarstwo, czy wszelkich towar\u00f3w handlowych, kt\u00f3re kupcy ze sob\u0105 wie\u017ali \u2013 dodaje.<\/p>\n<p>Widowisko b\u0119dzie mia\u0142o charakter imprezy dwudniowej. Pierwszego dnia w Parku Miejskim stanie  obozowisko. Odb\u0119dzie si\u0119 degustacja potraw obozowych i pokazy walk rycerskich. B\u0119dzie mo\u017cna r\u00f3wnie\u017c zakupi\u0107 drobne pami\u0105tki i wyroby rzemie\u015blnik\u00f3w. Na drugi dzie\u0144 zaplanowano: przemarsz barwnego korowodu ulic\u0105 Zamkow\u0105 na G\u0142\u00f3wny Rynek, powitanie korowodu przez mieszka\u0144c\u00f3w i w\u0142odarzy miasta, przekazanie podarunk\u00f3w dla miasta i jego mieszka\u0144c\u00f3w, starcie Rzymian z Barbarzy\u0144cami \u2013 inscenizacja na Placu Teatralnym, przej\u015bcie korowodu na Zawodzie i zdobywanie Zawodzia.<\/p>\n<p>Realizatorzy projektu po\u0142o\u017c\u0105 du\u017cy nacisk na jego promocj\u0119. Przewidziana jest kampania w mediach, nakr\u0119cenie filmu, przygotowanie wystawy z przebiegu &#8220;Wyprawy po bursztyn&#8221; oraz wydanie ksi\u0105\u017cki, kt\u00f3ra b\u0119dzie pok\u0142osiem konferencji naukowej.<\/p>\n<p><em>\u0179r\u00f3d\u0142o: www.kalisz.pl. fot. www.kalisz.pl: I. Cie\u015blak, J. Marciniak, K. Zachara<\/em><\/p><\/p>","protected":false},"excerpt":{"rendered":"<p>Zaledwie w kilka dni kilka tysi\u0119cy os\u00f3b zobaczy\u0142o replik\u0119 wozu rzymskiego, eksponowan\u0105 na placu przed kaliskim ratuszem. W ramach projektu &#8220;Wyprawa po bursztyn&#8221; b\u0119dzie on prezentowany tak\u017ce w kilku miastach w Polsce i zagranic\u0105.<\/p>","protected":false},"author":5,"featured_media":14131,"comment_status":"closed","ping_status":"closed","sticky":false,"template":"","format":"standard","meta":{"_acf_changed":false,"slim_seo":{"title":"Replika wozu rzymskiego atrakcj\u0105 Kalisza - Amber Portal","description":"Zaledwie w kilka dni kilka tysi\u0119cy os\u00f3b zobaczy\u0142o replik\u0119 wozu rzymskiego, eksponowan\u0105 na placu przed kaliskim ratuszem. W ramach projektu \"Wyprawa po bursztyn\""},"footnotes":""},"categories":[121],"tags":[],"sekcja":[],"class_list":["post-14132","post","type-post","status-publish","format-standard","has-post-thumbnail","hentry","category-wydarzenia"],"acf":[],"_links":{"self":[{"href":"https:\/\/amber.com.pl\/en\/wp-json\/wp\/v2\/posts\/14132","targetHints":{"allow":["GET"]}}],"collection":[{"href":"https:\/\/amber.com.pl\/en\/wp-json\/wp\/v2\/posts"}],"about":[{"href":"https:\/\/amber.com.pl\/en\/wp-json\/wp\/v2\/types\/post"}],"author":[{"embeddable":true,"href":"https:\/\/amber.com.pl\/en\/wp-json\/wp\/v2\/users\/5"}],"replies":[{"embeddable":true,"href":"https:\/\/amber.com.pl\/en\/wp-json\/wp\/v2\/comments?post=14132"}],"version-history":[{"count":0,"href":"https:\/\/amber.com.pl\/en\/wp-json\/wp\/v2\/posts\/14132\/revisions"}],"wp:featuredmedia":[{"embeddable":true,"href":"https:\/\/amber.com.pl\/en\/wp-json\/wp\/v2\/media\/14131"}],"wp:attachment":[{"href":"https:\/\/amber.com.pl\/en\/wp-json\/wp\/v2\/media?parent=14132"}],"wp:term":[{"taxonomy":"category","embeddable":true,"href":"https:\/\/amber.com.pl\/en\/wp-json\/wp\/v2\/categories?post=14132"},{"taxonomy":"post_tag","embeddable":true,"href":"https:\/\/amber.com.pl\/en\/wp-json\/wp\/v2\/tags?post=14132"},{"taxonomy":"sekcja","embeddable":true,"href":"https:\/\/amber.com.pl\/en\/wp-json\/wp\/v2\/sekcja?post=14132"}],"curies":[{"name":"wp","href":"https:\/\/api.w.org\/{rel}","templated":true}]}}