{"id":13992,"date":"2009-10-22T22:52:25","date_gmt":"2009-10-22T20:52:25","guid":{"rendered":"https:\/\/wp.amber.com.pl\/bursztyn-klejnotem-polskiej-bizuterii-2010\/"},"modified":"2025-12-07T18:47:20","modified_gmt":"2025-12-07T17:47:20","slug":"bursztyn-klejnotem-polskiej-bizuterii-2010","status":"publish","type":"post","link":"https:\/\/amber.com.pl\/en\/aktualnosci\/bursztyn-klejnotem-polskiej-bizuterii-2010\/","title":{"rendered":"Bursztyn Klejnotem Polskiej Bi\u017cuterii 2010?"},"content":{"rendered":"<\/p>\n<p><strong>Czy w 2010 roku \u2013 podobnie jak w 2009 \u2013 bursztyn znowu zago\u015bci na ok\u0142adce Katalogu Polska Bi\u017cuteria? Na portalu pb.info.pl do 6 listopada trwa g\u0142osowanie na najpi\u0119kniejsze zdaniem internaut\u00f3w wyroby.<\/strong><\/p>\n<p>W\u015br\u00f3d prezentowanych prac znaczn\u0105 cz\u0119\u015b\u0107 stanowi bi\u017cuteria z bursztynem \u2013 w znakomitej wi\u0119kszo\u015bci s\u0105 to interesuj\u0105ce wzorniczo prace. G\u0142osowanie trwa do 6 listopada \u2013 ka\u017cdego mo\u017cna oddawa\u0107 g\u0142osy na dowoln\u0105 ilo\u015b\u0107 wybranych prac. Og\u0142oszenie wynik\u00f3w nast\u0105pi 13 listopada. Internauci wybior\u0105 3 prace, kt\u00f3re otrzymaj\u0105 tytu\u0142 Klejnotu Polskiej Bi\u017cuterii, a komisja konkursowa wybierze spo\u015br\u00f3d nich prac\u0119 na ok\u0142adk\u0119 Katalogu Polska Bi\u017cuteria 2010.<\/p>\n<p>Z przyjemno\u015bci\u0105 przypominamy, \u017ce dotychczas w\u015br\u00f3d laureat\u00f3w tego wyr\u00f3\u017cnienia znalaz\u0142o si\u0119 ju\u017c pi\u0119\u0107 firm bursztynniczych: \u201eCia\u0142a niebieskie\u201d A2 Pracowni Jubilerskiej Andrzeja Adamskiego (2009), pier\u015bcionek \u201eDama modern\u201d Marka Mikickiego (2008), naszyjnik \u201eAl dente\u201d Pracowni Motyle Darii Jankowiak-Byczkowskiej (2006), naszyjnik \u201eFutro\u201d firmy S&amp;A Bursztynowa Bi\u017cuteria (2005), kolia \u201eMro\u017cone pi\u0119kno bursztynu\u201d Firmy Jubilerskiej Ma\u0142gorzata W\u0105sowska (2004) oraz patera z owocami ze z\u0142ota, srebra i bursztynu autorstwa Mariusza Drapikowskiego (2003).<\/p><\/p>","protected":false},"excerpt":{"rendered":"<p>Czy w 2010 roku \u2013 podobnie jak w 2009 \u2013 bursztyn znowu zago\u015bci na ok\u0142adce Katalogu Polska Bi\u017cuteria? Na portalu pb.info.pl do 6 listopada trwa g\u0142osowanie na najpi\u0119kniejsze zdaniem internaut\u00f3w wyroby.<\/p>","protected":false},"author":4,"featured_media":13991,"comment_status":"closed","ping_status":"closed","sticky":false,"template":"","format":"standard","meta":{"_acf_changed":false,"slim_seo":{"title":"Bursztyn Klejnotem Polskiej Bi\u017cuterii 2010? - Amber Portal","description":"Czy w 2010 roku \u2013 podobnie jak w 2009 \u2013 bursztyn znowu zago\u015bci na ok\u0142adce Katalogu Polska Bi\u017cuteria? Na portalu pb.info.pl do 6 listopada trwa g\u0142osowanie na naj"},"_slim_seo_primary_term_category":0,"_slim_seo_primary_term_post_tag":0,"_slim_seo_primary_term_sekcja":0,"footnotes":""},"categories":[1],"tags":[],"sekcja":[],"class_list":["post-13992","post","type-post","status-publish","format-standard","has-post-thumbnail","hentry","category-informacje"],"acf":[],"_links":{"self":[{"href":"https:\/\/amber.com.pl\/en\/wp-json\/wp\/v2\/posts\/13992","targetHints":{"allow":["GET"]}}],"collection":[{"href":"https:\/\/amber.com.pl\/en\/wp-json\/wp\/v2\/posts"}],"about":[{"href":"https:\/\/amber.com.pl\/en\/wp-json\/wp\/v2\/types\/post"}],"author":[{"embeddable":true,"href":"https:\/\/amber.com.pl\/en\/wp-json\/wp\/v2\/users\/4"}],"replies":[{"embeddable":true,"href":"https:\/\/amber.com.pl\/en\/wp-json\/wp\/v2\/comments?post=13992"}],"version-history":[{"count":0,"href":"https:\/\/amber.com.pl\/en\/wp-json\/wp\/v2\/posts\/13992\/revisions"}],"wp:featuredmedia":[{"embeddable":true,"href":"https:\/\/amber.com.pl\/en\/wp-json\/wp\/v2\/media\/13991"}],"wp:attachment":[{"href":"https:\/\/amber.com.pl\/en\/wp-json\/wp\/v2\/media?parent=13992"}],"wp:term":[{"taxonomy":"category","embeddable":true,"href":"https:\/\/amber.com.pl\/en\/wp-json\/wp\/v2\/categories?post=13992"},{"taxonomy":"post_tag","embeddable":true,"href":"https:\/\/amber.com.pl\/en\/wp-json\/wp\/v2\/tags?post=13992"},{"taxonomy":"sekcja","embeddable":true,"href":"https:\/\/amber.com.pl\/en\/wp-json\/wp\/v2\/sekcja?post=13992"}],"curies":[{"name":"wp","href":"https:\/\/api.w.org\/{rel}","templated":true}]}}