{"id":13863,"date":"2009-09-30T23:00:16","date_gmt":"2009-09-30T21:00:16","guid":{"rendered":"https:\/\/wp.amber.com.pl\/bursztynowa-moda-na-targach-zloto-srebro-czas\/"},"modified":"2025-12-07T18:47:22","modified_gmt":"2025-12-07T17:47:22","slug":"bursztynowa-moda-na-targach-zloto-srebro-czas","status":"publish","type":"post","link":"https:\/\/amber.com.pl\/en\/aktualnosci\/bursztynowa-moda-na-targach-zloto-srebro-czas\/","title":{"rendered":"Bursztynowa moda na targach Z\u0142oto Srebro Czas"},"content":{"rendered":"<figure class=\"wp-block-image alignleft\"><img decoding=\"async\" src=\"https:\/\/amber.com.pl\/wp-content\/uploads\/849_1-6fc.jpg\" alt=\"849_1\" class=\"wp-image-13862\"\/><\/figure>\n<p>Odbywaj\u0105ce si\u0119 w Warszawie targi \u2013 r\u00f3wnie\u017c ze wzgl\u0119du na lokalizacj\u0119 i rol\u0119 stolicy jako centrum wydarze\u0144 kulturalnych, politycznych i biznesowych \u2013 sta\u0142y si\u0119 wa\u017cnym miejscem prezentacji r\u00f3wnie\u017c dla firm oferuj\u0105cych wyroby z bursztynu. W tym roku na ok. 20 stoiskach \u2013 zar\u00f3wno producent\u00f3w, jak i projektant\u00f3w oraz artyst\u00f3w plastyk\u00f3w \u2013 zobaczymy bi\u017cuteri\u0119 oraz wyroby u\u017cytkowe wykonane z bursztynu i zdobione tym kamieniem. B\u0119d\u0105 to zar\u00f3wno modele produkowane seryjne, jak i limitowane kolekcje oraz wyroby unikatowe. Niezmiennie najpopularniejsze s\u0105 oprawy srebrne, kt\u00f3re jednak stopniowo ust\u0119puj\u0105 miejsca z\u0142otym, od kilku sezon\u00f3w modne s\u0105 \u0142\u0105czenia z kolorowymi kamieniami szlachetnymi i jubilerskimi oraz barwnymi kryszta\u0142ami Swarovskiego.<\/p>\n<p><strong>Trendy sprzyjaj\u0105 bursztynowi<\/strong><\/p>\n<p>Producenci, zdaj\u0105c sobie spraw\u0119 z wagi trend\u00f3w, staraj\u0105 si\u0119 je uwzgl\u0119dni\u0107 w swojej ofercie. Jak podkre\u015bla\u0142a Ambasador Bursztynu <a href=\"https:\/\/amber.com.pl\/en\/od-bursztynu-trudno-sie-uwolnic-rozmowa-z-lidia-popiel\/\">Lidia Popiel w wywiadzie dla portalu amber.com.pl<\/a>, aktualne trendy zdaj\u0105 si\u0119 sprzyja\u0107 bursztynowi. Jej zdaniem, bursztyn z mnogo\u015bci\u0105 swoich odmian barwnych \u015bwietnie wpisuje si\u0119 w modne obecnie inspiracje kontynentem afryka\u0144skim oraz powinien znale\u017a\u0107 eksponowane miejsce w imponuj\u0105cych rozmiarami koliach i naszyjnikach z kamieni o nieregularnych kszta\u0142tach. \u201eDu\u017ce bursztynowe kule czy oliwki, jak r\u00f3wnie\u017c okaza\u0142e formy b\u0119d\u0105 dobr\u0105 ilustracj\u0105 dla aktualnego trendu oversize \u2013 bursztyn jest lekki, wi\u0119c mo\u017cna za\u0142o\u017cy\u0107 nawet kilka naszyjnik\u00f3w czy ople\u015b\u0107 sobie nimi nadgarstek \u2013 m\u00f3wi\u0142a ta znana specjalistka w dziedzinie mody.<\/p>\n<p><strong>More information:<\/strong><br \/><a href=\"http:\/\/www.zlotosrebroczas.com\" target=\"_blank\" rel=\"noopener noreferrer nofollow\">www.zlotosrebroczas.com<\/a><a href=\"http:\/\/www.zlotosrebroczas.com\" target=\"_blank\" rel=\"noopener noreferrer nofollow\"><br \/>\n<\/a><\/p>\n<p><a href=\"http:\/\/www.zlotosrebroczas.com\" target=\"_blank\" rel=\"noopener noreferrer nofollow\"><\/a><em>Zdj\u0119cie: Bransoleta autorstwa Agaty Ca\u0142ki (Amber-Ring)<\/em><\/p><\/p>","protected":false},"excerpt":{"rendered":"<p>W najbli\u017cszy pi\u0105tek 2. pa\u017adziernika rozpocznie si\u0119 10. jubileuszowa edycja Targ\u00f3w Bi\u017cuterii i Zegark\u00f3w Z\u0142oto Srebro Czas, na kt\u00f3rych tradycyjnie nie zabraknie bursztynowej oferty.<\/p>","protected":false},"author":4,"featured_media":13861,"comment_status":"closed","ping_status":"closed","sticky":false,"template":"","format":"standard","meta":{"_acf_changed":false,"slim_seo":{"title":"Bursztynowa moda na targach Z\u0142oto Srebro Czas - Amber Portal","description":"W najbli\u017cszy pi\u0105tek 2. pa\u017adziernika rozpocznie si\u0119 10. jubileuszowa edycja Targ\u00f3w Bi\u017cuterii i Zegark\u00f3w Z\u0142oto Srebro Czas, na kt\u00f3rych tradycyjnie nie zabraknie b"},"footnotes":""},"categories":[120],"tags":[],"sekcja":[],"class_list":["post-13863","post","type-post","status-publish","format-standard","has-post-thumbnail","hentry","category-targi"],"acf":[],"_links":{"self":[{"href":"https:\/\/amber.com.pl\/en\/wp-json\/wp\/v2\/posts\/13863","targetHints":{"allow":["GET"]}}],"collection":[{"href":"https:\/\/amber.com.pl\/en\/wp-json\/wp\/v2\/posts"}],"about":[{"href":"https:\/\/amber.com.pl\/en\/wp-json\/wp\/v2\/types\/post"}],"author":[{"embeddable":true,"href":"https:\/\/amber.com.pl\/en\/wp-json\/wp\/v2\/users\/4"}],"replies":[{"embeddable":true,"href":"https:\/\/amber.com.pl\/en\/wp-json\/wp\/v2\/comments?post=13863"}],"version-history":[{"count":0,"href":"https:\/\/amber.com.pl\/en\/wp-json\/wp\/v2\/posts\/13863\/revisions"}],"wp:featuredmedia":[{"embeddable":true,"href":"https:\/\/amber.com.pl\/en\/wp-json\/wp\/v2\/media\/13861"}],"wp:attachment":[{"href":"https:\/\/amber.com.pl\/en\/wp-json\/wp\/v2\/media?parent=13863"}],"wp:term":[{"taxonomy":"category","embeddable":true,"href":"https:\/\/amber.com.pl\/en\/wp-json\/wp\/v2\/categories?post=13863"},{"taxonomy":"post_tag","embeddable":true,"href":"https:\/\/amber.com.pl\/en\/wp-json\/wp\/v2\/tags?post=13863"},{"taxonomy":"sekcja","embeddable":true,"href":"https:\/\/amber.com.pl\/en\/wp-json\/wp\/v2\/sekcja?post=13863"}],"curies":[{"name":"wp","href":"https:\/\/api.w.org\/{rel}","templated":true}]}}