{"id":13841,"date":"2009-09-16T21:58:25","date_gmt":"2009-09-16T19:58:25","guid":{"rendered":"https:\/\/wp.amber.com.pl\/ambermart-2009-zakonczony\/"},"modified":"2025-12-07T18:47:22","modified_gmt":"2025-12-07T17:47:22","slug":"ambermart-2009-zakonczony","status":"publish","type":"post","link":"https:\/\/amber.com.pl\/en\/aktualnosci\/ambermart-2009-zakonczony\/","title":{"rendered":"Ambermart 2009 zako\u0144czony"},"content":{"rendered":"<p><strong>Publiczno\u015b\u0107 niefachowa mile widziana<\/strong><\/p>\n<p>Podczas gdy liczba wystawc\u00f3w pozosta\u0142a na por\u00f3wnywalnym z ubieg\u0142oroczn\u0105 edycj\u0105 poziomie, znacznie wzros\u0142a liczba odwiedzaj\u0105cych. Wp\u0142yw na to ma niew\u0105tpliwie fakt, \u017ce organizator targ\u00f3w zabiega\u0142 o odwiedzaj\u0105cych niebran\u017cowych, chc\u0105c im niejako zrekompensowa\u0107 zakaz wst\u0119pu na marcowe targi Ambermart. Z my\u015bl\u0105 o nich tradycyjne wieczorne spotkania po\u0142\u0105czone z pokazem mody w Muzeum Bursztynu zosta\u0142y przeniesione na ulic\u0119 Mariack\u0105, aby tam \u2013 bez ogranicze\u0144 przestrzennych i przeciwpo\u017carowych \u2013 zaprezentowa\u0107 bursztynow\u0105 mod\u0119 pod has\u0142em &#8220;Bursztyny na Mariackiej&#8221;. W wyj\u0105tkowej scenerii tej nadzwyczaj ciekawej architektonicznie ulicy \u2013 z misternie rze\u017abionymi przedpro\u017cami i bogato zdobionymi fasadami dom\u00f3w \u2013 przechadza\u0142y si\u0119 modelki prezentuj\u0105ce kolekcje Agnieszki Gruszki i Aleksandra Gliwi\u0144skiego (Uliczne spotkania Mariacka Street) oraz Bo\u017ceny Kami\u0144skiej i Wojciecha Kujacha (Karnawa\u0142 wenecki).<\/p>\n<p>O tym, \u017ce g\u0142osy publiczno\u015bci s\u0105 wa\u017cne, \u015bwiadczy fakt, \u017ce od kilku lat zar\u00f3wno podczas Ambermartu, jak i Amberifu organizowane s\u0105 Konkursy Publiczno\u015bci. Tym razem najwi\u0119cej g\u0142os\u00f3w uznania otrzyma\u0142 zestaw bi\u017cuterii sk\u0142adaj\u0105cy si\u0119 z kolczyk\u00f3w, pier\u015bcionka i bransoletki Jacka Ostrowskiego , nieco mniej firmy Helena za pier\u015bcionek i koli\u0119 z bia\u0142ym bursztynem oraz Dagen za komplet bi\u017cuterii ze srebra i bursztynu, kt\u00f3re otrzyma\u0142y wyr\u00f3\u017cnienia.<\/p>\n<p><strong>Atrakcyjne atrakcje<\/strong><\/p>\n<p>Organizator przygotowa\u0142 nader bogaty program ramowy \u2013 by\u0142o w czym wybiera\u0107. Spo\u015br\u00f3d tych licznych atrakcji nale\u017cy z ca\u0142\u0105 pewno\u015bci\u0105 odnotowa\u0107 trzy wydarzenia: finisa\u017c wystawy Bogdana Mirowskiego \u201eSopocki s\u0142owik i inni\u201d w Galerii Ambermoda, \u201ePtakowie niebiescy\u201d przegl\u0105d tw\u00f3rczo\u015bci Piotra Wajchta w Galerii Sfera (jeszcze do 18. wrze\u015bnia) oraz \u201eFresh Design\u201d w Sopockiej Szkole Wy\u017cszej.<\/p>\n<p><strong><br \/>Prawdziwy czy fa\u0142szywy<\/strong><\/p>\n<p>To przestaje by\u0107 problemem zar\u00f3wno na targach Ambermart, jak i Amberif, dzi\u0119ki wprowadzeniu i egzekwowaniu zakazu sprzeda\u017cy falsyfikat\u00f3w i namiastek bursztynu, a bursztyn prasowany i \u017cywice kopalne musz\u0105 by\u0107 czytelnie oznakowane. Tradycyjnie ju\u017c identyfikacja bursztynu by\u0142a prowadzona w Laboratorium Bursztynu obs\u0142ugiwanym przez Komisj\u0119 Rzeczoznawc\u00f3w Mi\u0119dzynarodowego Stowarzyszenia Bursztynnik\u00f3w \u2013 z fachowej porady korzystaj\u0105 zar\u00f3wno wystawcy, jak i kupcy i go\u015bcie targ\u00f3w. Tam te\u017c Gabriela Gier\u0142owska prezentowa\u0142a swoj\u0105 najwi\u0119ksz\u0105 w Polsce kolekcj\u0119 falsyfikat\u00f3w bursztynu, ciesz\u0105c\u0105 si\u0119 niezmiennie bardzo du\u017cym zainteresowaniem os\u00f3b, kt\u00f3re chc\u0105 uzyska\u0107 odpowiedzi na nurtuj\u0105ce ich pytania zwi\u0105zane z okre\u015blonymi wyrobami z bursztynu z ich u\u017cytkowaniem.<\/p>\n<p><strong>Trudne biznesy w trudnych czasach<\/strong><\/p>\n<p>Nastroje panuj\u0105ce przed rozpocz\u0119ciem targ\u00f3w Ambermart by\u0142y znacznie lepsze ni\u017c jeszcze w marcu br. Z niekt\u00f3rych strategicznych dla bran\u017cy bursztynniczej rynk\u00f3w docieraj\u0105 pozytywne informacje \u2013 cho\u0107, jak wiadomo, jedna jask\u00f3\u0142ka wiosny nie czyni. Niemniej jednak wszystkie takie \u201ejask\u00f3\u0142ki\u201d s\u0105 serdecznie witane. Ju\u017c pierwszego dnia m\u00f3wi\u0142o si\u0119 o tym, \u017ce przyby\u0142o wi\u0119cej ni\u017c nawet na Amberif kupc\u00f3w z USA i Europy Zachodniej. Z rozm\u00f3w z wystawcami wynika, \u017ce ich oczekiwania wzgl\u0119dem imprezy zosta\u0142y w du\u017cej mierze zaspokojone, co oczywi\u015bcie nie oznacza, \u017ce nie by\u0142o niezadowolonych. Teoretycznie wystawcy maj\u0105 \u015bwiadomo\u015b\u0107 tego, \u017ce trudne czasy wymagaj\u0105 od nich jeszcze wi\u0119kszego wysi\u0142ku, jednak s\u0105dz\u0105c po prezentowanych kolekcjach, teoria mocno rozmija si\u0119 z praktyk\u0105 \u2013 tylko na bardzo nielicznych stoiskach mo\u017cna by\u0142o zobaczy\u0107 nowe, atrakcyjne propozycje, wi\u0119kszo\u015b\u0107 niezmiennie stawia na stare, sprawdzone (?) wzory.<\/p>\n<p><em>Zdj\u0119cie: Pokaz kolekcji &#8220;Uliczne spotkania Mariacka Street&#8221;, fot. Jacek Ostrowski.<\/em><\/p><\/p>","protected":false},"excerpt":{"rendered":"<p>3600 os\u00f3b, w tym 1400 go\u015bci bran\u017cowych z 28 kraj\u00f3w, odwiedzi\u0142o stoiska 130 wystawc\u00f3w podczas zako\u0144czonej w minion\u0105 sobot\u0119 10. edycji Targ\u00f3w Bursztynu Ambermart w Gda\u0144sku.<\/p>","protected":false},"author":4,"featured_media":13840,"comment_status":"closed","ping_status":"closed","sticky":false,"template":"","format":"standard","meta":{"_acf_changed":false,"slim_seo":{"title":"Ambermart 2009 zako\u0144czony - Amber Portal","description":"3600 os\u00f3b, w tym 1400 go\u015bci bran\u017cowych z 28 kraj\u00f3w, odwiedzi\u0142o stoiska 130 wystawc\u00f3w podczas zako\u0144czonej w minion\u0105 sobot\u0119 10. edycji Targ\u00f3w Bursztynu Ambermart"},"footnotes":""},"categories":[120],"tags":[],"sekcja":[],"class_list":["post-13841","post","type-post","status-publish","format-standard","has-post-thumbnail","hentry","category-targi"],"acf":[],"_links":{"self":[{"href":"https:\/\/amber.com.pl\/en\/wp-json\/wp\/v2\/posts\/13841","targetHints":{"allow":["GET"]}}],"collection":[{"href":"https:\/\/amber.com.pl\/en\/wp-json\/wp\/v2\/posts"}],"about":[{"href":"https:\/\/amber.com.pl\/en\/wp-json\/wp\/v2\/types\/post"}],"author":[{"embeddable":true,"href":"https:\/\/amber.com.pl\/en\/wp-json\/wp\/v2\/users\/4"}],"replies":[{"embeddable":true,"href":"https:\/\/amber.com.pl\/en\/wp-json\/wp\/v2\/comments?post=13841"}],"version-history":[{"count":0,"href":"https:\/\/amber.com.pl\/en\/wp-json\/wp\/v2\/posts\/13841\/revisions"}],"wp:featuredmedia":[{"embeddable":true,"href":"https:\/\/amber.com.pl\/en\/wp-json\/wp\/v2\/media\/13840"}],"wp:attachment":[{"href":"https:\/\/amber.com.pl\/en\/wp-json\/wp\/v2\/media?parent=13841"}],"wp:term":[{"taxonomy":"category","embeddable":true,"href":"https:\/\/amber.com.pl\/en\/wp-json\/wp\/v2\/categories?post=13841"},{"taxonomy":"post_tag","embeddable":true,"href":"https:\/\/amber.com.pl\/en\/wp-json\/wp\/v2\/tags?post=13841"},{"taxonomy":"sekcja","embeddable":true,"href":"https:\/\/amber.com.pl\/en\/wp-json\/wp\/v2\/sekcja?post=13841"}],"curies":[{"name":"wp","href":"https:\/\/api.w.org\/{rel}","templated":true}]}}