{"id":13538,"date":"2009-06-08T16:01:28","date_gmt":"2009-06-08T14:01:28","guid":{"rendered":"https:\/\/wp.amber.com.pl\/druga-edycja-jubinale\/"},"modified":"2025-12-07T18:47:26","modified_gmt":"2025-12-07T17:47:26","slug":"druga-edycja-jubinale","status":"publish","type":"post","link":"https:\/\/amber.com.pl\/en\/aktualnosci\/druga-edycja-jubinale\/","title":{"rendered":"Druga edycja Jubinale"},"content":{"rendered":"<p><strong>Zako\u0144czy\u0142a si\u0119 druga edycja targ\u00f3w Letnich Trend\u00f3w Jubilerskich i Zegarkowych Jubinale w Krakowie. W imprezie wzi\u0119\u0142o udzia\u0142 109 wystawc\u00f3w, w tym ok. 1\/3 stanowi\u0142y firmy oferuj\u0105ce wyroby z bursztynem. <\/strong><\/p>\n<p> Cho\u0107 generalna liczba wystawc\u00f3w pozosta\u0142a na podobnym poziomie i wynios\u0142a 109, sama ich struktura nieco r\u00f3\u017cni\u0142a si\u0119 od ubieg\u0142orocznej. Warto zauwa\u017cy\u0107, \u017ce obecnie mniej ni\u017c po\u0142owa wystawc\u00f3w z poprzedniego roku zdecydowa\u0142a si\u0119 na prezentacj\u0119 swej oferty. Znacznie spad\u0142o zainteresowanie t\u0105 imprez\u0105 w\u015br\u00f3d firm bursztynniczych: firm prezentuj\u0105cych bursztynow\u0105 bi\u017cuteri\u0119 oraz przedmioty u\u017cytkowe zdobione tym kamieniem by\u0142o o ok. po\u0142ow\u0119 mniej. Wi\u0119kszo\u015b\u0107 z nich pokazywa\u0142a bi\u017cuteri\u0119 stricte bursztynow\u0105 g\u0142\u00f3wnie w srebrnych oprawach, ale wiele by\u0142o przyk\u0142ad\u00f3w \u0142\u0105czenia \u201eba\u0142tyckiego z\u0142ota\u201d z innymi kolorowymi kamieniami jubilerskimi. Pewnym zaskoczeniem by\u0142a oferta firmy Balt, kt\u00f3ra obok swojej tradycyjnej bi\u017cuterii z bursztynem po raz pierwszy pokaza\u0142a bi\u017cuteri\u0119 srebrn\u0105 z kryszta\u0142ami Swarovskiego oraz kolorowymi kamieniami naturalnymi, m.in. onyksem, koralem i turkusem. Jak twierdzi jej wsp\u00f3\u0142w\u0142a\u015bciciel Leszek Duli\u0144ski, jest to jeden ze sposob\u00f3w radzenia sobie ze skutkami kryzysu na zagranicznych rynkach, gdzie firma dotychczas eksportowa\u0142a swoje wyroby. <br \/> Nie jest to nowo\u015b\u0107 w tej bran\u017cy: coraz wi\u0119cej firm, szczeg\u00f3lnie tych du\u017cych, odchodzi od swej dotychczasowej bursztynowej specjalizacji, poszerzaj\u0105c profil firmy o inne kamienie i materia\u0142y, staj\u0105c si\u0119 tym samym firm\u0105 jubilersk\u0105. <\/p>\n<p> Generalnie nastroje firm bursztynniczych by\u0142y r\u00f3\u017cne i nie da si\u0119 ich sprowadzi\u0107 do wsp\u00f3lnego mianownika. W zaistnia\u0142ych okoliczno\u015bciach (druga edycja targ\u00f3w, trudniejsza ni\u017c jeszcze rok temu sytuacja w bran\u017cy) w\u015br\u00f3d opinii nie brakowa\u0142o tak\u017ce deklaracji zadowolenia. Prezentowana tutaj oferta wielu firm (zbie\u017cna zreszt\u0105 z t\u0105 z Amberifu) zyska\u0142a akceptacj\u0119 w\u015br\u00f3d kupc\u00f3w z Polski, Czech i W\u0119gier. Wystawcy podkre\u015blali tak\u017ce, \u017ce pojawia\u0142y si\u0119 nowe osoby z bran\u017cy, kt\u00f3re nie dotar\u0142y dotychczas na targi ani do Gda\u0144ska, ani do Warszawy. Czas poka\u017ce, czy dla firm, kt\u00f3re nie mia\u0142y dotychczas \u201ezagospodarowanego\u201d rynku po\u0142udniowej Polski oraz poszukuj\u0105cych kontakt\u00f3w biznesowych w krajach o\u015bciennych, b\u0119dzie to dobry kierunek. Jubinale jako targi krajowe mo\u017ce stanowi\u0107 pewn\u0105 szans\u0119 dla tych firm bursztynniczych, kt\u00f3re do niedawna by\u0142y nastawione przede wszystkim na rynki zagraniczne, a w obecnej sytuacji poszukuj\u0105 odbiorc\u00f3w na rynku wewn\u0119trznym. Sprzymierze\u0144cem dla nich s\u0105 niew\u0105tpliwie unijne dotacje, kt\u00f3re mo\u017cna otrzyma\u0107 tak\u017ce na udzia\u0142 w targach krajowych. Firmy, kt\u00f3re ju\u017c je otrzyma\u0142y, nie ukrywa\u0142y, \u017ce pomog\u0142o im to podj\u0105\u0107 decyzj\u0119 o udziale w tej imprezie. <\/p>\n<p> Jubinale to z za\u0142o\u017cenia targi letnich trend\u00f3w. S\u0105dz\u0105c po ofercie wystawc\u00f3w, w najbli\u017cszym sezonie w bi\u017cuterii (wbrew nazwie zegark\u00f3w na tych targach nie ma) powinny dominowa\u0107 wyraziste kolory. Podobnie jak podczas pierwszej edycji, tak i teraz silnie zaznaczy\u0142y swoj\u0105 obecno\u015b\u0107 firmy oferuj\u0105ce kolorowe kamienie jubilerskie, elementy do bi\u017cuterii nawlekanej oraz gotowe wyroby z sektora bi\u017cuterii modowej oraz galanterii jubilerskiej. Jest to odzwierciedlenie sytuacji panuj\u0105cej na rynku \u2013 sektor ten ro\u015bnie w si\u0142\u0119 od ok. 3 lat i cho\u0107 wielu wieszczy jego schy\u0142ek, aktualnie nic na to nie wskazuje. <\/p>\n<p> <em>Zdj\u0119cie: Silvam<\/em><\/p>","protected":false},"excerpt":{"rendered":"<p>Zako\u0144czy\u0142a si\u0119 druga edycja targ\u00f3w Letnich Trend\u00f3w Jubilerskich i Zegarkowych Jubinale w Krakowie. W imprezie wzi\u0119\u0142o udzia\u0142 109 wystawc\u00f3w, w tym ok. 1\/3 firm oferuj\u0105cych bursztyn.<\/p>","protected":false},"author":4,"featured_media":13537,"comment_status":"closed","ping_status":"closed","sticky":false,"template":"","format":"standard","meta":{"_acf_changed":false,"slim_seo":{"title":"Druga edycja Jubinale - Amber Portal","description":"Zako\u0144czy\u0142a si\u0119 druga edycja targ\u00f3w Letnich Trend\u00f3w Jubilerskich i Zegarkowych Jubinale w Krakowie. W imprezie wzi\u0119\u0142o udzia\u0142 109 wystawc\u00f3w, w tym ok. 1\/3 firm of"},"footnotes":""},"categories":[120],"tags":[],"sekcja":[],"class_list":["post-13538","post","type-post","status-publish","format-standard","has-post-thumbnail","hentry","category-targi"],"acf":[],"_links":{"self":[{"href":"https:\/\/amber.com.pl\/en\/wp-json\/wp\/v2\/posts\/13538","targetHints":{"allow":["GET"]}}],"collection":[{"href":"https:\/\/amber.com.pl\/en\/wp-json\/wp\/v2\/posts"}],"about":[{"href":"https:\/\/amber.com.pl\/en\/wp-json\/wp\/v2\/types\/post"}],"author":[{"embeddable":true,"href":"https:\/\/amber.com.pl\/en\/wp-json\/wp\/v2\/users\/4"}],"replies":[{"embeddable":true,"href":"https:\/\/amber.com.pl\/en\/wp-json\/wp\/v2\/comments?post=13538"}],"version-history":[{"count":0,"href":"https:\/\/amber.com.pl\/en\/wp-json\/wp\/v2\/posts\/13538\/revisions"}],"wp:featuredmedia":[{"embeddable":true,"href":"https:\/\/amber.com.pl\/en\/wp-json\/wp\/v2\/media\/13537"}],"wp:attachment":[{"href":"https:\/\/amber.com.pl\/en\/wp-json\/wp\/v2\/media?parent=13538"}],"wp:term":[{"taxonomy":"category","embeddable":true,"href":"https:\/\/amber.com.pl\/en\/wp-json\/wp\/v2\/categories?post=13538"},{"taxonomy":"post_tag","embeddable":true,"href":"https:\/\/amber.com.pl\/en\/wp-json\/wp\/v2\/tags?post=13538"},{"taxonomy":"sekcja","embeddable":true,"href":"https:\/\/amber.com.pl\/en\/wp-json\/wp\/v2\/sekcja?post=13538"}],"curies":[{"name":"wp","href":"https:\/\/api.w.org\/{rel}","templated":true}]}}