{"id":13524,"date":"2009-06-01T13:10:27","date_gmt":"2009-06-01T11:10:27","guid":{"rendered":"https:\/\/wp.amber.com.pl\/jubinale-2009\/"},"modified":"2025-12-07T18:47:26","modified_gmt":"2025-12-07T17:47:26","slug":"jubinale-2009","status":"publish","type":"post","link":"https:\/\/amber.com.pl\/en\/aktualnosci\/jubinale-2009\/","title":{"rendered":"Jubinale 2009"},"content":{"rendered":"<p> Mimo trudnej sytuacji gospodarczej organizator spodziewa si\u0119 wi\u0119kszej liczby kupc\u00f3w ni\u017c w czasie ubieg\u0142orocznej premiery imprezy \u2013 wtedy Jubinale odwiedzi\u0142o 1679 os\u00f3b, tym 219 z zagranicy. W tym roku swoj\u0105 ofert\u0119 zaprezentuje 112 wystawc\u00f3w (2008: 119) \u2013 firm, stowarzysze\u0144, galerii, wydawc\u00f3w prasy i organizator\u00f3w targ\u00f3w. Zdecydowana wi\u0119kszo\u015b\u0107 pochodzi z Polski; firmy zagraniczne b\u0119d\u0105 reprezentowane przez wystawc\u00f3w z Niemiec, Czech, Pakistanu, Hongkongu, W\u0142och, Bangladeszu i Sri Lanki. Poka\u017c\u0105 one g\u0142\u00f3wnie bi\u017cuteri\u0119 z\u0142ot\u0105, srebrn\u0105 i fantazyjn\u0105, kamienie szlachetne i jubilerskie, zegarki i zegary, narz\u0119dzia i maszyny oraz p\u00f3\u0142fabrykaty. <\/p>\n<p> Nie zabraknie tak\u017ce przedstawicieli bran\u017cy bursztynniczej, chocia\u017c ich liczba w por\u00f3wnaniu z rokiem ubieg\u0142ym zmniejszy\u0142a si\u0119 o ok. po\u0142ow\u0119. Bi\u017cuteria z bursztynem \u2013 g\u0142\u00f3wnie srebrna i z\u0142ota \u2013 b\u0119dzie prezentowana na ok. 30 stoiskach, m.in. takich firm jak Balt, ABC Gold, Glitter &amp; Eva Stone oraz Enzo. Niew\u0105tpliwie najsilniejszym niekomercyjnym bursztynowym akcentem b\u0119dzie wystawa prac Marka Mikickiego \u2013 wielokrotnego laureata konkurs\u00f3w Mercurius Gedanensis, Z\u0142oto i Srebro w Rzemio\u015ble oraz Bursztyn w Rzemio\u015ble. To pierwsza indywidualna wystawa jego nagrodzonych, urzekaj\u0105cych mistrzostwem wykonania prac \u2013 dotychczas mo\u017cna je by\u0142o ogl\u0105da\u0107 jedynie na wystawach konkursowych. <\/p>\n<p> Organizatorzy targ\u00f3w Jubinale przygotowali tak\u017ce liczne imprezy towarzysz\u0105ce, m.in. pokazy bi\u017cuterii i mody wraz z magazynem \u201eWesele\u201d, seminaria i wystawy. Przez pierwsze dwa dni wst\u0119p na targi maj\u0105 tylko go\u015bcie bran\u017cowi, ostatni jest otwarty dla publiczno\u015bci niefachowej. <\/p>\n<p> <strong>Letnie Targi Trend\u00f3w Jubilerskich i Zegarkowych JUBINALE \u201809<\/strong><br \/> <strong>Termin:<\/strong> 05 \u2013 07 czerwiec 2008<br \/> <strong>Miejsce:<\/strong> tereny targ\u00f3w krakowskich ul. Centralna 41A <strong><\/strong><strong><br \/>\n<\/strong><\/p>\n<p><strong> More information: <\/strong><br \/> <a href=\"http:\/\/www.jubinale.com\" target=\"_blank\" rel=\"noopener noreferrer nofollow\">www.jubinale.com <\/a><\/p>","protected":false},"excerpt":{"rendered":"<p>Ju\u017c w najbli\u017cszy pi\u0105tek 5 maja rozpocznie si\u0119 druga edycja Letnich Targ\u00f3w Trend\u00f3w Jubilerskich i Zegarkowych Jubinale organizowanych przez Polsk\u0105 Bi\u017cuteri\u0119.<\/p>","protected":false},"author":4,"featured_media":13523,"comment_status":"closed","ping_status":"closed","sticky":false,"template":"","format":"standard","meta":{"_acf_changed":false,"slim_seo":{"title":"Jubinale 2009 - Amber Portal","description":"Ju\u017c w najbli\u017cszy pi\u0105tek 5 maja rozpocznie si\u0119 druga edycja Letnich Targ\u00f3w Trend\u00f3w Jubilerskich i Zegarkowych Jubinale organizowanych przez Polsk\u0105 Bi\u017cuteri\u0119."},"footnotes":""},"categories":[120],"tags":[],"sekcja":[],"class_list":["post-13524","post","type-post","status-publish","format-standard","has-post-thumbnail","hentry","category-targi"],"acf":[],"_links":{"self":[{"href":"https:\/\/amber.com.pl\/en\/wp-json\/wp\/v2\/posts\/13524","targetHints":{"allow":["GET"]}}],"collection":[{"href":"https:\/\/amber.com.pl\/en\/wp-json\/wp\/v2\/posts"}],"about":[{"href":"https:\/\/amber.com.pl\/en\/wp-json\/wp\/v2\/types\/post"}],"author":[{"embeddable":true,"href":"https:\/\/amber.com.pl\/en\/wp-json\/wp\/v2\/users\/4"}],"replies":[{"embeddable":true,"href":"https:\/\/amber.com.pl\/en\/wp-json\/wp\/v2\/comments?post=13524"}],"version-history":[{"count":0,"href":"https:\/\/amber.com.pl\/en\/wp-json\/wp\/v2\/posts\/13524\/revisions"}],"wp:featuredmedia":[{"embeddable":true,"href":"https:\/\/amber.com.pl\/en\/wp-json\/wp\/v2\/media\/13523"}],"wp:attachment":[{"href":"https:\/\/amber.com.pl\/en\/wp-json\/wp\/v2\/media?parent=13524"}],"wp:term":[{"taxonomy":"category","embeddable":true,"href":"https:\/\/amber.com.pl\/en\/wp-json\/wp\/v2\/categories?post=13524"},{"taxonomy":"post_tag","embeddable":true,"href":"https:\/\/amber.com.pl\/en\/wp-json\/wp\/v2\/tags?post=13524"},{"taxonomy":"sekcja","embeddable":true,"href":"https:\/\/amber.com.pl\/en\/wp-json\/wp\/v2\/sekcja?post=13524"}],"curies":[{"name":"wp","href":"https:\/\/api.w.org\/{rel}","templated":true}]}}