{"id":13430,"date":"2009-04-20T17:09:03","date_gmt":"2009-04-20T15:09:03","guid":{"rendered":"https:\/\/wp.amber.com.pl\/kupcy-na-amberifie\/"},"modified":"2025-12-07T18:47:28","modified_gmt":"2025-12-07T17:47:28","slug":"kupcy-na-amberifie","status":"publish","type":"post","link":"https:\/\/amber.com.pl\/en\/aktualnosci\/kupcy-na-amberifie\/","title":{"rendered":"Kupcy na Amberifie"},"content":{"rendered":"<p><strong>Organizator targ\u00f3w Amberif poda\u0142 w\u0142a\u015bnie do wiadomo\u015bci dane liczbowe dotycz\u0105ce kupc\u00f3w, kt\u00f3rzy uczestniczyli w imprezie: stoiska 469 wystawc\u00f3w z 15 kraj\u00f3w odwiedzi\u0142o 6.045 os\u00f3b z 44 kraj\u00f3w \u015bwiata.<\/strong> <\/p>\n<p>  16. Mi\u0119dzynarodowe Targi Bursztynu, Bi\u017cuterii i Kamieni Jubilerskich Amberif, kt\u00f3re odbywa\u0142y si\u0119 od 11 do 14 marca, zako\u0144czy\u0142y si\u0119 w dobrej atmosferze. Wystawcy pytani o opini\u0119 na temat targ\u00f3w w wi\u0119kszo\u015bci wypowiadali si\u0119 pozytywnie, tak\u017ce klienci zaznaczali, \u017ce oferta wystawc\u00f3w spe\u0142ni\u0142a ich oczekiwania. <\/p>\n<p> Wed\u0142ug wst\u0119pnych statystyk targi odwiedzi\u0142o 6.045 os\u00f3b z 44 kraj\u00f3w. Przyjecha\u0142o mniej kupc\u00f3w z Ameryki, jednak wida\u0107 wyra\u017any wzrost zainteresowania z kraj\u00f3w Dalekiego Wschodu oraz Rosji. Najwi\u0119cej kupc\u00f3w zagranicznych przyby\u0142o z Niemiec, Anglii i innych kraj\u00f3w Unii Europejskiej. Jedynie nieznaczny spadek klient\u00f3w pozytywnie zaskoczy\u0142 wystawc\u00f3w, kt\u00f3rzy spodziewali si\u0119 znacznie gorszej frekwencji. Wystawcy oceniaj\u0105 targi jako udane, cho\u0107 wspominaj\u0105 o znacznie ostro\u017cniejszych zakupach dokonywanych przez klient\u00f3w. Pojawienie si\u0119 zupe\u0142nie nowych handlowc\u00f3w podsumowali s\u0142owami, \u017ce w trudniejszych czasach bursztyn ba\u0142tycki \u2013 ciep\u0142y, organiczny kamie\u0144 z wielowiekow\u0105 tradycj\u0105 \u2013 wydaje si\u0119 ci\u0105gle ciekaw\u0105 alternatyw\u0105 dla innych rodzaj\u00f3w bi\u017cuterii i kamieni jubilerskich. <\/p>\n<p> <em>Materia\u0142 prasowy<br \/><\/em><\/p>\n<p> <em>Zdj\u0119cie: Widok Hali Bursztynowej \u2013 Amberif 2009&nbsp; <br \/> &nbsp;<\/em><\/p>","protected":false},"excerpt":{"rendered":"<p>Organizator targ\u00f3w Amberif poda\u0142 w\u0142a\u015bnie do wiadomo\u015bci dane liczbowe dotycz\u0105ce kupc\u00f3w, kt\u00f3rzy wzi\u0119li udzia\u0142 w imprezie: stoiska 469 wystawc\u00f3w z 15 kraj\u00f3w odwiedzi\u0142o 6.045 os\u00f3b z 44 kraj\u00f3w \u015bwiata.<\/p>","protected":false},"author":1,"featured_media":13429,"comment_status":"closed","ping_status":"closed","sticky":false,"template":"","format":"standard","meta":{"_acf_changed":false,"slim_seo":{"title":"Kupcy na Amberifie - Amber Portal","description":"Organizator targ\u00f3w Amberif poda\u0142 w\u0142a\u015bnie do wiadomo\u015bci dane liczbowe dotycz\u0105ce kupc\u00f3w, kt\u00f3rzy wzi\u0119li udzia\u0142 w imprezie: stoiska 469 wystawc\u00f3w z 15 kraj\u00f3w odwied"},"footnotes":""},"categories":[120],"tags":[],"sekcja":[],"class_list":["post-13430","post","type-post","status-publish","format-standard","has-post-thumbnail","hentry","category-targi"],"acf":[],"_links":{"self":[{"href":"https:\/\/amber.com.pl\/en\/wp-json\/wp\/v2\/posts\/13430","targetHints":{"allow":["GET"]}}],"collection":[{"href":"https:\/\/amber.com.pl\/en\/wp-json\/wp\/v2\/posts"}],"about":[{"href":"https:\/\/amber.com.pl\/en\/wp-json\/wp\/v2\/types\/post"}],"author":[{"embeddable":true,"href":"https:\/\/amber.com.pl\/en\/wp-json\/wp\/v2\/users\/1"}],"replies":[{"embeddable":true,"href":"https:\/\/amber.com.pl\/en\/wp-json\/wp\/v2\/comments?post=13430"}],"version-history":[{"count":0,"href":"https:\/\/amber.com.pl\/en\/wp-json\/wp\/v2\/posts\/13430\/revisions"}],"wp:featuredmedia":[{"embeddable":true,"href":"https:\/\/amber.com.pl\/en\/wp-json\/wp\/v2\/media\/13429"}],"wp:attachment":[{"href":"https:\/\/amber.com.pl\/en\/wp-json\/wp\/v2\/media?parent=13430"}],"wp:term":[{"taxonomy":"category","embeddable":true,"href":"https:\/\/amber.com.pl\/en\/wp-json\/wp\/v2\/categories?post=13430"},{"taxonomy":"post_tag","embeddable":true,"href":"https:\/\/amber.com.pl\/en\/wp-json\/wp\/v2\/tags?post=13430"},{"taxonomy":"sekcja","embeddable":true,"href":"https:\/\/amber.com.pl\/en\/wp-json\/wp\/v2\/sekcja?post=13430"}],"curies":[{"name":"wp","href":"https:\/\/api.w.org\/{rel}","templated":true}]}}