{"id":13339,"date":"2009-03-17T15:09:52","date_gmt":"2009-03-17T14:09:52","guid":{"rendered":"https:\/\/wp.amber.com.pl\/amberif-2009-czyli-co-dalej-z-kryzysem\/"},"modified":"2025-12-07T18:47:29","modified_gmt":"2025-12-07T17:47:29","slug":"amberif-2009-czyli-co-dalej-z-kryzysem","status":"publish","type":"post","link":"https:\/\/amber.com.pl\/en\/aktualnosci\/amberif-2009-czyli-co-dalej-z-kryzysem\/","title":{"rendered":"Amberif 2009, czyli co dalej z kryzysem?"},"content":{"rendered":"<p><strong>Nie spe\u0142ni\u0142y si\u0119 czarne wizje snute przed Amberifem \u2013 cho\u0107 w\u0142a\u015bciwie ka\u017cdy w jaki\u015b spos\u00f3b odczuwa skutki kryzysu, to generalnie nie s\u0105 one tak dotkliwe, jak si\u0119 wcze\u015bniej mo\u017cna by\u0142o spodziewa\u0107. <\/strong> <\/p>\n<p> Trudny dla bran\u017cy bursztynniczej ostatni rok zach\u0119ca\u0142 do snucia pesymistycznych wizji wydarze\u0144 na tegorocznym Amberifie \u2013 w najgorszej opcji by\u0142a to totalna rozprzeda\u017c i zwi\u0105zana z tym mordercza walka cenowa. Tajemnic\u0105 Poliszynela jest, \u017ce w przypadku wielu firm w\u0142a\u015bnie Amberif mia\u0142 zadecydowa\u0107 o ich dalszej dzia\u0142alno\u015bci w tej bran\u017cy. Kto nie wytrzyma\u0142 presji rynku, dowiemy si\u0119 zapewne ju\u017c wkr\u00f3tce. Niemniej jednak raczej nie nale\u017cy spodziewa\u0107 si\u0119 spektakularnych plajt, bowiem kupcy okazali si\u0119 dla wystawc\u00f3w stosunkowo \u0142askawi. Cho\u0107 zakup\u00f3w dokonywali ostro\u017cnie \u2013 nikt bowiem nie jest w stanie przewidzie\u0107 dalszego rozwoju sytuacji i chyba w\u0142a\u015bnie ta niepewno\u015b\u0107 jest najbardziej uci\u0105\u017cliwa. <\/p>\n<p> <strong>Kryzys w mediach<\/strong> <\/p>\n<p> Jeden z producent\u00f3w bi\u017cuterii z bursztynem powiedzia\u0142 pierwszego dnia targ\u00f3w w lokalnym radio, \u017ce \u201ekorytarze w hali s\u0105 tak puste, \u017ce mo\u017cna si\u0119 na nich po\u0142o\u017cy\u0107\u201d. W p\u0119dzie do sztucznego podsycania kryzysowych nastroj\u00f3w w mediach prym wiod\u0142a niezmiennie stacja TVN, kt\u00f3ra zw\u0142aszcza tutaj ju\u017c przed kilkoma laty wyrobi\u0142a sobie negatywn\u0105 opini\u0119: najpierw dziennikarze przez dwie ostatnie edycje interesowali si\u0119 tylko kradzie\u017c\u0105 diament\u00f3w, teraz na si\u0142\u0119 poszukiwali potwierdzenia tezy, \u017ce kryzys mocno dotkn\u0105\u0142 tak\u017ce bran\u017c\u0119 jubilersk\u0105. Zadanie w sumie ca\u0142kiem \u0142atwe do wykonania \u2013 w czasie powszechnej niepewno\u015bci co do przysz\u0142o\u015bci rynku jubilerskiego na \u015bwiecie r\u00f3wnie\u017c znaczna cz\u0119\u015b\u0107 firm wystawiaj\u0105cych si\u0119 na Amberifie odnotowa\u0142a spadek obrot\u00f3w. Szkoda tylko, \u017ce dziennikarze nie chcieli wiedzie\u0107, jak firmy radz\u0105 sobie w czasie kryzysu \u2013 by\u0142oby to niew\u0105tpliwie bardziej buduj\u0105ce. <\/p>\n<p> <strong>Walka z kryzysem<\/strong> <\/p>\n<p> Producenci bi\u017cuterii bursztynowej \u2013 przynajmniej ci, kt\u00f3rzy istniej\u0105 w tej bran\u017cy od wielu lat i zamierzaj\u0105 w niej pozosta\u0107 \u2013 walcz\u0105 ze skutkami kryzysu na r\u00f3\u017cne sposoby. Nie ma sprawdzonych przepis\u00f3w, jednak wiele z nich podejmuje ryzyko wprowadzenia nowych kolekcji, kt\u00f3re plasuj\u0105 si\u0119 w podstawowym i \u015brednim segmencie cenowym. Powtarzaj\u0105cymi si\u0119 motywami w\u015br\u00f3d nowo\u015bci by\u0142 bursztyn \u0142\u0105czony z kryszta\u0142ami Swarovskiego oraz kolorowymi kamieniami jubilerskimi, jak r\u00f3wnie\u017c fasetowany oraz fantazyjnie szlifowany. Wygl\u0105da na to, \u017ce producenci wi\u0105\u017c\u0105 nadzieje na zwi\u0119kszenie obrot\u00f3w tak\u017ce z drobn\u0105 bi\u017cuteri\u0105 o bardzo niskiej gramaturze, co udaje si\u0119 osi\u0105gn\u0105\u0107 m.in. poprzez zredukowanie do minimum metalowej oprawy. Na ile te wszystkie pomys\u0142y si\u0119 sprawdz\u0105, oka\u017ce si\u0119 zapewne w ci\u0105gu kilku nast\u0119pnych miesi\u0119cy. <\/p>\n<p> <strong>Kryzys na Amberifie<\/strong> <\/p>\n<p> Trudno udawa\u0107, \u017ce jest dobrze, cho\u0107 i tak znacznie lepiej ni\u017c si\u0119 powszechnie spodziewano. Ocenia si\u0119, \u017ce w stosunku do roku ubieg\u0142ego przyby\u0142o mniej kupc\u00f3w&nbsp; \u2013 wprawdzie organizator nie opublikowa\u0142 jeszcze zbiorczych danych liczbowych na ten temat, jednak generalnie wystawcy \u201eoptycznie\u201d oceniali, \u017ce ich liczba znacznie si\u0119 zmniejszy\u0142a. Nie potwierdzaj\u0105 tego oficjalne dane podane do wiadomo\u015bci po zamkni\u0119ciu targ\u00f3w pierwszego dnia \u2013 w \u015brod\u0119 zarejestrowano ponad 2000 odwiedzaj\u0105cych z bran\u017cy (w tym roku impreza po raz pierwszy by\u0142a zamkni\u0119ta dla publiczno\u015bci niefachowej) z kraju i z zagranicy, co jest wynikiem por\u00f3wnywalnym z ubieg\u0142orocznym. Zgodnie z oczekiwaniami zawiedli przede wszystkim kupcy ze Stan\u00f3w Zjednoczonych. (<em>Szczeg\u00f3\u0142\u00f3w na ten temat mo\u017cemy si\u0119 spodziewa\u0107 za kilka dni.<\/em>) <br \/> Nic wi\u0119c dziwnego, \u017ce nastroje wystawc\u00f3w by\u0142y dalekie od euforycznych, cho\u0107 \u2013 paradoksalnie (?) \u2013 nie brakowa\u0142o zadowolonych. Jednak chyba najlepszym miernikiem sytuacji s\u0105 opinie dostawc\u00f3w surowca bursztynowego \u2013 a ci deklaruj\u0105 zadowolenie&#8230; <\/p>\n<p> <em>Na zdj\u0119ciu: Bursztyn fasetowany z kolekcji Rounded Collection firmy NAC&nbsp;New Amber Collection<\/em> <\/p>","protected":false},"excerpt":{"rendered":"<p>Nie spe\u0142ni\u0142y si\u0119 czarne wizje snute przed Amberifem &#8211; cho\u0107 w\u0142a\u015bciwie ka\u017cdy odczuwa skutki kryzysu, to generalnie nie s\u0105 one tak dotkliwe, jak si\u0119 mo\u017cna by\u0142o spodziewa\u0107.<\/p>","protected":false},"author":4,"featured_media":13338,"comment_status":"closed","ping_status":"closed","sticky":false,"template":"","format":"standard","meta":{"_acf_changed":false,"slim_seo":{"title":"Amberif 2009, czyli co dalej z kryzysem? - Amber Portal","description":"Nie spe\u0142ni\u0142y si\u0119 czarne wizje snute przed Amberifem - cho\u0107 w\u0142a\u015bciwie ka\u017cdy odczuwa skutki kryzysu, to generalnie nie s\u0105 one tak dotkliwe, jak si\u0119 mo\u017cna by\u0142o spo"},"footnotes":""},"categories":[120],"tags":[],"sekcja":[],"class_list":["post-13339","post","type-post","status-publish","format-standard","has-post-thumbnail","hentry","category-targi"],"acf":[],"_links":{"self":[{"href":"https:\/\/amber.com.pl\/en\/wp-json\/wp\/v2\/posts\/13339","targetHints":{"allow":["GET"]}}],"collection":[{"href":"https:\/\/amber.com.pl\/en\/wp-json\/wp\/v2\/posts"}],"about":[{"href":"https:\/\/amber.com.pl\/en\/wp-json\/wp\/v2\/types\/post"}],"author":[{"embeddable":true,"href":"https:\/\/amber.com.pl\/en\/wp-json\/wp\/v2\/users\/4"}],"replies":[{"embeddable":true,"href":"https:\/\/amber.com.pl\/en\/wp-json\/wp\/v2\/comments?post=13339"}],"version-history":[{"count":0,"href":"https:\/\/amber.com.pl\/en\/wp-json\/wp\/v2\/posts\/13339\/revisions"}],"wp:featuredmedia":[{"embeddable":true,"href":"https:\/\/amber.com.pl\/en\/wp-json\/wp\/v2\/media\/13338"}],"wp:attachment":[{"href":"https:\/\/amber.com.pl\/en\/wp-json\/wp\/v2\/media?parent=13339"}],"wp:term":[{"taxonomy":"category","embeddable":true,"href":"https:\/\/amber.com.pl\/en\/wp-json\/wp\/v2\/categories?post=13339"},{"taxonomy":"post_tag","embeddable":true,"href":"https:\/\/amber.com.pl\/en\/wp-json\/wp\/v2\/tags?post=13339"},{"taxonomy":"sekcja","embeddable":true,"href":"https:\/\/amber.com.pl\/en\/wp-json\/wp\/v2\/sekcja?post=13339"}],"curies":[{"name":"wp","href":"https:\/\/api.w.org\/{rel}","templated":true}]}}