{"id":13293,"date":"2009-03-03T23:34:37","date_gmt":"2009-03-03T22:34:37","guid":{"rendered":"https:\/\/wp.amber.com.pl\/amberif-2009\/"},"modified":"2025-12-07T18:47:30","modified_gmt":"2025-12-07T17:47:30","slug":"amberif-2009","status":"publish","type":"post","link":"https:\/\/amber.com.pl\/en\/aktualnosci\/amberif-2009\/","title":{"rendered":"Amberif 2009"},"content":{"rendered":"<p><strong>Ju\u017c za tydzie\u0144 rozpoczn\u0105 si\u0119 16. Mi\u0119dzynarodowe Targi Bursztynu, Bi\u017cuterii i Kamieni Jubilerskich AMBERIF. Od 11 do 14 marca 2009 hale wystawiennicze Mi\u0119dzynarodowych Targ\u00f3w Gda\u0144skich go\u015bci\u0107 b\u0119d\u0105 450 wystawc\u00f3w 9 kraj\u00f3w (w tym z Anglii, Belgii, Czech, Litwy, Niemiec, Polski, S\u0142owacji, Turcji, W\u0142och), kt\u00f3rych odwiedzi oko\u0142o 6.000 zarejestrowanych go\u015bci z ponad 40 kraj\u00f3w \u015bwiata.<\/strong> <\/p>\n<p> Amberif to najwi\u0119ksze targi bursztynu na \u015bwiecie, a tak\u017ce wiod\u0105ca impreza dla bran\u017cy jubilerskiej w Europie \u015arodkowo-Wschodniej. Nie tylko ilo\u015b\u0107 wystawc\u00f3w, lecz tak\u017ce zaskakuj\u0105co du\u017ca r\u00f3\u017cnorodno\u015b\u0107 wzornictwa, nowatorskich projekt\u00f3w i wyj\u0105tkowego podej\u015bcia do bursztynu, z\u0142ota, srebra i innych materia\u0142\u00f3w, sprawia, \u017ce targi Amberif z ca\u0142\u0105 pewno\u015bci\u0105 miejscem prezentacji bardzo bogatej oferty oraz aktualnych trend\u00f3w. <strong><\/strong><strong><br \/>\n<\/strong><\/p>\n<p><strong> Oferta<\/strong> <\/p>\n<p> Targi, podobnie jak w ubieg\u0142ych edycjach, organizowane b\u0119d\u0105 w tematycznych sektorach. W hali numer 5 (Hala Bursztynowa) zainteresowani odnajd\u0105 bi\u017cuteri\u0119 srebrn\u0105 i z\u0142ot\u0105 z bursztynem, a na antresoli stoiska informacyjne bran\u017cowych izb, stowarzysze\u0144, muze\u00f3w oraz szk\u00f3\u0142, a tak\u017ce prace bior\u0105ce udzia\u0142 w konkursach zwi\u0105zanych z targami. Jak co roku wyj\u0105tkowo ciekawie zapowiada si\u0119 Galeria Projektant\u00f3w, w kt\u00f3rej arty\u015bci prezentuj\u0105 swoje nierzadko wyj\u0105tkowe i unikatowe prace. Drugim miejscem prezentowania bi\u017cuterii z bursztynem b\u0119dzie hala 4 (Hala Srebrna). Hala 3 (Hala Z\u0142ota) to przede wszystkim bi\u017cuteria z\u0142ota i srebrna, nie zabraknie jednak wystawc\u00f3w prezentuj\u0105cych bi\u017cuteri\u0119 wykonan\u0105 z platyny, zegary i zegarki oraz diamenty i inne kamienie jubilerskie. Ca\u0142o\u015bci dope\u0142ni Pawilon Techniczny z szerok\u0105 gam\u0105 produkt\u00f3w do produkcji jubilerskiej, narz\u0119dzi, maszyn, p\u00f3\u0142fabrykat\u00f3w oraz surowc\u00f3w. <strong><\/strong><strong><br \/>\n<\/strong><\/p>\n<p><strong> Go\u015b\u0107 Specjalny \u2013 Barbara Westwood<\/strong> <\/p>\n<p> W tym roku go\u015bciem specjalnym Amberifu b\u0119dzie znana ameryka\u0144ska projektantka bi\u017cuterii Barbara Westwood. Dzi\u0119ki wsparciu Mi\u0119dzynarodowego Stowarzyszenia Bursztynnik\u00f3w otrzyma\u0142a ona bursztyn, z kt\u00f3rego wykona na targi specjaln\u0105, autorsk\u0105 kolekcj\u0119. Jest to dla niej ca\u0142kowicie nowy materia\u0142, tak przecie\u017c r\u00f3\u017cny od twardych kamieni klasycznego jubilerstwa \u2013 tym wi\u0119ksza wi\u0119c ciekawo\u015b\u0107 i ch\u0119\u0107 zobaczenia efektu ko\u0144cowego. Zaproszenie znanej projektantki jest szans\u0105 na inspiruj\u0105ce spotkanie i wymian\u0119 do\u015bwiadcze\u0144 w patrzeniu na \u015bwiat bi\u017cuterii oraz miejsce bursztynu ba\u0142tyckiego w wyobra\u017ani artyst\u00f3w na \u015bwiecie. Ekspozycj\u0119 jej prac b\u0119dzie mo\u017cna podziwia\u0107 w\u015br\u00f3d innych artyst\u00f3w w Galerii Projektant\u00f3w. <strong><\/strong><strong><br \/>\n<\/strong><\/p>\n<p><strong> Konkursy towarzysz\u0105ce targom<\/strong> <\/p>\n<p> Wa\u017cnym elementem Amberifu s\u0105 towarzysz\u0105ce mu zmagania konkursowe. Jeszcze lutym poznali\u015bmy wyniki Mi\u0119dzynarodowego Konkursu na Projekt Bi\u017cuterii z Bursztynem Amberif Design Award, kt\u00f3ry w tym roku odbywa si\u0119 pod has\u0142em POP-AMBER. Jest to konkurs \u015bci\u015ble koncepcyjny, b\u0119d\u0105cy zaproszeniem do my\u015blenia o bursztynie dla tw\u00f3rc\u00f3w z ca\u0142ego \u015bwiata. <br \/> Wa\u017cna rola przypisywana jest tak\u017ce Konkursowi Jubilerskiemu Mercurius Gedanensis, w kt\u00f3rym wyr\u00f3\u017cniane s\u0105 wzory bi\u017cuterii nawi\u0105zuj\u0105ce do wsp\u00f3\u0142czesnych trend\u00f3w oraz mog\u0105ce znale\u017a\u0107 zastosowanie w produkcji. Wysoki poziom kunsztu artystycznego i warsztatowego zademonstruj\u0105 tradycyjnie prace nagrodzone i wyr\u00f3\u017cnione w konkursie Bursztyn w Rzemio\u015ble. List\u0119 konkurs\u00f3w towarzysz\u0105cych targom zamyka Bursztynowa Kula \u2013 nagroda przyznawana przez student\u00f3w \u0142\u00f3dzkiej Akademii Sztuk Pi\u0119knych za wyj\u0105tkowe wzornictwo. <br \/> Amberif to tak\u017ce \u015bwietna okazja do przyznawania nagr\u00f3d za zaanga\u017cowan\u0105 dzia\u0142alno\u015b\u0107 na rzecz \u015brodowiska bursztynniczego \u2013 kto zostanie wyr\u00f3\u017cniony tytu\u0142em Bursztynnika Roku 2008 dowiemy si\u0119 ju\u017c drugiego dnia targ\u00f3w. <\/p>\n<p> <strong>Atrakcje programu ramowego<\/strong> <\/p>\n<p> Co roku targom towarzyszy cykl seminari\u00f3w o szerokim spektrum zagadnie\u0144 wa\u017cnych dla znawc\u00f3w i mi\u0142o\u015bnik\u00f3w jubilerstwa i bursztynnictwa. Seminarium gemmologiczne zorganizuje Stowarzyszenie Rzeczoznawc\u00f3w Jubilerskich we wsp\u00f3\u0142pracy z Wysok\u0105 Rad\u0105 Diament\u00f3w z Antwerpii, sesja Historyk\u00f3w Sztuki po\u015bwi\u0119cona b\u0119dzie polskiemu z\u0142otnictwu, a seminarium o bursztynie ba\u0142tyckim przygotuje Mi\u0119dzynarodowe Stowarzyszenie Bursztynnik\u00f3w we wsp\u00f3\u0142pracy z Muzeum Ziemi PAN w Warszawie. <\/p>\n<p> Amberif to tak\u017ce okazja do spotka\u0144 kulturalno-towarzyskich. Na targach prezentowane s\u0105 interesuj\u0105ce wystawy malarstwa, rysunku, ceramiki i fotografii. Organizatorzy zapraszaj\u0105 ponadto na nast\u0119puj\u0105ce imprezy towarzysz\u0105ce: <br \/> &#8211; wystaw\u0119 pokonkursow\u0105 Og\u00f3lnopolskiego Otwartego Konkursu Bi\u017cuterii Artystycznej \u201ePrezentacje 2008\u201d (Galeria Projektant\u00f3w, 11.03, godz. 13.00)<br \/> &#8211; \u201eCzas srebra i bursztynu\u201d w Muzeum Bursztynu w Gda\u0144sku (11.03, godz. 19.00), <br \/> &#8211; 17. Mi\u0119dzynarodowy Konkurs Sztuki Z\u0142otniczej \u201eExclusive\u201d na stoisku Galerii Sztuki w Legnicy (Galeria Projektant\u00f3w, 12.03, godz. 12.00)<br \/> &#8211; pokonkursow\u0105 wystaw\u0119 \u201eBrylant\/Brylart\u201d na stoisku Galerii YES z Poznania <br \/> &#8211; wystaw\u0119 Lu Pin w Galerii Ambermoda w Sopocie (13.03, godz. 19.30) <br \/> &#8211; \u201ebi\u017cuteriamaby\u0107pi\u0119knaaje\u015blinietoprzynajmniejm\u0105dra\u201d \u2013 wystaw\u0119 Grupy Sze\u015b\u0107 w sopockim klubie Sphinks (13.03, godz. 21.00). <\/p>\n<p> Pierwszy wiecz\u00f3r tradycyjnie jest zarezerwowany na Wiecz\u00f3r Kupc\u00f3w (obowi\u0105zuj\u0105 bilety i zaproszenia) \u2013 spotkanie wystawc\u00f3w i kupc\u00f3w. Drugiego wieczora organizatorzy zapraszaj\u0105 na Gal\u0119 Mody i Bursztynu w Operze Ba\u0142tyckiej na O\u0142owiance \u2013 widowisko z\u0142o\u017cone z pokaz\u00f3w mody i bi\u017cuterii przygotowanych specjalnie na Amberif. <strong><\/strong><strong><br \/>\n<\/strong><\/p>\n<p><strong> UWAGA:<\/strong> W tym roku po raz pierwszy targi Amberif s\u0105 zamkni\u0119te dla publiczno\u015bci niefachowej. <\/p>\n<p> <strong>Do pobrania: <\/strong> PROGRAM TARG\u00d3W AMBERIF (doc)<\/p>\n<p> <strong>More information: <\/strong><br \/> www.amberif.pl <\/p>\n<p> <em>Na podstawie materia\u0142\u00f3w prasowych. Zdj\u0119cia: Balt (na g\u00f3rze), Amber-Ring. <br \/> <\/em><\/p>","protected":false},"excerpt":{"rendered":"<p>11. marca otworz\u0105 swe podwoje 16. Mi\u0119dzynarodowe Targi Bursztynu, Bi\u017cuterii i Kamieni Jubilerskich AMBERIF. W tym roku impreza b\u0119dzie go\u015bci\u0107 450 wystawc\u00f3w 9 kraj\u00f3w.<\/p>","protected":false},"author":4,"featured_media":0,"comment_status":"closed","ping_status":"closed","sticky":false,"template":"","format":"standard","meta":{"_acf_changed":false,"slim_seo":{"title":"Amberif 2009 - Amber Portal","description":"11. marca otworz\u0105 swe podwoje 16. Mi\u0119dzynarodowe Targi Bursztynu, Bi\u017cuterii i Kamieni Jubilerskich AMBERIF. W tym roku impreza b\u0119dzie go\u015bci\u0107 450 wystawc\u00f3w 9 kra"},"footnotes":""},"categories":[120],"tags":[],"sekcja":[],"class_list":["post-13293","post","type-post","status-publish","format-standard","hentry","category-targi"],"acf":[],"_links":{"self":[{"href":"https:\/\/amber.com.pl\/en\/wp-json\/wp\/v2\/posts\/13293","targetHints":{"allow":["GET"]}}],"collection":[{"href":"https:\/\/amber.com.pl\/en\/wp-json\/wp\/v2\/posts"}],"about":[{"href":"https:\/\/amber.com.pl\/en\/wp-json\/wp\/v2\/types\/post"}],"author":[{"embeddable":true,"href":"https:\/\/amber.com.pl\/en\/wp-json\/wp\/v2\/users\/4"}],"replies":[{"embeddable":true,"href":"https:\/\/amber.com.pl\/en\/wp-json\/wp\/v2\/comments?post=13293"}],"version-history":[{"count":0,"href":"https:\/\/amber.com.pl\/en\/wp-json\/wp\/v2\/posts\/13293\/revisions"}],"wp:attachment":[{"href":"https:\/\/amber.com.pl\/en\/wp-json\/wp\/v2\/media?parent=13293"}],"wp:term":[{"taxonomy":"category","embeddable":true,"href":"https:\/\/amber.com.pl\/en\/wp-json\/wp\/v2\/categories?post=13293"},{"taxonomy":"post_tag","embeddable":true,"href":"https:\/\/amber.com.pl\/en\/wp-json\/wp\/v2\/tags?post=13293"},{"taxonomy":"sekcja","embeddable":true,"href":"https:\/\/amber.com.pl\/en\/wp-json\/wp\/v2\/sekcja?post=13293"}],"curies":[{"name":"wp","href":"https:\/\/api.w.org\/{rel}","templated":true}]}}