{"id":13284,"date":"2009-02-28T12:49:59","date_gmt":"2009-02-28T11:49:59","guid":{"rendered":"https:\/\/wp.amber.com.pl\/inhorgenta-dobre-nastroje-mimo-nienajlepszych-prognoz\/"},"modified":"2025-12-07T18:47:30","modified_gmt":"2025-12-07T17:47:30","slug":"inhorgenta-dobre-nastroje-mimo-nienajlepszych-prognoz","status":"publish","type":"post","link":"https:\/\/amber.com.pl\/en\/aktualnosci\/inhorgenta-dobre-nastroje-mimo-nienajlepszych-prognoz\/","title":{"rendered":"Inhorgenta: dobre nastroje mimo nienajlepszych prognoz"},"content":{"rendered":"<p><strong>Targi inhorgenta europe po raz kolejny potwierdzi\u0142y swoj\u0105 pozycj\u0119 jako wiod\u0105ca mi\u0119dzynarodowa impreza dla bran\u017cy bi\u017cuterii, zegark\u00f3w, kamieni szlachetnych, pere\u0142 i technologii. Nie uda\u0142o si\u0119 poprawi\u0107 ubieg\u0142orocznych wynik\u00f3w: wystawc\u00f3w by\u0142o 1.183 z 47 kraj\u00f3w (2007: 1.224 z 48 kraj\u00f3w), odwiedzaj\u0105cych 30.000 z 79 kraj\u00f3w (2008: 30.000 z 78 kraj\u00f3w). Niew\u0105tpliwie wp\u0142yw na ten fakt mia\u0142y niepewna sytuacja gospodarcza oraz niesprzyjaj\u0105ce warunki atmosferyczne.<\/strong> <strong><\/strong><strong><br \/>\n<\/strong><\/p>\n<p><strong> Jest dobrze, tylko troch\u0119 gorzej&#8230;<\/strong> <\/p>\n<p> Mimo pogarszaj\u0105cej si\u0119 sytuacji ekonomicznej na \u015bwiecie uczestnicy targ\u00f3w zdaj\u0105 si\u0119 by\u0107 zaskoczeni tak pozytywnym wynikiem imprezy, cho\u0107 perspektywy na najbli\u017csz\u0105 przysz\u0142o\u015b\u0107 oceniaj\u0105 raczej z dystansem. Potwierdzaj\u0105 to wyniki przeprowadzonej przez TNS Infratest na zlecenie organizatora targ\u00f3w ankiety: ju\u017c tylko 33% (2008: 52%) pytanych wystawc\u00f3w oceni\u0142o obecn\u0105 sytuacj\u0119 gospodarcz\u0105 jako bardzo dobr\u0105 i dobr\u0105, a tylko 56% (2008: 75%) z nich spodziewa si\u0119 bardzo dobrego rozwoju sytuacji rynkowej w przysz\u0142o\u015bci. O spadku nastroj\u00f3w w\u015br\u00f3d odwiedzaj\u0105cych \u015bwiadcz\u0105 ich odpowiedzi: odpowiednio 45% (2008: 57%) i 62% (2008: 74%). Je\u015bli chodzi o ocen\u0119 samej imprezy, 61% (2008: 72%) pytanych wystawc\u00f3w i 91% (2008: 96%) oceni\u0142o j\u0105 bardzo dobrze i dobrze. Odwiedzaj\u0105cy najlepiej oceniali atmosfer\u0119 \u2013 92%, bogactwo i r\u00f3\u017cnorodno\u015b\u0107 oferty \u2013 90%, przejrzysto\u015b\u0107 jej podzia\u0142u \u2013 90% oraz poziom informacji do nich adresowanych \u2013 89%. Z kolei wystawcy najbardziej docenili atmosfer\u0119 targ\u00f3w \u2013 83%, przejrzysto\u015b\u0107 i podzia\u0142 oferty bran\u017cowej \u2013 82%, jak r\u00f3wnie\u017c atrakcyjny program ramowy i seminaryjny \u2013 79%. <strong><\/strong><strong><br \/>\n<\/strong><\/p>\n<p><strong> Niemiecka bran\u017ca nie odczuwa kryzysu<\/strong> <\/p>\n<p> S\u0105dz\u0105c po opiniach wystawc\u00f3w, szczeg\u00f3lnie produkt\u00f3w o ugruntowanych, silnych markach, na rynku niemieckim kryzys nie daje si\u0119 (jeszcze?) odczu\u0107. Zdaniem Manfreda Wutzlhofera, dyrektora Targ\u00f3w Monachijskich, konsumenci niemieccy koncentruj\u0105 si\u0119 przede wszystkim na sta\u0142ych, niezmiennych warto\u015bciach i inwestuj\u0105 w warto\u015bciowe i utrzymuj\u0105ce swoj\u0105 warto\u015b\u0107 produkty. Niezachwiana pozostaje pozycja silnych marek z dobrze przygotowan\u0105 i dopasowan\u0105 do potrzeb rynku koncepcj\u0105 sprzeda\u017cy. <\/p>\n<p> Jego s\u0142owa znajduj\u0105 potwierdzenie w opiniach wystawc\u00f3w \u2013 wielu z nich, szczeg\u00f3lnie uwzgl\u0119dniaj\u0105c obecn\u0105 sytuacj\u0119, jest zaskoczona tak du\u017cym zainteresowaniem ofert\u0105, konstruktywnymi rozmowami handlowymi oraz liczebno\u015bci\u0105 zam\u00f3wie\u0144. Tak wi\u0119c bran\u017ca jubilerska nie odczuwa jeszcze zbyt mocno kryzysu ani te\u017c spadku nastroj\u00f3w konsumenckich. Niemniej jednak jej przedstawiciele zachowuj\u0105 umiarkowany optymizm i ostro\u017cnie patrz\u0105 w przysz\u0142o\u015b\u0107, tym bardziej, \u017ce zachowania konsument\u00f3w tak\u017ce i na tym rynku s\u0105 nieprzewidywalne. Jak zwykle w sytuacji kryzysowej, dobrym wyj\u015bciem jest mobilno\u015b\u0107 i zwi\u0105zane z tym szybkie reagowanie na zmienne nastroje rynku. Przys\u0142uchuj\u0105c si\u0119 dyskusjom w czasie seminari\u00f3w oraz wnioskuj\u0105c z rozm\u00f3w z wystawcami, zar\u00f3wno producenci, jak i detali\u015bci maj\u0105 \u015bwiadomo\u015b\u0107, jak wiele zale\u017cy od ich wzajemnej wsp\u00f3\u0142pracy, i ju\u017c podejmuj\u0105 dzia\u0142ania maj\u0105ce na celu popraw\u0119 jej jako\u015bci. <strong><\/strong><strong><br \/>\n<\/strong><\/p>\n<p><strong> Polacy wracaj\u0105 zadowoleni<\/strong> <\/p>\n<figure class=\"wp-block-image alignleft\"><img decoding=\"async\" src=\"https:\/\/amber.com.pl\/wp-content\/uploads\/news\/423_2-208.jpg\" alt=\"\" class=\"wp-image-13283\"\/><\/figure>\n<p> Tak\u017ce polskie firmy generalnie wracaj\u0105 do domu zadowolone \u2013 zar\u00f3wno wieloletni wystawcy, jak i \u201enowicjusze\u201d. Ci ostatni podkre\u015blaj\u0105 znaczne, nierzadko przekraczaj\u0105ce ich oczekiwania zainteresowanie ze strony mi\u0119dzynarodowej publiczno\u015bci, jak r\u00f3wnie\u017c nieocenion\u0105 rol\u0119 osobistego kontaktu i potrzeb\u0119 inwestowania w nowe rynki. Premiera na targach inhorgenta europe jest dla nich swego rodzaju barometrem \u2013 mo\u017cliwo\u015bci\u0105 wysondowania gust\u00f3w odbiorc\u00f3w i zapotrzebowania rynku, co pozwoli jeszcze lepiej przygotowa\u0107 si\u0119 do nast\u0119pnych edycji. Tak\u017ce \u201estarzy\u201d wystawcy zachowuj\u0105 czujno\u015b\u0107 na znaki p\u0142yn\u0105ce z rynku i dzi\u0119ki zgromadzonemu ju\u017c do\u015bwiadczeniu szybko reaguj\u0105 na jego potrzeby. <\/p>\n<p> Najwi\u0119kszym zaskoczeniem by\u0142a metamorfoza firmy Glitter &amp; Eva Stone, kt\u00f3ra do zmiany oferty przygotowywa\u0142a si\u0119 dwa lata, by pokaza\u0107 ca\u0142kiem now\u0105 twarz: znikn\u0119\u0142o tradycyjne, nieco przyci\u0119\u017ckie wzornictwo, a jego miejsce zaj\u0119\u0142a delikatniejsza w odbiorze bi\u017cuteria z bursztynem i kamieniami jubilerskimi wytwarzana w kr\u00f3tkich seriach. Tak\u017ce standardowa zabudowa stoiska musia\u0142a ust\u0105pi\u0107 miejsca nowoczesnej, ciekawie zaprojektowanej. Dope\u0142nieniem zmiany wizerunku by\u0142a prezentacja firmy w hali C2, a nie jak dotychczas A2. <\/p>\n<p> Kolejna widoczna zmiana dotyczy firmy Art7, kt\u00f3ra mocno do serca wzi\u0119\u0142a sobie zasad\u0119, \u017ce rynek niemiecki kocha marki. We wsp\u00f3\u0142pracy z nowym przedstawicielem w Niemczech powsta\u0142a marka Baltic Soul, kt\u00f3rej premiera mia\u0142a miejsce w\u0142a\u015bnie na targach inhorgenta europe 2009. W po\u0142\u0105czeniu z charakterystycznym dla firmy wzornictwem srebrnej i z\u0142otej bi\u017cuterii bursztynowej oraz cenionymi unikatami jest to du\u017cy krok do sukcesu. <\/p>\n<p> W 2010 roku mi\u0119dzynarodowa bran\u017ca jubilersko-zegarmistrzowska spotka si\u0119 na targach inhorgenta europe nie jak wcze\u015bniej planowano w styczniu \u2013 ze wzgl\u0119du na zmiany w kalendarzu imprez targowych ostateczny termin to 19 &#8211; 22 lutego 2010. <\/p>\n<p> Aby znale\u017a\u0107 wi\u0119cej informacji na ten temat, zapraszamy do skorzystania z wyszukiwarki. <\/p>\n<p> <em>Zdj\u0119cia: Stoisko firmy Ostrowski Design (na g\u00f3rze) i Glitter &amp; Eva Stone (na dole). Fot. firmy<\/em><\/p>","protected":false},"excerpt":{"rendered":"<p>Uczestnicy targ\u00f3w inhorgenta europe zdaj\u0105 si\u0119 by\u0107 zaskoczeni tak pozytywnym wynikiem imprezy, cho\u0107 perspektywy na najbli\u017csz\u0105 przysz\u0142o\u015b\u0107 oceniaj\u0105 raczej z dystansem.<\/p>","protected":false},"author":4,"featured_media":13282,"comment_status":"closed","ping_status":"closed","sticky":false,"template":"","format":"standard","meta":{"_acf_changed":false,"slim_seo":{"title":"Inhorgenta: dobre nastroje mimo nienajlepszych prognoz - Amber Portal","description":"Uczestnicy targ\u00f3w inhorgenta europe zdaj\u0105 si\u0119 by\u0107 zaskoczeni tak pozytywnym wynikiem imprezy, cho\u0107 perspektywy na najbli\u017csz\u0105 przysz\u0142o\u015b\u0107 oceniaj\u0105 raczej z dystan"},"footnotes":""},"categories":[120],"tags":[],"sekcja":[],"class_list":["post-13284","post","type-post","status-publish","format-standard","has-post-thumbnail","hentry","category-targi"],"acf":[],"_links":{"self":[{"href":"https:\/\/amber.com.pl\/en\/wp-json\/wp\/v2\/posts\/13284","targetHints":{"allow":["GET"]}}],"collection":[{"href":"https:\/\/amber.com.pl\/en\/wp-json\/wp\/v2\/posts"}],"about":[{"href":"https:\/\/amber.com.pl\/en\/wp-json\/wp\/v2\/types\/post"}],"author":[{"embeddable":true,"href":"https:\/\/amber.com.pl\/en\/wp-json\/wp\/v2\/users\/4"}],"replies":[{"embeddable":true,"href":"https:\/\/amber.com.pl\/en\/wp-json\/wp\/v2\/comments?post=13284"}],"version-history":[{"count":0,"href":"https:\/\/amber.com.pl\/en\/wp-json\/wp\/v2\/posts\/13284\/revisions"}],"wp:featuredmedia":[{"embeddable":true,"href":"https:\/\/amber.com.pl\/en\/wp-json\/wp\/v2\/media\/13282"}],"wp:attachment":[{"href":"https:\/\/amber.com.pl\/en\/wp-json\/wp\/v2\/media?parent=13284"}],"wp:term":[{"taxonomy":"category","embeddable":true,"href":"https:\/\/amber.com.pl\/en\/wp-json\/wp\/v2\/categories?post=13284"},{"taxonomy":"post_tag","embeddable":true,"href":"https:\/\/amber.com.pl\/en\/wp-json\/wp\/v2\/tags?post=13284"},{"taxonomy":"sekcja","embeddable":true,"href":"https:\/\/amber.com.pl\/en\/wp-json\/wp\/v2\/sekcja?post=13284"}],"curies":[{"name":"wp","href":"https:\/\/api.w.org\/{rel}","templated":true}]}}