{"id":13232,"date":"2009-02-02T16:09:52","date_gmt":"2009-02-02T15:09:52","guid":{"rendered":"https:\/\/wp.amber.com.pl\/targi-w-czasach-kryzysu\/"},"modified":"2025-12-07T18:47:30","modified_gmt":"2025-12-07T17:47:30","slug":"targi-w-czasach-kryzysu","status":"publish","type":"post","link":"https:\/\/amber.com.pl\/en\/aktualnosci\/targi-w-czasach-kryzysu\/","title":{"rendered":"Targi w czasach kryzysu"},"content":{"rendered":"<figure class=\"wp-block-image wp-block-gallery has-nested-images columns-3 is-cropped wp-block-gallery-15 is-layout-flex wp-block-gallery-is-layout-flex\"><a href=\"https:\/\/amber.com.pl\/wp-content\/uploads\/01-48c.jpg\"><img decoding=\"async\" src=\"https:\/\/amber.com.pl\/wp-content\/uploads\/01-48c.jpg\" alt=\"...\" class=\"wp-image-13218\"\/><\/a><figcaption class=\"wp-element-caption\">&#8230;<br \/>\n<b>Tucson Gem Show<\/b><\/figcaption><\/figure>\n<p> <strong>Wielkie Tucson Gem Show ruszy\u0142o w sobot\u0119 31. stycznia po raz kolejny. Jak co roku miasto Tucson przekszta\u0142ci\u0142o si\u0119 na czas dw\u00f3ch tygodni w wielkie centrum targowe. <\/strong><\/p>\n<p> Ekskluzywne hale wystawiennicze, prowizoryczne namioty i ulice zape\u0142ni\u0142y si\u0119 tysi\u0105cami wystawc\u00f3w. Mo\u017cna tu kupi\u0107 wszystko &#8211; od brylant\u00f3w po plastik, wszelkiego rodzaju minera\u0142y i bi\u017cuteri\u0119 z ca\u0142ego \u015bwiata. Zosta\u0142a tak\u017ce otwarta &#8220;bursztynowa hala&#8221; Tucon Expo Center (targi JOGS).<\/p>\n<p> Jak pokaza\u0142y ostatnie miesi\u0105ce, trudno w tym roku cokolwiek przewidzie\u0107 w dziedzinie ekonomii i handlu. Wszelkie analizy i obserwacje nie pozwoli\u0142y zapobiec globalnemu kryzysowi a oczekiwania i szacunki okaza\u0142y si\u0119 bezwarto\u015bciowe w zetkni\u0119ciu z przewrotn\u0105 rzeczywisto\u015bci\u0105. W tej sytuacji zupe\u0142nie nie ma sensu racjonalne podej\u015bcie do \u015bwiata, dlatego tym razem postanowili\u015bmy przedstawi\u0107 wra\u017cenia z pierwszego dnia targ\u00f3w w spos\u00f3b niekonwencjonalny i &#8220;z przymru\u017ceniem oka&#8221;. Ca\u0142a grupa polskich wystawc\u00f3w zosta\u0142a poproszona o humorystyczne skomentowanie pierwszego dnia targ\u00f3w &#8211; jak si\u0119 okaza\u0142o, dobry nastr\u00f3j nie opuszcza nas nawet w kryzysowych sytuacjach&#8230;<\/p>","protected":false},"excerpt":{"rendered":"<p>Wielkie Tucson Gem Show ruszy\u0142o w sobot\u0119 po raz kolejny. Postanowili\u015bmy przedstawi\u0107 wra\u017cenia z pierwszego dnia targ\u00f3w &#8220;z przymru\u017ceniem oka&#8221; &#8211; polskich wystawc\u00f3w humor nie opuszcza&#8230;<\/p>","protected":false},"author":5,"featured_media":0,"comment_status":"closed","ping_status":"closed","sticky":false,"template":"","format":"standard","meta":{"_acf_changed":false,"slim_seo":{"title":"Targi w czasach kryzysu - Amber Portal","description":"Wielkie Tucson Gem Show ruszy\u0142o w sobot\u0119 po raz kolejny. Postanowili\u015bmy przedstawi\u0107 wra\u017cenia z pierwszego dnia targ\u00f3w \"z przymru\u017ceniem oka\" - polskich wystawc\u00f3w"},"footnotes":""},"categories":[120],"tags":[],"sekcja":[],"class_list":["post-13232","post","type-post","status-publish","format-standard","hentry","category-targi"],"acf":[],"_links":{"self":[{"href":"https:\/\/amber.com.pl\/en\/wp-json\/wp\/v2\/posts\/13232","targetHints":{"allow":["GET"]}}],"collection":[{"href":"https:\/\/amber.com.pl\/en\/wp-json\/wp\/v2\/posts"}],"about":[{"href":"https:\/\/amber.com.pl\/en\/wp-json\/wp\/v2\/types\/post"}],"author":[{"embeddable":true,"href":"https:\/\/amber.com.pl\/en\/wp-json\/wp\/v2\/users\/5"}],"replies":[{"embeddable":true,"href":"https:\/\/amber.com.pl\/en\/wp-json\/wp\/v2\/comments?post=13232"}],"version-history":[{"count":0,"href":"https:\/\/amber.com.pl\/en\/wp-json\/wp\/v2\/posts\/13232\/revisions"}],"wp:attachment":[{"href":"https:\/\/amber.com.pl\/en\/wp-json\/wp\/v2\/media?parent=13232"}],"wp:term":[{"taxonomy":"category","embeddable":true,"href":"https:\/\/amber.com.pl\/en\/wp-json\/wp\/v2\/categories?post=13232"},{"taxonomy":"post_tag","embeddable":true,"href":"https:\/\/amber.com.pl\/en\/wp-json\/wp\/v2\/tags?post=13232"},{"taxonomy":"sekcja","embeddable":true,"href":"https:\/\/amber.com.pl\/en\/wp-json\/wp\/v2\/sekcja?post=13232"}],"curies":[{"name":"wp","href":"https:\/\/api.w.org\/{rel}","templated":true}]}}