{"id":13021,"date":"2008-10-13T14:50:43","date_gmt":"2008-10-13T12:50:43","guid":{"rendered":"https:\/\/wp.amber.com.pl\/warszawa-waznym-rynkiem-dla-bursztynu\/"},"modified":"2025-12-07T18:47:34","modified_gmt":"2025-12-07T17:47:34","slug":"warszawa-waznym-rynkiem-dla-bursztynu","status":"publish","type":"post","link":"https:\/\/amber.com.pl\/en\/aktualnosci\/warszawa-waznym-rynkiem-dla-bursztynu\/","title":{"rendered":"Warszawa wa\u017cnym rynkiem dla bursztynu"},"content":{"rendered":"<p><strong>Warszawskie Targi Bi\u017cuterii i Zegark\u00f3w Z\u0142oto Srebro Czas, kt\u00f3re odbywa\u0142y si\u0119 w dniach 3-5 pa\u017adziernika br., to kolejne wyzwanie dla bran\u017cy bursztynniczej po zako\u0144czonych sierpniowych targach Ambermart w Gda\u0144sku. Wielu spo\u015br\u00f3d niespe\u0142na 30 wystawc\u00f3w z tego sektora ocenia je pozytywnie, cho\u0107 podkre\u015blano trudn\u0105 i przede wszystkim niepewn\u0105 sytuacj\u0119 na rynku. <\/strong><\/p>\n<figure class=\"wp-block-image alignright\"><img decoding=\"async\" src=\"https:\/\/amber.com.pl\/wp-content\/uploads\/news\/346_3-edd.jpg\" alt=\"\" class=\"wp-image-13020\"\/><\/figure>\n<p> Tak\u017ce i w Warszawie, w przeciwie\u0144stwie do Gda\u0144ska nastawionej g\u0142\u00f3wnie na odwiedzaj\u0105cych z Polski, da\u0142o si\u0119 odczu\u0107 zmniejszone zainteresowanie bursztynow\u0105 bi\u017cuteri\u0105, nie tylko ze strony hurtownik\u00f3w, ale tak\u017ce publiczno\u015bci. Dost\u0119p tej ostatniej ma dla wielu firm \u2013 g\u0142\u00f3wnie tych nastawionych na sprzeda\u017c \u2013 niezmiennie du\u017ce znaczenie. Obecna sytuacja wywo\u0142a\u0142a pewne zmiany w zachowaniach kupc\u00f3w&nbsp;\u2013&nbsp;z ostro\u017cno\u015bci sk\u0142adaj\u0105 oni mniejsze zam\u00f3wienia, a na&nbsp;nast\u0119pne producenci mog\u0105 liczy\u0107&nbsp;dopiero&nbsp;po sprzedaniu wcze\u015bniejszej partii towaru. <br \/> Wbrew wcze\u015bniejszym opiniom, Warszawa nadal jest wa\u017cnym centrum handlu wyrobami z bursztynem i ci\u0105gle jeszcze mo\u017cna tu spotka\u0107 klient\u00f3w, kt\u00f3rzy nie przyje\u017cd\u017caj\u0105 do Gda\u0144ska na \u017cadn\u0105 z odbywaj\u0105cych si\u0119 tam imprez targowych po\u015bwi\u0119conych bursztynowi \u2013 Amberif i Ambermart. Co ciekawe, s\u0142ycha\u0107 by\u0142o tak\u017ce g\u0142osy w\u0142a\u015bcicieli firm przedk\u0142adaj\u0105cych targi Z\u0142oto Srebro Czas nad Ambermart pod wzgl\u0119dem biznesowym. Dla niekt\u00f3rych Warszawa jest miejscem prezentacji i testowania nowych wzor\u00f3w. <\/p>\n<p> Sytuacja na rynku oraz wysokie ceny surowc\u00f3w wymuszaj\u0105 na producentach pewn\u0105 widoczn\u0105 ewolucj\u0119 wzor\u00f3w. O ile jeszcze niedawno decyduj\u0105c\u0105 cz\u0119\u015b\u0107 wyrobu stanowi\u0142 bursztyn, tak obecnie jego udzia\u0142 jest coraz mocniej ograniczany na rzecz innych element\u00f3w zdobniczych i kamieni jubilerskich. Cho\u0107 jeszcze znaczny, ale w widoczny spos\u00f3b zmniejsza si\u0119 udzia\u0142 wyrob\u00f3w czysto bursztynowych w ofercie wielu firm i obserwujemy tu pewn\u0105 polaryzacj\u0119 \u2013 s\u0105 one albo bardzo okaza\u0142e, albo te\u017c ma\u0142ych gabaryt\u00f3w. Metod\u0105 na przetrwanie trudnej sytuacji dla ma\u0142ych i \u015brednich przedsi\u0119biorstw \u2013 jak pokaza\u0142y przyk\u0142ady takich stawiaj\u0105cych na charakterystyczne wzornictwo firm jak Art 7 czy New Amber Collection \u2013 mo\u017ce by\u0107 znalezienie pewnej niezagospodarowanej jeszcze niszy na rynku. <\/p>\n<p> <strong>Wi\u0119cej informacji o targach: <\/strong><br \/> <a target=\"_blank\" href=\"http:\/\/www.zlotosrebroczas.com\" rel=\"noopener noreferrer nofollow\">Z\u0142oto Srebro Czas<\/a><\/p>\n<p> <em>Zdj\u0119cia: Naszyjniki bursztynowe na stoisku firmy Helena (na g\u00f3rze). Stoisko firmy ABC&nbsp;Gold (na dole). Fot. organizator<\/em><\/p>","protected":false},"excerpt":{"rendered":"<p>Wielu spo\u015br\u00f3d niespe\u0142na 30 wystawc\u00f3w oferuj\u0105cych bursztyn ocenia targi pozytywnie, cho\u0107 podkre\u015blano trudn\u0105 i przede wszystkim niepewn\u0105 sytuacj\u0119 na rynku.<\/p>","protected":false},"author":4,"featured_media":13019,"comment_status":"closed","ping_status":"closed","sticky":false,"template":"","format":"standard","meta":{"_acf_changed":false,"slim_seo":{"title":"Warszawa wa\u017cnym rynkiem dla bursztynu - Amber Portal","description":"Wielu spo\u015br\u00f3d niespe\u0142na 30 wystawc\u00f3w oferuj\u0105cych bursztyn ocenia targi pozytywnie, cho\u0107 podkre\u015blano trudn\u0105 i przede wszystkim niepewn\u0105 sytuacj\u0119 na rynku."},"footnotes":""},"categories":[120],"tags":[],"sekcja":[],"class_list":["post-13021","post","type-post","status-publish","format-standard","has-post-thumbnail","hentry","category-targi"],"acf":[],"_links":{"self":[{"href":"https:\/\/amber.com.pl\/en\/wp-json\/wp\/v2\/posts\/13021","targetHints":{"allow":["GET"]}}],"collection":[{"href":"https:\/\/amber.com.pl\/en\/wp-json\/wp\/v2\/posts"}],"about":[{"href":"https:\/\/amber.com.pl\/en\/wp-json\/wp\/v2\/types\/post"}],"author":[{"embeddable":true,"href":"https:\/\/amber.com.pl\/en\/wp-json\/wp\/v2\/users\/4"}],"replies":[{"embeddable":true,"href":"https:\/\/amber.com.pl\/en\/wp-json\/wp\/v2\/comments?post=13021"}],"version-history":[{"count":0,"href":"https:\/\/amber.com.pl\/en\/wp-json\/wp\/v2\/posts\/13021\/revisions"}],"wp:featuredmedia":[{"embeddable":true,"href":"https:\/\/amber.com.pl\/en\/wp-json\/wp\/v2\/media\/13019"}],"wp:attachment":[{"href":"https:\/\/amber.com.pl\/en\/wp-json\/wp\/v2\/media?parent=13021"}],"wp:term":[{"taxonomy":"category","embeddable":true,"href":"https:\/\/amber.com.pl\/en\/wp-json\/wp\/v2\/categories?post=13021"},{"taxonomy":"post_tag","embeddable":true,"href":"https:\/\/amber.com.pl\/en\/wp-json\/wp\/v2\/tags?post=13021"},{"taxonomy":"sekcja","embeddable":true,"href":"https:\/\/amber.com.pl\/en\/wp-json\/wp\/v2\/sekcja?post=13021"}],"curies":[{"name":"wp","href":"https:\/\/api.w.org\/{rel}","templated":true}]}}