{"id":13010,"date":"2008-10-07T02:06:06","date_gmt":"2008-10-07T00:06:06","guid":{"rendered":"https:\/\/wp.amber.com.pl\/bursztynowe-prezenty-na-targach-zloto-srebro-czas\/"},"modified":"2025-12-07T18:47:34","modified_gmt":"2025-12-07T17:47:34","slug":"bursztynowe-prezenty-na-targach-zloto-srebro-czas","status":"publish","type":"post","link":"https:\/\/amber.com.pl\/en\/aktualnosci\/bursztynowe-prezenty-na-targach-zloto-srebro-czas\/","title":{"rendered":"Bursztynowe prezenty na targach Z\u0142oto Srebro Czas"},"content":{"rendered":"<p><strong>Wygl\u0105da na to, \u017ce bursztynowe prezenty staj\u0105 si\u0119 nie tylko symbolem Gda\u0144ska \u2013 tak\u017ce Warszawa si\u0119ga po ten kojarzony z Polsk\u0105 surowiec. <\/strong> <\/p>\n<p> W uroczysto\u015bci otwarcia Targ\u00f3w Bi\u017cuterii i Zegark\u00f3w Z\u0142oto Srebro Czas uczestniczy\u0142a Pierwsza Dama Maria Kaczy\u0144ska, kt\u00f3ra w imieniu \u015brodowiska producent\u00f3w, projektant\u00f3w, jubiler\u00f3w, artyst\u00f3w i zegarmistrz\u00f3w skupionych wok\u00f3\u0142 targ\u00f3w zosta\u0142a uhonorowana Bursztynow\u0105 R\u00f3\u017c\u0105. Organizator imprezy ustanowi\u0142 to wyr\u00f3\u017cnienie pod has\u0142em \u201e<em>Miej serce i patrzaj w serce<\/em> \u2013 przeciw oboj\u0119tno\u015bci\u201d za wra\u017cliwo\u015b\u0107 i dzia\u0142alno\u015b\u0107 spo\u0142eczn\u0105. Pierwsz\u0105 laureatk\u0105 jest w\u0142a\u015bnie Pani Prezydentowa, kt\u00f3ra dzi\u0119kuj\u0105c, nie kry\u0142a wzruszenia. Bursztynowa R\u00f3\u017ca, wykonana w pracowni Mariusza Drapikowskiego, zosta\u0142a wr\u0119czona przez prezesa Mi\u0119dzynarodowego Centrum Targowego Eugeniusza Galimskiego i dyrektor targ\u00f3w Wand\u0119 Gontarsk\u0105. <\/p>\n<p> Kolejnym obdarowanym bursztynowym prezentem by\u0142 Prezydent Miasta Gda\u0144ska Pawe\u0142 Adamowicz. Z okazji 10-lecia sprawowania tego urz\u0119du i w podzi\u0119kowaniu za jego wk\u0142ad w promocj\u0119 bursztynu otrzyma\u0142 on z r\u0105k prezesa MCT Eugeniusza Galimskiego i wykonawc\u00f3w dzie\u0142a Ingrid i Ryszarda Wycichowskich Bursztynowe Pi\u00f3ro Amber Rex opatrzone symbolicznym numerem 10. Dzi\u0119kuj\u0105c za to wyr\u00f3\u017cnienie, prezydent Adamowicz podkre\u015bla\u0142 nie tylko rol\u0119 Gda\u0144ska jako centrum wytw\u00f3rczo\u015bci bursztynniczej, ale te\u017c rol\u0119 innych miast, w tym Warszawy, w dok\u0142adaniu stara\u0144, by sta\u0142 si\u0119 on jeszcze bardziej rozpoznawaln\u0105 mark\u0105 Polski w \u015bwiecie. \u201e<em>Dzi\u0119kuj\u0119 za ten wyj\u0105tkowy dar, kt\u00f3ry traktuj\u0119 jako zach\u0119t\u0119 do dalszego dzia\u0142ania w tej dziedzinie<\/em>.\u201d \u2013 m\u00f3wi\u0142. <\/p>\n<p> Wk\u0142ad organizatora targ\u00f3w w promocj\u0119 bursztynu to przede wszystkim wsp\u00f3\u0142praca w realizacji projektu Ambasador Bursztynu \u2013 w ubieg\u0142ym roku prezydent Gda\u0144ska w\u0142a\u015bnie na otwarciu imprezy wr\u0119czy\u0142 nominacj\u0119 na to stanowisko Lidii Popiel. Kadencja na tym stanowisku jest dwuletnia, wi\u0119c w przysz\u0142ym roku powinni\u015bmy pozna\u0107 nowego kandydata. <\/p>\n<p> <strong>Wi\u0119cej informacji o targach:<\/strong><br \/> <a href=\"http:\/\/www.zlotosrebroczas.com\/aktualnosci.php?akt=26\" target=\"_blank\" rel=\"noopener noreferrer nofollow\">Z\u0142oto Srebro Czas<\/a><\/p>","protected":false},"excerpt":{"rendered":"<p>Wygl\u0105da na to, \u017ce bursztynowe prezenty staj\u0105 si\u0119 nie tylko symbolem Gda\u0144ska &#8211; tak\u017ce Warszawa si\u0119ga po ten kojarzony z Polsk\u0105 surowiec.<\/p>","protected":false},"author":4,"featured_media":13009,"comment_status":"closed","ping_status":"closed","sticky":false,"template":"","format":"standard","meta":{"_acf_changed":false,"slim_seo":{"title":"Bursztynowe prezenty na targach Z\u0142oto Srebro Czas - Amber Portal","description":"Wygl\u0105da na to, \u017ce bursztynowe prezenty staj\u0105 si\u0119 nie tylko symbolem Gda\u0144ska - tak\u017ce Warszawa si\u0119ga po ten kojarzony z Polsk\u0105 surowiec."},"footnotes":""},"categories":[120],"tags":[],"sekcja":[],"class_list":["post-13010","post","type-post","status-publish","format-standard","has-post-thumbnail","hentry","category-targi"],"acf":[],"_links":{"self":[{"href":"https:\/\/amber.com.pl\/en\/wp-json\/wp\/v2\/posts\/13010","targetHints":{"allow":["GET"]}}],"collection":[{"href":"https:\/\/amber.com.pl\/en\/wp-json\/wp\/v2\/posts"}],"about":[{"href":"https:\/\/amber.com.pl\/en\/wp-json\/wp\/v2\/types\/post"}],"author":[{"embeddable":true,"href":"https:\/\/amber.com.pl\/en\/wp-json\/wp\/v2\/users\/4"}],"replies":[{"embeddable":true,"href":"https:\/\/amber.com.pl\/en\/wp-json\/wp\/v2\/comments?post=13010"}],"version-history":[{"count":0,"href":"https:\/\/amber.com.pl\/en\/wp-json\/wp\/v2\/posts\/13010\/revisions"}],"wp:featuredmedia":[{"embeddable":true,"href":"https:\/\/amber.com.pl\/en\/wp-json\/wp\/v2\/media\/13009"}],"wp:attachment":[{"href":"https:\/\/amber.com.pl\/en\/wp-json\/wp\/v2\/media?parent=13010"}],"wp:term":[{"taxonomy":"category","embeddable":true,"href":"https:\/\/amber.com.pl\/en\/wp-json\/wp\/v2\/categories?post=13010"},{"taxonomy":"post_tag","embeddable":true,"href":"https:\/\/amber.com.pl\/en\/wp-json\/wp\/v2\/tags?post=13010"},{"taxonomy":"sekcja","embeddable":true,"href":"https:\/\/amber.com.pl\/en\/wp-json\/wp\/v2\/sekcja?post=13010"}],"curies":[{"name":"wp","href":"https:\/\/api.w.org\/{rel}","templated":true}]}}