{"id":12981,"date":"2008-09-22T17:14:55","date_gmt":"2008-09-22T15:14:55","guid":{"rendered":"https:\/\/wp.amber.com.pl\/bursztyn-na-targach-zloto-srebro-czas\/"},"modified":"2025-12-07T18:47:35","modified_gmt":"2025-12-07T17:47:35","slug":"bursztyn-na-targach-zloto-srebro-czas","status":"publish","type":"post","link":"https:\/\/amber.com.pl\/en\/aktualnosci\/bursztyn-na-targach-zloto-srebro-czas\/","title":{"rendered":"Bursztyn na targach Z\u0142oto Srebro Czas"},"content":{"rendered":"<p> W\u015br\u00f3d wystawc\u00f3w w sektorze bi\u017cuterii bursztynowej znajdziemy zar\u00f3wno producent\u00f3w: m.in. ABC Gold, S&amp;A Bursztynowa Bi\u017cuteria, Amber Wikwol, Amberways czy Ambermoda, jak i imprezy targowe: Amberif i Amber Trip, oraz organizacje: Mi\u0119dzynarodowe Stowarzyszenie Bursztynnik\u00f3w. W sumie ofert\u0119 stricte bursztynow\u0105 b\u0119dzie prezentowa\u0142o ponad 20 firm, cho\u0107 pojedyncze egzemplarze bi\u017cuterii zdobionej t\u0105 skamienia\u0142\u0105 \u017cywic\u0105 b\u0119dzie mo\u017cna znale\u017a\u0107 tak\u017ce na wielu innych stoiskach, tak\u017ce w Galerii Projektant\u00f3w.<\/p>\n<p> Warszawa z racji swojego statusu stolicy jest wa\u017cnym miejscem promocji bursztynu, tym bardziej, \u017ce oferta nowoczesnej, atrakcyjnej wzorniczo bi\u017cuterii zdobionej bursztynem jest tutaj nadal stosunkowo uboga. Uczestnictwo w tej imprezie jest tak\u017ce szans\u0105 na zaistnienie lub umocnienie swojej pozycji na rynku polskim, kt\u00f3ry od momentu os\u0142abienia dolara i powa\u017cnego ograniczenia eksportu wyrob\u00f3w bursztynowych sta\u0142 si\u0119 znacznie bardziej atrakcyjny dla rodzimych producent\u00f3w, eksportuj\u0105cych dotychczas nawet do 90% wyrob\u00f3w. Zdaniem dyrektora targ\u00f3w Wandy Gontarskiej, Warszawa jest wa\u017cna tak\u017ce pod wzgl\u0119dem presti\u017cu i szans dotarcia do odpowiedniej grupy docelowej \u2013 to w\u0142a\u015bnie tutaj mieszka najliczniejsze grono przedstawicieli \u015bwiata medi\u00f3w, kultury i biznesu oraz oczywi\u015bcie polityki. <\/p>\n<p> <strong>Wystawy o tematyce bursztynowej<br \/> <\/strong><br \/> Organizator targ\u00f3w Z\u0142oto Srebro Czas \u2013 Mi\u0119dzynarodowe Centrum Targowe i Pracownia Sztuk Plastycznych \u2013 przygotowali tak\u017ce wystawy o tematyce bursztynowej. B\u0119d\u0105 to: Bursztynowa bry\u0142a \u2013 wystawa przygotowana przez Muzeum Ziemi PAN, prezentacja Tryptyku Niebia\u0144ska Jerozolima wykonanego w pracowni Drapikowski Studio oraz pokaz bursztynowych inkluzji na stoisku Mi\u0119dzynarodowego Stowarzyszenia Bursztynnik\u00f3w przygotowany przez dr. El\u017cbiet\u0119 Sontag z Muzeum Inkluzji w Bursztynie Uniwersytetu Gda\u0144skiego. <\/p>\n<p> <strong>Targi Bi\u017cuterii i Zegark\u00f3w Z\u0142oto Srebro Czas<br \/> 3-5 pa\u017adziernika 2008<br \/> Centrum Expo XXI, Warszawa, ul. Pr\u0105dzy\u0144skiego 12\/14.<\/strong><\/p>\n<p> <strong>Informacje o targach:<br \/> <\/strong><a href=\"http:\/\/www.zlotosrebroczas.com\/index.php\" target=\"_blank\" rel=\"noopener noreferrer nofollow\">Z\u0142oto Srebro Czas<\/a> <\/p>\n<p> <em>Zdj\u0119cie: Bi\u017cuteria z bursztynem firmy S&amp;A Bursztynowa Bi\u017cuteria z Gdyni.<\/em><\/p>","protected":false},"excerpt":{"rendered":"<p>Tradycyjnie ju\u017c warszawskie targi s\u0105 miejscem prezentacji bi\u017cuterii bursztynowej. Gros wystawc\u00f3w oferuj\u0105cych tego typu wyroby to producenci z Pomorza.<\/p>","protected":false},"author":4,"featured_media":12980,"comment_status":"closed","ping_status":"closed","sticky":false,"template":"","format":"standard","meta":{"_acf_changed":false,"slim_seo":{"title":"Bursztyn na targach Z\u0142oto Srebro Czas - Amber Portal","description":"Tradycyjnie ju\u017c warszawskie targi s\u0105 miejscem prezentacji bi\u017cuterii bursztynowej. Gros wystawc\u00f3w oferuj\u0105cych tego typu wyroby to producenci z Pomorza."},"footnotes":""},"categories":[120],"tags":[],"sekcja":[],"class_list":["post-12981","post","type-post","status-publish","format-standard","has-post-thumbnail","hentry","category-targi"],"acf":[],"_links":{"self":[{"href":"https:\/\/amber.com.pl\/en\/wp-json\/wp\/v2\/posts\/12981","targetHints":{"allow":["GET"]}}],"collection":[{"href":"https:\/\/amber.com.pl\/en\/wp-json\/wp\/v2\/posts"}],"about":[{"href":"https:\/\/amber.com.pl\/en\/wp-json\/wp\/v2\/types\/post"}],"author":[{"embeddable":true,"href":"https:\/\/amber.com.pl\/en\/wp-json\/wp\/v2\/users\/4"}],"replies":[{"embeddable":true,"href":"https:\/\/amber.com.pl\/en\/wp-json\/wp\/v2\/comments?post=12981"}],"version-history":[{"count":0,"href":"https:\/\/amber.com.pl\/en\/wp-json\/wp\/v2\/posts\/12981\/revisions"}],"wp:featuredmedia":[{"embeddable":true,"href":"https:\/\/amber.com.pl\/en\/wp-json\/wp\/v2\/media\/12980"}],"wp:attachment":[{"href":"https:\/\/amber.com.pl\/en\/wp-json\/wp\/v2\/media?parent=12981"}],"wp:term":[{"taxonomy":"category","embeddable":true,"href":"https:\/\/amber.com.pl\/en\/wp-json\/wp\/v2\/categories?post=12981"},{"taxonomy":"post_tag","embeddable":true,"href":"https:\/\/amber.com.pl\/en\/wp-json\/wp\/v2\/tags?post=12981"},{"taxonomy":"sekcja","embeddable":true,"href":"https:\/\/amber.com.pl\/en\/wp-json\/wp\/v2\/sekcja?post=12981"}],"curies":[{"name":"wp","href":"https:\/\/api.w.org\/{rel}","templated":true}]}}