{"id":12951,"date":"2008-09-04T00:34:54","date_gmt":"2008-09-03T22:34:54","guid":{"rendered":"https:\/\/wp.amber.com.pl\/optymistyczne-nastroje-ambermartu\/"},"modified":"2025-12-07T18:47:36","modified_gmt":"2025-12-07T17:47:36","slug":"optymistyczne-nastroje-ambermartu","status":"publish","type":"post","link":"https:\/\/amber.com.pl\/en\/aktualnosci\/optymistyczne-nastroje-ambermartu\/","title":{"rendered":"Optymistyczne nastroje Ambermartu"},"content":{"rendered":"<p> Pierwszy dzie\u0144 min\u0105\u0142 wystawcom g\u0142\u00f3wnie na wyczekiwaniu na dobrych kupc\u00f3w i intratne zam\u00f3wienia, kt\u00f3re pozwoli\u0142yby prze\u0142ama\u0107 z\u0142\u0105 pass\u0119 w polskiej bran\u017cy bursztynniczej. Pogorszenie koniunktury \u2013 b\u0119d\u0105ce efektem mocnej z\u0142ot\u00f3wki, spadku warto\u015bci dolara i kryzysu na rynku ameryka\u0144skim, kt\u00f3ry by\u0142 dotychczas najwi\u0119kszym odbiorc\u0105 bi\u017cuterii bursztynowej wytwarzanej przez polskich producent\u00f3w \u2013 da\u0142o si\u0119 odczu\u0107 ju\u017c po targach J.O.G.S. w Tucson w lutym br. Miesi\u0105c p\u00f3\u017aniej na targach Amberif zabrak\u0142o wielu ameryka\u0144skich kupc\u00f3w, co dodatkowo pogorszy\u0142o sytuacj\u0119. Na JCK Las Vegas Show by\u0142o ju\u017c tylko gorzej. W wakacje m\u00f3wi\u0142o si\u0119 o zwalnianiu pracownik\u00f3w, a nawet zamykaniu firm produkcyjnych na Pomorzu. Przed rozpocz\u0119ciem imprezy kilka firm ostatecznie zrezygnowa\u0142o z udzia\u0142u w niej &#8211; w sumie zamiast zapowiadanych 140 wystawia\u0142o si\u0119 132 firm. Nic wi\u0119c dziwnego, \u017ce wystawcy byli w umiarkowanych nastrojach, jednakowo\u017c dalekich od optymizmu. <\/p>\n<p> Targi Ambermart odwiedzi\u0142o 414 kupc\u00f3w z 34 kraj\u00f3w oraz 597 z Polski. Najwi\u0119cej odwiedzaj\u0105cych przyby\u0142o z W\u0142och, Niemiec, Wielkiej Brytanii, Francji, USA, Litwy, Rosji, Australii i Hongkongu. Ich zainteresowanie ofert\u0105 wystawc\u00f3w by\u0142o na tyle du\u017ce, \u017ce pozwoli\u0142o wielu producentom spojrze\u0107 bardziej optymistycznie w przysz\u0142o\u015b\u0107. <\/p>\n<p> Tradycyjnie ju\u017c podczas targ\u00f3w pracowa\u0142a Komisja ds Kontroli Bursztynu, w sk\u0142ad kt\u00f3rej wchodzili rzeczoznawcy bursztynu i naukowcy: prof. Barbara Kosmowska-Ceranowicz, Wies\u0142aw Gier\u0142owski, Jacek O\u017cd\u017ce\u0144ski, dr Elena Belichenko z Ukrainy oraz prof. Eugenio Ragazzi z W\u0142och. Na kilku stoiskach stwierdzono sprzeda\u017c bursztynu prasowanego nieoznaczonego odpowiednimi etykietami, jednak na wniosek komisji oznaczenia te pojawi\u0142y si\u0119 przy odpowiednich wyrobach. Nie wykryto imitacji bursztynu, kt\u00f3rych wystawianie jest zabronione. Komisja zwr\u00f3ci\u0142a uwag\u0119, \u017ce na targach sprzedawane by\u0142y syntetyczne imitacje kamieni jubilerskich wykonane z udzia\u0142em tworzyw sztucznych i wnioskuje o wprowadzenie do regulaminu targ\u00f3w zakazu ich sprzeda\u017cy oraz wprowadzenie sankcji wobec firm, kt\u00f3re takie produkty b\u0119d\u0105 oferowa\u0142y. <\/p>\n<p> Imprezie towarzyszy\u0142 interesuj\u0105cy program ramowy. Rozstrzygni\u0119to tak\u017ce konkursy: Ambermart Gallery 2008 oraz konkurs publiczno\u015bci \u2013 w obydwu wybierano najlepszy produkt na targach. Internauci g\u0142osuj\u0105cy w Bursztynowym Portalu amber.com.pl oraz na stronie internetowej targ\u00f3w najwi\u0119ksz\u0105 liczb\u0119 g\u0142os\u00f3w oddali na komplet bi\u017cuterii srebrnej z bursztynem firmy Amber Gems (wyr\u00f3\u017cnienia otrzymali Jacek Ostrowski i Agata Ca\u0142ka), a odwiedzaj\u0105cym najbardziej spodoba\u0142a si\u0119 kolia z naturalnego bursztynu i srebra autorstwa Arkadiusza \u0106wik\u0142y. <\/p>\n<p> Organizator, Mi\u0119dzynarodowe Targi Gda\u0144skie SA, zaprasza do udzia\u0142u w Mi\u0119dzynarodowych Targach Bursztynu, Bi\u017cuterii i Kamieni Jubilerskich Amberif \u2013 w przysz\u0142ym roku impreza potrwa 4 dni (11-14 marca 2009) i b\u0119dzie ca\u0142kowicie zamkni\u0119ta dla publiczno\u015bci. <\/p>\n<p> Fot. Micha\u0142 Kosior\/Ambermart<\/p>","protected":false},"excerpt":{"rendered":"<p>Mimo trudnej sytuacji na rynku bursztynu 9. edycja targ\u00f3w Ambermart zako\u0144czy\u0142a si\u0119 w optymistycznej atmosferze. Wi\u0119kszo\u015b\u0107 wystawc\u00f3w uzna\u0142a je za udane.<\/p>","protected":false},"author":4,"featured_media":12950,"comment_status":"closed","ping_status":"closed","sticky":false,"template":"","format":"standard","meta":{"_acf_changed":false,"slim_seo":{"title":"Optymistyczne nastroje Ambermartu - Amber Portal","description":"Mimo trudnej sytuacji na rynku bursztynu 9. edycja targ\u00f3w Ambermart zako\u0144czy\u0142a si\u0119 w optymistycznej atmosferze. Wi\u0119kszo\u015b\u0107 wystawc\u00f3w uzna\u0142a je za udane."},"footnotes":""},"categories":[120],"tags":[],"sekcja":[],"class_list":["post-12951","post","type-post","status-publish","format-standard","has-post-thumbnail","hentry","category-targi"],"acf":[],"_links":{"self":[{"href":"https:\/\/amber.com.pl\/en\/wp-json\/wp\/v2\/posts\/12951","targetHints":{"allow":["GET"]}}],"collection":[{"href":"https:\/\/amber.com.pl\/en\/wp-json\/wp\/v2\/posts"}],"about":[{"href":"https:\/\/amber.com.pl\/en\/wp-json\/wp\/v2\/types\/post"}],"author":[{"embeddable":true,"href":"https:\/\/amber.com.pl\/en\/wp-json\/wp\/v2\/users\/4"}],"replies":[{"embeddable":true,"href":"https:\/\/amber.com.pl\/en\/wp-json\/wp\/v2\/comments?post=12951"}],"version-history":[{"count":0,"href":"https:\/\/amber.com.pl\/en\/wp-json\/wp\/v2\/posts\/12951\/revisions"}],"wp:featuredmedia":[{"embeddable":true,"href":"https:\/\/amber.com.pl\/en\/wp-json\/wp\/v2\/media\/12950"}],"wp:attachment":[{"href":"https:\/\/amber.com.pl\/en\/wp-json\/wp\/v2\/media?parent=12951"}],"wp:term":[{"taxonomy":"category","embeddable":true,"href":"https:\/\/amber.com.pl\/en\/wp-json\/wp\/v2\/categories?post=12951"},{"taxonomy":"post_tag","embeddable":true,"href":"https:\/\/amber.com.pl\/en\/wp-json\/wp\/v2\/tags?post=12951"},{"taxonomy":"sekcja","embeddable":true,"href":"https:\/\/amber.com.pl\/en\/wp-json\/wp\/v2\/sekcja?post=12951"}],"curies":[{"name":"wp","href":"https:\/\/api.w.org\/{rel}","templated":true}]}}