{"id":12921,"date":"2008-08-20T16:41:41","date_gmt":"2008-08-20T14:41:41","guid":{"rendered":"https:\/\/wp.amber.com.pl\/midora-lipskie-dni-zegarkow-i-bizuterii\/"},"modified":"2025-12-07T18:47:36","modified_gmt":"2025-12-07T17:47:36","slug":"midora-lipskie-dni-zegarkow-i-bizuterii","status":"publish","type":"post","link":"https:\/\/amber.com.pl\/en\/aktualnosci\/midora-lipskie-dni-zegarkow-i-bizuterii\/","title":{"rendered":"MIDORA &#8211; Lipskie Dni Zegark\u00f3w i Bi\u017cuterii"},"content":{"rendered":"<p> Jak si\u0119 okazuje, zam\u00f3wienia na okres bo\u017conarodzeniowy s\u0105 dla wielu firm istotnym kryterium udzia\u0142u w targach, i to zar\u00f3wno dla wystawc\u00f3w, jak i odwiedzaj\u0105cych. \u201eHandel detaliczny zegarkami i bi\u017cuteri\u0105 przesuwa terminy swoich zam\u00f3wie\u0144 coraz bardziej na sezon jesienny i w konkretnym czasie zamawia zazwyczaj mniej, ale za to cz\u0119\u015bciej\u201c \u2013  twierdzi dr Alfred Schneider, dyrektor generalny Federalnego Zrzeszenia Bi\u017cuterii i Zegark\u00f3w z Pforzheim. Jedn\u0105 z g\u0142\u00f3wnych przyczyn nasilonego sk\u0142adania zam\u00f3wie\u0144 w\u0142a\u015bnie jesieni\u0105 widzi on w tym, \u017ce firmy w ci\u0105gu roku wprowadzaj\u0105 na rynek coraz wi\u0119cej kolekcji i modeli. \u201eDlatego te\u017c kr\u00f3tkoterminowym zam\u00f3wieniom przypisywane jest coraz wi\u0119ksze znaczenie.\u201c <br \/> Charakterystyczny dla targ\u00f3w Midora jest wysoki, si\u0119gaj\u0105cy a\u017c 46% udzia\u0142 w imprezie sta\u0142ych ju\u017c odwiedzaj\u0105cych. Ro\u015bnie tak\u017ce udzia\u0142 firm z odleg\u0142ych region\u00f3w Niemiec \u2013 w 2007 roku wyni\u00f3s\u0142 on 17 procent. Zdaniem Andreasa Zachloda, dyrektora targ\u00f3w Midora, dzi\u0119ki temu impreza uros\u0142a do rangi targ\u00f3w ponadregionalnych. <\/p>\n<p> <strong>Koncepcja <\/strong><\/p>\n<p> W roku 2008 koncepcja rozk\u0142adu hal podczas targ\u00f3w Midora zosta\u0142a opracowana na nowo. Ca\u0142a impreza odb\u0119dzie si\u0119 w pewnej separacji od innych targ\u00f3w w hali nr 2, co jednak nie wp\u0142ynie ujemnie na tak cenion\u0105 przez wielu odwiedzaj\u0105cych blisko\u015b\u0107 targ\u00f3w CADEAUX. Ponadto zaraz obok strefy zamkni\u0119tej i obszaru og\u00f3lnodost\u0119pnego urz\u0105dzony zostanie tzw. sektor trend\u00f3w, do kt\u00f3rego dost\u0119p b\u0119d\u0105 mia\u0142y r\u00f3wnie\u017c bran\u017cowe sklepy z upominkami i elementami wyposa\u017cenia wn\u0119trz. Obszar og\u00f3lnodost\u0119pny, kt\u00f3ry otwarty jest tak\u017ce dla odwiedzaj\u0105cych targi CADEAUX, b\u0119dzie utrzymany w bardziej wyrazistej strukturze. Do zamkni\u0119tego sektora targ\u00f3w w dalszym ci\u0105gu b\u0119d\u0105 mie\u0107 dost\u0119p wy\u0142\u0105cznie przedstawiciele handlu bran\u017cowego zegarkami i bi\u017cuteri\u0105. <\/p>\n<p> <strong>Trendy <\/strong><\/p>\n<p> Bez tego tematu nie mog\u0105 si\u0119 obej\u015b\u0107 \u017cadne targi. Organizatorzy zaprosili eksperta w dziedzinie mody i trend\u00f3w w bran\u017cy jubilerskiej \u2013 Christel Trimborn, kt\u00f3ra w kwestii kierunk\u00f3w w modzie, tak\u017ce jubilerskiej, doradza\u0142a ju\u017c na targach inhorgenta europe w Monachium w lutym br. oraz podczas targ\u00f3w Amberif w Gda\u0144sku w marcu br. Na sezon jesienno-zimowy przewiduje ona trzy podstawowe trendy. Jednym z nich jest trend nazwany \u201eBursztynowe skarby\u201d opisuj\u0105cy ciep\u0142e odcienie br\u0105zu i \u017c\u00f3\u0142ci, pasuj\u0105cy do miejskiej mody. Pozosta\u0142e dwa to \u201eSmooth Shadows\u201c stawiaj\u0105cy na czernie, biele i szaro\u015bci. W bi\u017cuterii b\u0119dzie si\u0119 to demonstrowa\u0142o pod postaci\u0105 kontrast\u00f3w i zaskakuj\u0105cych zestawie\u0144, np. brylant\u00f3w i stali oraz kauczuku czy sztucznych materia\u0142\u00f3w \u0142\u0105czonych z per\u0142ami. Ostatni z przewidywanych przez ni\u0105 kierunk\u00f3w to \u201eColour reflections\u201d \u2013 pe\u0142en blasku i glamour, kolor\u00f3w nocy, fioletowego i ciemnego bordowego. W swoim wyst\u0105pieniu Christel Trimborn nie b\u0119dzie si\u0119 ogranicza\u0107 tylko do kolor\u00f3w i kszta\u0142t\u00f3w, wyja\u015bni tak\u017ce, jaki maj\u0105 one zwi\u0105zek z socjologi\u0105 czy ekologi\u0105. <\/p>\n<p> <strong>Annual International Graduation Show<\/strong><\/p>\n<p> Wystawa zatytu\u0142owana Annual International Graduation Show to sta\u0142y punkt programu w czasie targ\u00f3w Midora ju\u017c od o\u015bmiu lat. W\u0142a\u015bcicielka galerii w Nijmegen w Holandii Marie-Jos\u00e9 van den Hout prezentuje prace dyplomowe student\u00f3w z renomowanych europejskich szk\u00f3\u0142 designu. <\/p>\n<p> <a href=\"http:\/\/www.midora.de\" target=\"_blank\" rel=\"noopener noreferrer nofollow\">www.midora.de <\/a><br \/> <a href=\"http:\/\/www.targilipskie.pl\" target=\"_blank\" rel=\"noopener noreferrer nofollow\">www.targilipskie.pl <\/a><\/p><\/p>","protected":false},"excerpt":{"rendered":"<p>Targi Lipskie po raz 13. otworz\u0105 swe podwoje dla wystawc\u00f3w i odwiedzaj\u0105cych targi Midora w dniach 6 \u2013 8 wrze\u015bnia br. Organizatorzy spodziewaj\u0105 si\u0119 ok. 180 wystawc\u00f3w, kt\u00f3rzy zaprezentuj\u0105 ofert\u0119 przygotowan\u0105 z my\u015bl\u0105 o zbli\u017caj\u0105cych si\u0119 \u015bwi\u0119tach Bo\u017cego Narodzenia.<\/p>","protected":false},"author":1,"featured_media":12920,"comment_status":"closed","ping_status":"closed","sticky":false,"template":"","format":"standard","meta":{"_acf_changed":false,"slim_seo":{"title":"MIDORA - Lipskie Dni Zegark\u00f3w i Bi\u017cuterii - Amber Portal","description":"Targi Lipskie po raz 13. otworz\u0105 swe podwoje dla wystawc\u00f3w i odwiedzaj\u0105cych targi Midora w dniach 6 \u2013 8 wrze\u015bnia br. Organizatorzy spodziewaj\u0105 si\u0119 ok. 180 wysta"},"footnotes":""},"categories":[120],"tags":[],"sekcja":[],"class_list":["post-12921","post","type-post","status-publish","format-standard","has-post-thumbnail","hentry","category-targi"],"acf":[],"_links":{"self":[{"href":"https:\/\/amber.com.pl\/en\/wp-json\/wp\/v2\/posts\/12921","targetHints":{"allow":["GET"]}}],"collection":[{"href":"https:\/\/amber.com.pl\/en\/wp-json\/wp\/v2\/posts"}],"about":[{"href":"https:\/\/amber.com.pl\/en\/wp-json\/wp\/v2\/types\/post"}],"author":[{"embeddable":true,"href":"https:\/\/amber.com.pl\/en\/wp-json\/wp\/v2\/users\/1"}],"replies":[{"embeddable":true,"href":"https:\/\/amber.com.pl\/en\/wp-json\/wp\/v2\/comments?post=12921"}],"version-history":[{"count":0,"href":"https:\/\/amber.com.pl\/en\/wp-json\/wp\/v2\/posts\/12921\/revisions"}],"wp:featuredmedia":[{"embeddable":true,"href":"https:\/\/amber.com.pl\/en\/wp-json\/wp\/v2\/media\/12920"}],"wp:attachment":[{"href":"https:\/\/amber.com.pl\/en\/wp-json\/wp\/v2\/media?parent=12921"}],"wp:term":[{"taxonomy":"category","embeddable":true,"href":"https:\/\/amber.com.pl\/en\/wp-json\/wp\/v2\/categories?post=12921"},{"taxonomy":"post_tag","embeddable":true,"href":"https:\/\/amber.com.pl\/en\/wp-json\/wp\/v2\/tags?post=12921"},{"taxonomy":"sekcja","embeddable":true,"href":"https:\/\/amber.com.pl\/en\/wp-json\/wp\/v2\/sekcja?post=12921"}],"curies":[{"name":"wp","href":"https:\/\/api.w.org\/{rel}","templated":true}]}}