{"id":12910,"date":"2008-08-20T16:17:41","date_gmt":"2008-08-20T14:17:41","guid":{"rendered":"https:\/\/wp.amber.com.pl\/ambermart-juz-za-tydzien\/"},"modified":"2025-12-07T18:47:36","modified_gmt":"2025-12-07T17:47:36","slug":"ambermart-juz-za-tydzien","status":"publish","type":"post","link":"https:\/\/amber.com.pl\/en\/aktualnosci\/ambermart-juz-za-tydzien\/","title":{"rendered":"Ambermart ju\u017c za tydzie\u0144"},"content":{"rendered":"<p> W imprezie we\u017amie udzia\u0142 140 wystawc\u00f3w, kt\u00f3rzy zaprezentuj\u0105 ofert\u0119 przygotowan\u0105 g\u0142\u00f3wnie z my\u015bl\u0105 o sezonie \u015bwi\u0105tecznym. Targi Ambermart s\u0105 bowiem pomy\u015blane jako targi uzupe\u0142niaj\u0105ce przez okresem bo\u017conarodzeniowym. <br \/> Organizator targ\u00f3w, Mi\u0119dzynarodowe Targi Gda\u0144skie SA, przygotowa\u0142 interesuj\u0105cy program ramowy. Kupc\u00f3w powinno zainteresowa\u0107 seminarium zatytu\u0142owane \u201eBezpieczne zachowania w zawodach du\u017cego ryzyka\u201d, w kt\u00f3rym udzia\u0142 mog\u0105 wzi\u0105\u0107 wy\u0142\u0105cznie w\u0142a\u015bciciele i przedstawiciele handlowych firm jubilerskich i bursztynniczych. Zosta\u0142o ono przygotowane przy wsp\u00f3\u0142pracy Komendy Wojew\u00f3dzkiej Policji, Fundacji Ekspert\u00f3w Jednostek Antyterrorystycznych AT oraz Og\u00f3lnopolskiego Stowarzyszenia In\u017cynier\u00f3w i Technik\u00f3w Zabezpiecze\u0144 Technicznych i Zarz\u0105dzania Bezpiecze\u0144stwem POLALARM. <\/p>\n<p> Nie zabraknie te\u017c sta\u0142ych punkt\u00f3w program\u00f3w, takich jak m.in. Konkurs Publiczno\u015bci na naj\u0142adniejszy komplet bi\u017cuterii z bursztynem, wystawa inkluzji ro\u015blinnych i zwierz\u0119cych w bursztynie przygotowana przez Muzeum Inkluzji w Bursztynie przy Uniwersytecie Gda\u0144skim czy Laboratorium Bursztynu oraz wieczornych atrakcji zar\u00f3wno dla wystawc\u00f3w, jak i dla kupc\u00f3w. <br \/> Nastroje przed targami s\u0105 dosy\u0107 napi\u0119te \u2013 wp\u0142yw na t\u0119 sytuacj\u0119 ma wiele czynnik\u00f3w, m.in. niski kurs dolara i mniejsza ch\u0142onno\u015b\u0107 rynku ameryka\u0144skiego na wyroby bursztynowe z Polski uwidaczniaj\u0105ca si\u0119 szczeg\u00f3lnie w niskim (konkurencja z Chinami) oraz \u015brednim (kryzys w USA) segmencie cenowym. Jak w tej sytuacji poradz\u0105 sobie producenci i czy zainteresowanie kupc\u00f3w ich ofert\u0105 b\u0119dzie wystarczaj\u0105co du\u017ce \u2013 oka\u017ce si\u0119 ju\u017c za tydzie\u0144. <\/p>\n<p> <strong>Polecamy raport:<\/strong><br \/><a href=\"https:\/\/amber.com.pl\/en\/tendencje-na-polskim-i-globalnym-rynku-wyrobow-bursztynowych-w-roku-2008\/\">Tendencje na polskim i globalnym rynku wyrob\u00f3w bursztynowych w roku 2008<\/a><\/p>\n<p> <strong> Do pobrania:<\/strong> Program targ\u00f3w Ambermart 2008 (Word)<\/p>","protected":false},"excerpt":{"rendered":"<p>Jeszcze tylko tydzie\u0144 pozosta\u0142 do rozpocz\u0119cia 9. edycji Mi\u0119dzynarodowych Targ\u00f3w Bursztynu Ambermart. B\u0119d\u0105 one trwa\u0142y 3 dni (czwartek \u2013 sobota) i b\u0119d\u0105 przez ca\u0142y ten czas otwarte dla publiczno\u015bci.<\/p>","protected":false},"author":4,"featured_media":12868,"comment_status":"closed","ping_status":"closed","sticky":false,"template":"","format":"standard","meta":{"_acf_changed":false,"slim_seo":{"title":"Ambermart ju\u017c za tydzie\u0144 - Amber Portal","description":"Jeszcze tylko tydzie\u0144 pozosta\u0142 do rozpocz\u0119cia 9. edycji Mi\u0119dzynarodowych Targ\u00f3w Bursztynu Ambermart. B\u0119d\u0105 one trwa\u0142y 3 dni (czwartek \u2013 sobota) i b\u0119d\u0105 przez ca\u0142y"},"footnotes":""},"categories":[120],"tags":[],"sekcja":[],"class_list":["post-12910","post","type-post","status-publish","format-standard","has-post-thumbnail","hentry","category-targi"],"acf":[],"_links":{"self":[{"href":"https:\/\/amber.com.pl\/en\/wp-json\/wp\/v2\/posts\/12910","targetHints":{"allow":["GET"]}}],"collection":[{"href":"https:\/\/amber.com.pl\/en\/wp-json\/wp\/v2\/posts"}],"about":[{"href":"https:\/\/amber.com.pl\/en\/wp-json\/wp\/v2\/types\/post"}],"author":[{"embeddable":true,"href":"https:\/\/amber.com.pl\/en\/wp-json\/wp\/v2\/users\/4"}],"replies":[{"embeddable":true,"href":"https:\/\/amber.com.pl\/en\/wp-json\/wp\/v2\/comments?post=12910"}],"version-history":[{"count":0,"href":"https:\/\/amber.com.pl\/en\/wp-json\/wp\/v2\/posts\/12910\/revisions"}],"wp:featuredmedia":[{"embeddable":true,"href":"https:\/\/amber.com.pl\/en\/wp-json\/wp\/v2\/media\/12868"}],"wp:attachment":[{"href":"https:\/\/amber.com.pl\/en\/wp-json\/wp\/v2\/media?parent=12910"}],"wp:term":[{"taxonomy":"category","embeddable":true,"href":"https:\/\/amber.com.pl\/en\/wp-json\/wp\/v2\/categories?post=12910"},{"taxonomy":"post_tag","embeddable":true,"href":"https:\/\/amber.com.pl\/en\/wp-json\/wp\/v2\/tags?post=12910"},{"taxonomy":"sekcja","embeddable":true,"href":"https:\/\/amber.com.pl\/en\/wp-json\/wp\/v2\/sekcja?post=12910"}],"curies":[{"name":"wp","href":"https:\/\/api.w.org\/{rel}","templated":true}]}}