{"id":12869,"date":"2008-07-21T02:16:06","date_gmt":"2008-07-21T00:16:06","guid":{"rendered":"https:\/\/wp.amber.com.pl\/ambermart-2008\/"},"modified":"2025-12-07T18:47:37","modified_gmt":"2025-12-07T17:47:37","slug":"ambermart-2008","status":"publish","type":"post","link":"https:\/\/amber.com.pl\/en\/aktualnosci\/ambermart-2008\/","title":{"rendered":"Ambermart 2008"},"content":{"rendered":"<p><strong>W dniach 28 \u2013 30 sierpnia (czwartek \u2013 sobota) na terenach Mi\u0119dzynarodowych Targ\u00f3w Gda\u0144skich odb\u0119dzie si\u0119 9. edycja Mi\u0119dzynarodowych Targ\u00f3w Bursztynu <a href=\"http:\/\/www.ambermart.pl\/\" target=\"_blank\" rel=\"noopener noreferrer nofollow\">Ambermart<\/a>. W imprezie udzia\u0142 we\u017amie oko\u0142o 140 wystawc\u00f3w z Polski oraz z zagranicy. B\u0119d\u0105 to przede wszystkim producenci i projektanci bi\u017cuterii bursztynowej oraz bi\u017cuterii z\u0142otej i srebrnej. <br \/> <\/strong><br \/> W tym roku po raz pierwszy targi te przez 3 dni b\u0119d\u0105 otwarte dla publiczno\u015bci. Decyzja ta zosta\u0142a podj\u0119ta na spotkaniu Rady Konsultant\u00f3w targ\u00f3w Amberif w maju br. jako wynik ca\u0142kowitego zamkni\u0119cia targ\u00f3w Amberif dla publiczno\u015bci (pisali\u015bmy o tym: 4 dni targ\u00f3w Amberif) <\/p>\n<p> Organizator \u2013 Mi\u0119dzynarodowe Targi Gda\u0144skie \u2013 przygotowa\u0142 ciekawy program imprezy. Oczywi\u015bcie nie zabraknie w nim sta\u0142ych punkt\u00f3w, takich jak: Laboratorium Bursztynu, <a href=\"https:\/\/amber.com.pl\/en\/muzeum-inkluzji-w-bursztynie\/\">Museum of Inclusion in Amber<\/a>, Galeria Projektant\u00f3w, Galeria Sztuki z malarstwem, rysunkiem, grafik\u0105 i ceramik\u0105 tr\u00f3jmiejskich artyst\u00f3w czy konkurs dla publiczno\u015bci na naj\u0142adniejszy komplet bi\u017cuterii z bursztynem. W czasie Ambermartu b\u0119dzie mia\u0142a miejsce premiera ksi\u0105\u017cki wydanej przez Mi\u0119dzynarodowe Stowarzyszenie Bursztynnik\u00f3w \u201eTop Amber\u201d pod redakcj\u0105 dr. hab. S\u0142awomira Fija\u0142kowskiego. Bogato ilustrowany album b\u0119dzie pierwsz\u0105 pr\u00f3b\u0105  podsumowania rozwoju wzornictwa bursztynniczego w ostatnich latach. Zawiera ona m.in. zdj\u0119cia prac nagrodzonych w konkursach <a href=\"https:\/\/amber.com.pl\/en\/amberif-design-award-competition\/\">Amberif Design Award (Elektronos)<\/a> i <a href=\"https:\/\/amber.com.pl\/en\/mercurius-gedanensis-jewellery-competition\/\">Mercurius Gedanensis<\/a>, zdj\u0119cia z pokaz\u00f3w mody na towarzysz\u0105cej targom Amberif Gali Mody i Bursztynu oraz najnowszych trend\u00f3w we wzornictwie firm i projektant\u00f3w zajmuj\u0105cych si\u0119 bursztynem.<\/p>\n<p> Targom towarzyszy\u0107 b\u0119d\u0105 dwie wystawy. Pierwsza z nich to \u201ePo\u0142awiacze Bursztynu\u201d, na kt\u00f3r\u0105 sk\u0142adaj\u0105 si\u0119 zrekonstruowane historyczne i wsp\u00f3\u0142czesne stroje po\u0142awiaczy wraz z ekspozycj\u0105 fotograficzn\u0105 po\u015bwi\u0119con\u0105 po\u0142awianiu bursztynu autorstwa Eryka Popkiewicza oraz obrazy inspirowane Bursztynowym Wybrze\u017cem Pauliny Binek, znanej projektantki bi\u017cuterii (pisali\u015bmy o tej wystawie: Wernisa\u017c wystawy \u201ePo\u0142awiacze bursztynu\u201d). Wieczorem pierwszego dnia targ\u00f3w w Muzeum Bursztynu odb\u0119dzie si\u0119 finisa\u017c tej wystawy, a nastrojowe, \u015bredniowieczne mury dziedzi\u0144ca Muzeum Bursztynu stan\u0105 si\u0119 opraw\u0105 do pokazu mody przygotowanego przez Paulin\u0119 Binek i Joann\u0119 Mierzejewsk\u0105. Wieczorem drugiego dnia targ\u00f3w w sopockim Krzywym Domku b\u0119dzie mia\u0142 miejsce wernisa\u017c wystawy fotogram\u00f3w autorstwa Barbary Gronu\u015b-Dutko pt. \u201eNa Planecie Jantar\u201d. Opraw\u0119 muzyczn\u0105 wystawie zapewni Iwona J\u0119druch. Po wystawie po raz kolejny kupcy i wystawcy zintegruj\u0105 si\u0119 w sopockim klubie Sfinks. <\/p>\n<p> Honorowy patronat nad targami sprawuj\u0105: Ministerstwo Gospodarki, <a href=\"https:\/\/amber.com.pl\/en\/miedzynarodowe-stowarzyszenie-bursztynnikow\/\">Mi\u0119dzynarodowe Stowarzyszenie Bursztynnik\u00f3w<\/a>, <a href=\"http:\/\/www.amberchamber.org.pl\/\" target=\"_blank\" rel=\"noopener noreferrer nofollow\">Krajowa Izba Gospodarcza Bursztynu<\/a> and <a href=\"http:\/\/www.pomorskaizba.com.pl\/\" target=\"_blank\" rel=\"noopener noreferrer nofollow\">Pomorska Izba Rzemie\u015blnicza Ma\u0142ych i \u015arednich Przedsi\u0119biorstw<\/a>. Bursztynowy Portal amber.com.pl jest patronem prasowym targ\u00f3w Ambermart. <\/p>\n<p> <strong>More information: <\/strong><br \/> <a href=\"http:\/\/www.ambermart.pl\/\" target=\"_blank\" rel=\"noopener noreferrer nofollow\">Ambermart<\/a><\/p>\n<p> <em> Na podstawie materia\u0142\u00f3w prasowych<\/em><\/p>","protected":false},"excerpt":{"rendered":"<p>W dniach 28 &#8211; 30 sierpnia (czwartek &#8211; sobota) na terenach Mi\u0119dzynarodowych Targ\u00f3w Gda\u0144skich odb\u0119dzie si\u0119 9. edycja Mi\u0119dzynarodowych Targ\u00f3w Bursztynu Ambermart.<\/p>","protected":false},"author":4,"featured_media":12868,"comment_status":"closed","ping_status":"closed","sticky":false,"template":"","format":"standard","meta":{"_acf_changed":false,"slim_seo":{"title":"Ambermart 2008 - Amber Portal","description":"W dniach 28 - 30 sierpnia (czwartek - sobota) na terenach Mi\u0119dzynarodowych Targ\u00f3w Gda\u0144skich odb\u0119dzie si\u0119 9. edycja Mi\u0119dzynarodowych Targ\u00f3w Bursztynu Ambermart."},"footnotes":""},"categories":[120],"tags":[],"sekcja":[],"class_list":["post-12869","post","type-post","status-publish","format-standard","has-post-thumbnail","hentry","category-targi"],"acf":[],"_links":{"self":[{"href":"https:\/\/amber.com.pl\/en\/wp-json\/wp\/v2\/posts\/12869","targetHints":{"allow":["GET"]}}],"collection":[{"href":"https:\/\/amber.com.pl\/en\/wp-json\/wp\/v2\/posts"}],"about":[{"href":"https:\/\/amber.com.pl\/en\/wp-json\/wp\/v2\/types\/post"}],"author":[{"embeddable":true,"href":"https:\/\/amber.com.pl\/en\/wp-json\/wp\/v2\/users\/4"}],"replies":[{"embeddable":true,"href":"https:\/\/amber.com.pl\/en\/wp-json\/wp\/v2\/comments?post=12869"}],"version-history":[{"count":0,"href":"https:\/\/amber.com.pl\/en\/wp-json\/wp\/v2\/posts\/12869\/revisions"}],"wp:featuredmedia":[{"embeddable":true,"href":"https:\/\/amber.com.pl\/en\/wp-json\/wp\/v2\/media\/12868"}],"wp:attachment":[{"href":"https:\/\/amber.com.pl\/en\/wp-json\/wp\/v2\/media?parent=12869"}],"wp:term":[{"taxonomy":"category","embeddable":true,"href":"https:\/\/amber.com.pl\/en\/wp-json\/wp\/v2\/categories?post=12869"},{"taxonomy":"post_tag","embeddable":true,"href":"https:\/\/amber.com.pl\/en\/wp-json\/wp\/v2\/tags?post=12869"},{"taxonomy":"sekcja","embeddable":true,"href":"https:\/\/amber.com.pl\/en\/wp-json\/wp\/v2\/sekcja?post=12869"}],"curies":[{"name":"wp","href":"https:\/\/api.w.org\/{rel}","templated":true}]}}