{"id":12840,"date":"2008-07-01T01:38:03","date_gmt":"2008-06-30T23:38:03","guid":{"rendered":"https:\/\/wp.amber.com.pl\/zmiany-na-rynku-amerykanskim\/"},"modified":"2025-12-07T18:47:38","modified_gmt":"2025-12-07T17:47:38","slug":"zmiany-na-rynku-amerykanskim","status":"publish","type":"post","link":"https:\/\/amber.com.pl\/en\/aktualnosci\/zmiany-na-rynku-amerykanskim\/","title":{"rendered":"Zmiany na rynku ameryka\u0144skim"},"content":{"rendered":"<p><strong>Targi tej rangi co JCK w miniskali oddaj\u0105 tendencje handlowe \u2013 je\u015bli nie ca\u0142ego \u015bwiata, to przynajmniej Ameryki P\u00f3\u0142nocnej.<br \/> <\/strong><br \/> W tym roku, jak ju\u017c pisali\u015bmy, mia\u0142y miejsce zauwa\u017calne zmiany: wy\u017csze ni\u017c zwykle ceny powierzchni wystawienniczej oraz pogarszaj\u0105ca si\u0119 sytuacja ekonomiczna spowodowa\u0142y, \u017ce wiele firm zrezygnowa\u0142o z uczestnictwa, a w ich miejsce pojawi\u0142o si\u0119 sporo nowych stoisk. Klient\u00f3w by\u0142o zdecydowanie wi\u0119cej na hali \u201eekskluzywnej\u201d, a najwi\u0119kszym powodzeniem cieszy\u0142a si\u0119 oferta najdro\u017cszej bi\u017cuterii. <\/p>\n<p> Kilka dni przed JCK odbywaj\u0105 si\u0119 targi w hotelu Mirage \u2013 jest to impreza o ni\u017cszej randze, adresowana dla odbiorc\u00f3w bardziej popularnej bi\u017cuterii. Firmy, kt\u00f3re bra\u0142y w nich udzia\u0142, zgadzaj\u0105 si\u0119, \u017ce targi Mirage nie by\u0142y dla nich wielkim sukcesem finansowym, i \u017ce klient\u00f3w by\u0142o znacznie mniej ni\u017c na JCK. Potwierdza to og\u00f3ln\u0105 tendencj\u0119: w USA ro\u015bnie zapotrzebowanie na bi\u017cuteri\u0119 z wy\u017cszej p\u00f3\u0142ki, a coraz trudniej jest na rynku produkt\u00f3w \u015bredniej i ni\u017cszej klasy. Du\u017c\u0105 popularno\u015bci\u0105 cieszy si\u0119 te\u017c sektor bardzo tanich wyrob\u00f3w ale jest on, jak wiadomo, ca\u0142kowicie opanowany przez Chi\u0144czyk\u00f3w i Hindus\u00f3w, z kt\u00f3rymi nikt nie jest w stanie konkurowa\u0107 cenowo. <\/p>\n<p> <strong>Bursztyn na JCK <\/strong><br \/> W ofercie prezentowanej na JCK mo\u017cna by\u0142o tak\u017ce zauwa\u017cy\u0107 du\u017co wysokiej jako\u015bci bi\u017cuterii z bursztynem, \u0142\u0105czonym ju\u017c nie tylko ze srebrem, ale tak\u017ce z tytanem (Valerio), z\u0142otem (Dejwis, S&amp;A Bursztynowa Bi\u017cuteria) i diamentami (Ambermoda i Dejwis). Poziom wzornictwa firm oferuj\u0105cych bursztyn jest tak\u017ce coraz wy\u017cszy. Na pewno jednak sukces na targach zale\u017cy nie tylko od oferty i dobrej lokalizacji. Jak m\u00f3wi pan Krzysztof St\u0119pie\u0144 z firmy Vessel, kt\u00f3ry od lat bierze udzia\u0142 w JCK: \u201eKa\u017cdy nasz wyjazd poprzedza wymiana korespondencji z klientami, tym bardziej \u017ce firma ma ju\u017c sta\u0142ych odbiorc\u00f3w w USA, kt\u00f3rzy podczas targ\u00f3w przyje\u017cd\u017caj\u0105 specjalnie na spotkanie z nami. Dzi\u0119ki tej intensywnej pracy marketingowej targi s\u0105 dla nas coraz lepsze\u201d. I rzeczywi\u015bcie: stoisko firmy Vessel cieszy\u0142o si\u0119 zainteresowaniem przez ca\u0142y czas trwania targ\u00f3w. Wielu wystawc\u00f3w zwraca jednak uwag\u0119, \u017ce tegoroczne JCK odwiedzi\u0142o mniej sta\u0142ych klient\u00f3w ni\u017c w zesz\u0142ym roku. Jest to o tyle istotne, \u017ce ze wzgl\u0119du na rozmiar imprezy, trudno jest pozyska\u0107 nowych kupc\u00f3w i zawiera\u0107 nowe kontakty handlowe (zwykle kupcom na JCK po prostu nie starcza czasu odwiedzanie nowych stoisk). Na pewno tegoroczna edycja by\u0142a zdecydowanie s\u0142absza w por\u00f3wnaniu do ubieg\u0142ego roku, niemniej jednak Ameryka pozostaje nadal rynkiem bardzo ch\u0142onnym, cho\u0107 jego struktura do\u015b\u0107 szybko si\u0119 zmienia.  <\/p>\n<figure class=\"wp-block-image alignleft\"><img decoding=\"async\" src=\"https:\/\/amber.com.pl\/wp-content\/uploads\/news\/289_1-218.jpg\" alt=\"\" class=\"wp-image-12839\"\/><\/figure>\n<p> <strong>\u201eMa\u0142o kogo dzi\u015b sta\u0107 na bi\u017cuteri\u0119 \u015bredniej klasy&#8230;\u201d<\/strong><br \/> O komentarz do obecnej sytuacji na rynku bi\u017cuterii ameryka\u0144skiej poprosili\u015bmy Mirka Witka, kt\u00f3ry od kilkudziesi\u0119ciu lat pracuje w USA i zajmuje si\u0119 projektowaniem i wykonywaniem najwy\u017cszej klasy bi\u017cuterii z diamentami i platyn\u0105 (jego klientami s\u0105 m.in. Madonna i Robert de Niro; jego nazwisko jest ju\u017c tak znane, \u017ce na pier\u015bcionek jego autorstwa trzeba czeka\u0107 w kolejce przez kilkana\u015bcie miesi\u0119cy). Pan Witek przez wiele lat bra\u0142 udzia\u0142 w targach JCK, a od niedawna odwiedza JCK jako go\u015b\u0107: \u201ePlatyna podro\u017ca\u0142a dwukrotnie w ci\u0105gu 1,5 roku, podobnie z\u0142oto i brylanty. W zwi\u0105zku z tym, ma\u0142o kogo dzi\u015b sta\u0107 na bi\u017cuteri\u0119 \u015bredniej klasy. Osoby, kt\u00f3re s\u0105 w stanie zap\u0142aci\u0107 du\u017ce pieni\u0105dze, przy obecnych cenach z\u0142ota i platyny, wol\u0105 kupi\u0107 bi\u017cuteri\u0119 \u2018custom made\u2019, czyli zaprojektowan\u0105 specjalnie dla nich. Odbiorcy s\u0105 zm\u0119czeni tanimi produktami, kt\u00f3re zala\u0142y ca\u0142y rynek, dlatego stale powi\u0119ksza si\u0119 przepa\u015b\u0107 pomi\u0119dzy ofert\u0105 popularn\u0105 i ekskluzywn\u0105.\u201d <br \/> Faktycznie, w USA w tej chwili bardzo trudno jest kupi\u0107 brylanty powy\u017cej 10 karat\u00f3w, poniewa\u017c traktuje si\u0119 je jako lokat\u0119 kapita\u0142u i s\u0105 dost\u0119pne jedynie na specjalne zam\u00f3wienie. Nowym trendem w USA jest wymiana du\u017cych brylant\u00f3w w bi\u017cuterii na ta\u0144sze kolorowe kamienie szlachetne (st\u0105d ich du\u017ca oferta na targach). <\/p>\n<p> By\u0107 mo\u017ce bursztyn te\u017c nied\u0142ugo do\u0142\u0105czy do pierwszej ligi poszukiwanych kamieni, zw\u0142aszcza \u017ce Amerykanie i Meksykanie znaj\u0105 go i zaczynaj\u0105 powoli docenia\u0107 nie tylko jego warto\u015b\u0107 estetyczn\u0105, ale i materialn\u0105. Do tego przyda\u0142aby si\u0119 jednak zdecydowana kampania reklamowa i przede wszystkim troch\u0119 wyobra\u017ani!<\/p>\n<p> Zdj\u0119cie: Hala z ofert\u0105 luksusow\u0105 na targach JCK. Fot. Ma\u0142gorzata Gliwi\u0144ska<\/p>","protected":false},"excerpt":{"rendered":"<p>Zwierciad\u0142em tendencji handlowych panuj\u0105cych nie tylko na rynku ameryka\u0144skim by\u0142y odbywaj\u0105ce si\u0119 miesi\u0105c temu targi JCK Show Las Vegas.<\/p>","protected":false},"author":5,"featured_media":12737,"comment_status":"closed","ping_status":"closed","sticky":false,"template":"","format":"standard","meta":{"_acf_changed":false,"slim_seo":{"title":"Zmiany na rynku ameryka\u0144skim - Amber Portal","description":"Zwierciad\u0142em tendencji handlowych panuj\u0105cych nie tylko na rynku ameryka\u0144skim by\u0142y odbywaj\u0105ce si\u0119 miesi\u0105c temu targi JCK Show Las Vegas."},"footnotes":""},"categories":[120],"tags":[],"sekcja":[],"class_list":["post-12840","post","type-post","status-publish","format-standard","has-post-thumbnail","hentry","category-targi"],"acf":[],"_links":{"self":[{"href":"https:\/\/amber.com.pl\/en\/wp-json\/wp\/v2\/posts\/12840","targetHints":{"allow":["GET"]}}],"collection":[{"href":"https:\/\/amber.com.pl\/en\/wp-json\/wp\/v2\/posts"}],"about":[{"href":"https:\/\/amber.com.pl\/en\/wp-json\/wp\/v2\/types\/post"}],"author":[{"embeddable":true,"href":"https:\/\/amber.com.pl\/en\/wp-json\/wp\/v2\/users\/5"}],"replies":[{"embeddable":true,"href":"https:\/\/amber.com.pl\/en\/wp-json\/wp\/v2\/comments?post=12840"}],"version-history":[{"count":0,"href":"https:\/\/amber.com.pl\/en\/wp-json\/wp\/v2\/posts\/12840\/revisions"}],"wp:featuredmedia":[{"embeddable":true,"href":"https:\/\/amber.com.pl\/en\/wp-json\/wp\/v2\/media\/12737"}],"wp:attachment":[{"href":"https:\/\/amber.com.pl\/en\/wp-json\/wp\/v2\/media?parent=12840"}],"wp:term":[{"taxonomy":"category","embeddable":true,"href":"https:\/\/amber.com.pl\/en\/wp-json\/wp\/v2\/categories?post=12840"},{"taxonomy":"post_tag","embeddable":true,"href":"https:\/\/amber.com.pl\/en\/wp-json\/wp\/v2\/tags?post=12840"},{"taxonomy":"sekcja","embeddable":true,"href":"https:\/\/amber.com.pl\/en\/wp-json\/wp\/v2\/sekcja?post=12840"}],"curies":[{"name":"wp","href":"https:\/\/api.w.org\/{rel}","templated":true}]}}