{"id":12832,"date":"2008-06-26T17:05:08","date_gmt":"2008-06-26T15:05:08","guid":{"rendered":"https:\/\/wp.amber.com.pl\/nowa-jakosc-jubinale-08\/"},"modified":"2025-12-07T18:47:38","modified_gmt":"2025-12-07T17:47:38","slug":"nowa-jakosc-jubinale-08","status":"publish","type":"post","link":"https:\/\/amber.com.pl\/en\/aktualnosci\/nowa-jakosc-jubinale-08\/","title":{"rendered":"Nowa jako\u015b\u0107 JUBINALE&#8217;08"},"content":{"rendered":"<figure class=\"wp-block-image alignright\"><img decoding=\"async\" src=\"https:\/\/amber.com.pl\/wp-content\/uploads\/news\/285_2-a18.jpg\" alt=\"\" class=\"wp-image-12830\"\/><\/figure>\n<p><strong>Narodzi\u0142a si\u0119 nowa jako\u015b\u0107 targ\u00f3w \u2013 tak w najwi\u0119kszym skr\u00f3cie mo\u017cna podsumowa\u0107 wra\u017cenia wielu wystawc\u00f3w i odwiedzaj\u0105cych targi JUBINALE\u201908. <br \/> <\/strong><br \/> Organizator targ\u00f3w, Polska Bi\u017cuteria, poda\u0142 w\u0142a\u015bnie do publicznej wiadomo\u015bci dane liczbowe podsumowuj\u0105ce imprez\u0119. Wynika z nich, \u017ce sw\u0105 ofert\u0119 prezentowa\u0142o w Krakowie 119 wystawc\u00f3w \u2013 g\u0142\u00f3wnie z Polski, ale tak\u017ce z Litwy, Niemiec, Czech, W\u0119gier, Grecji, Belgii i USA. Przez trzy dni (13-15 czerwca) odwiedzi\u0142o j\u0105 1.679 os\u00f3b, w tym wi\u0119kszo\u015b\u0107, bo 1.253 os\u00f3b, to bran\u017cowi kupcy i go\u015bcie. Udzia\u0142 kupc\u00f3w zagranicznych stanowi\u0142 20% (219 os\u00f3b), a w\u015br\u00f3d nich znale\u017ali si\u0119 g\u0142\u00f3wnie Czesi, S\u0142owacy i Niemcy, jak r\u00f3wnie\u017c W\u0119grzy, Anglicy, Litwini, W\u0142osi, Austriacy, Rosjanie i Hindusi.<br \/> Przez pierwsze 2 dni targ\u00f3w, przeznaczone wy\u0142\u0105cznie dla bran\u017cy jubilerskiej, JUBINALE\u201908 odwiedzi\u0142o 942 kupc\u00f3w, natomiast w dniu otwartym dla publiczno\u015bci 311 bran\u017cowych go\u015bci. Jak wynika z informacji organizatora, impreza cieszy\u0142a si\u0119 najwi\u0119kszym zainteresowaniem w\u015br\u00f3d przedstawicieli bran\u017cy z po\u0142udniowej Polski, cho\u0107 nie brakowa\u0142o g\u0142os\u00f3w, \u017ce by\u0142o ono mniejsze od oczekiwanego. <\/p>\n<p> Generalnie targi JUBINALE\u201908 wi\u0119kszo\u015b\u0107 wystawc\u00f3w uwa\u017ca za udane, cho\u0107 w wypowiedziach podkre\u015blaj\u0105, \u017ce to pierwsza edycja, wi\u0119c oceny s\u0105 bardziej pob\u0142a\u017cliwe. Za najwi\u0119kszy minus targ\u00f3w nale\u017cy uzna\u0107 zbyt ma\u0142\u0105 liczb\u0119 odwiedzaj\u0105cych z bran\u017cy, cho\u0107 z racji \u201epremiery\u201d imprezy oraz odczuwalnego kryzysu w bran\u017cy jubilerskiej nie jest to argument dyskwalifikuj\u0105cy. Zar\u00f3wno wystawcy, jak i odwiedzaj\u0105cy wysoko ocenili poziom organizacji i obs\u0142ugi technicznej (nie unikano por\u00f3wna\u0144 z dotychczasowymi imprezami o tematyce jubilerskiej), dobrze przeprowadzon\u0105 (cho\u0107 nieco p\u00f3\u017ano rozpocz\u0119t\u0105) kampani\u0119 reklamow\u0105, sprawn\u0105 ochron\u0119 oraz dobr\u0105 atmosfer\u0119 panuj\u0105c\u0105 na targach. Jednak opr\u00f3cz powy\u017cszych czynnik\u00f3w na decyzje wielu firm dotycz\u0105ce prezentacji oferty na drugiej edycji JUBINALE na pewno pozytywnie wp\u0142yn\u0105: profesjonalnie zorganizowane pokazy mody w hali, doskona\u0142y pod wzgl\u0119dem graficznym i bardzo czytelny katalog targowy oraz niezatarte wspomnienia z wyj\u0105tkowego wieczoru wystawc\u00f3w. <\/p>\n<p> <strong>Oferta bursztynowa<\/strong><strong><br \/>\n<\/strong><\/p>\n<p><strong> <\/strong>Oferta wystawc\u00f3w stanowi\u0142a przekr\u00f3j bran\u017cy i obejmowa\u0142a bi\u017cuteri\u0119 z\u0142ot\u0105 i srebrn\u0105, kamienie szlachetne i jubilerskie, zegarki, opakowania oraz narz\u0119dzia i maszyny. Prawie po\u0142ow\u0119 wystawc\u00f3w stanowili producenci bi\u017cuterii bursztynowej, kt\u00f3rzy spodziewali si\u0119 znale\u017a\u0107 w Krakowie nowych klient\u00f3w nie tylko z po\u0142udnia Polski, ale tak\u017ce kraj\u00f3w s\u0105siaduj\u0105cych, maj\u0105c nadziej\u0119 na z\u0142agodzenie skutk\u00f3w ju\u017c dotkliwego dla wielu pogorszenia koniunktury. Podobnie jak na odbywaj\u0105cym si\u0119 trzy miesi\u0105ce wcze\u015bniej Amberifie, tak i tutaj nie by\u0142o widocznej poprawy wzornictwa ani jako\u015bci oferowanych wyrob\u00f3w. <\/p>\n<p> Bursztynowa bi\u017cuteria by\u0142a tak\u017ce silnie reprezentowana podczas pokaz\u00f3w mody, kt\u00f3re zosta\u0142y przygotowane przez Grup\u0119 Kreatywn\u0105 OnoMono i odbywa\u0142y si\u0119 dwa razy dziennie przez pierwsze dwa dni imprezy oraz podczas niedzielnego &#8220;mega show&#8221;. Ich celem by\u0142a prezentacja trend\u00f3w na lato; generalnie JUBINALE to z za\u0142o\u017cenia letnie targi trend\u00f3w, cho\u0107 zwa\u017cywszy na fakt, \u017ce latem bran\u017ca przygotowuje si\u0119 ju\u017c do okresu przed\u015bwi\u0105tecznego, czerwiec zdaje si\u0119 to by\u0107 zbyt p\u00f3\u017anym terminem. W\u015br\u00f3d 12 firm jubilerskich bior\u0105cych udzia\u0142 w pokazie znalaz\u0142y si\u0119: Amber Mix, Silvam, Amber Globe, Art7, Balt, Enzo, VNS Venus. Warto podkre\u015bli\u0107, \u017ce zar\u00f3wno pokazane na wybiegu stroje, jak i bi\u017cuteria by\u0142y \u201eu\u017cytkowe\u201d i znaczna cz\u0119\u015b\u0107 audytorium niew\u0105tpliwie znalaz\u0142a wiele inspiracji. I cho\u0107 pokazane kolekcje ozd\u00f3b nie zawsze wsp\u00f3\u0142gra\u0142y z najnowszymi trendami, to i tak niew\u0105tpliwie uda\u0142o si\u0119 przekona\u0107 wiele pa\u0144, \u017ce bursztynowa bi\u017cuteria mo\u017ce by\u0107 atrakcyjna. <\/p>\n<figure class=\"wp-block-image alignleft\"><img decoding=\"async\" src=\"https:\/\/amber.com.pl\/wp-content\/uploads\/news\/285_3-9ce.jpg\" alt=\"\" class=\"wp-image-12831\"\/><\/figure>\n<p> <strong>Seminaria i wystawy<\/strong><strong><br \/>\n<\/strong><\/p>\n<p><strong> <\/strong>W programie ramowym targ\u00f3w JUBINALE\u201908, na kt\u00f3ry opr\u00f3cz pokaz\u00f3w bi\u017cuterii i mody sk\u0142ada\u0142y si\u0119 tak\u017ce wystawy przygotowane przez Galeri\u0119 Sztuki w Legnicy (by\u0142y to \u201eSrebrne Szko\u0142y\u201d oraz \u201eDebiuty\u201d pokazywane w ramach odbywaj\u0105cego si\u0119 w maju Legnickiego Festiwalu Srebra) nie zabrak\u0142o tak\u017ce tematyki bursztynowej. Na swoim stoisku firma Wikwol prezentowa\u0142a prace artyst\u00f3w-bursztynnik\u00f3w zrzeszonych w sp\u00f3\u0142ce Carskosielska Pracownia Bursztynowa w Puszkinie ko\u0142o Petersburga, kt\u00f3r\u0105 po raz pierwszy w Polsce mo\u017cna by\u0142o ogl\u0105da\u0107 podczas ubieg\u0142orocznej edycji targ\u00f3w Ambermart (Pisali\u015bmy o tym: Wystawa dzie\u0142 z Carskosielskiej Pracowni Bursztynowej) <br \/> Z my\u015bl\u0105 o producentach, ale tak\u017ce i odwiedzaj\u0105cych, zosta\u0142o przygotowane seminarium zatytu\u0142owane \u201eBi\u017cuteria z bursztynem \u2013 orygina\u0142 czy imitacja, czyli jak odpowiada\u0107 na k\u0142opotliwe pytania klient\u00f3w\u201d, kt\u00f3re wyg\u0142osi\u0142a dr El\u017cbieta Sontag z Muzeum Inkluzji w Bursztynie. <\/p>\n<p> <strong>JUBINALE\u201909<\/strong><br \/> Pierwsza edycja targ\u00f3w JUBINALE, cho\u0107 daleka od sukcesu, wyznaczy\u0142a pewne nowe standardy. Uda\u0142o si\u0119 to w du\u017cej mierze tak\u017ce dlatego, \u017ce organizator wzi\u0105\u0142 sobie do serca opinie, uwagi oraz \u017cyczenia potencjalnych wystawc\u00f3w i uda\u0142o mu si\u0119 unikn\u0105\u0107 cz\u0119sto pope\u0142nianych b\u0142\u0119d\u00f3w i niedoci\u0105gni\u0119\u0107. Otrzyma\u0142 on r\u00f3wnie\u017c bardzo wysoki kredyt zaufania od wystawc\u00f3w, kt\u00f3rzy do\u015b\u0107 licznie wzi\u0119li udzia\u0142 w pierwszej edycji imprezy. Czy wystarczy go na kolejny rok? Zobaczymy w terminie 5-7 czerwca 2009 r. \u2013 wtedy odb\u0119dzie si\u0119 druga edycja targ\u00f3w JUBINALE. <\/p>\n<p> <strong>More information: <\/strong><br \/> <a target=\"_blank\" href=\"http:\/\/www.jubinale.pl\" rel=\"noopener noreferrer nofollow\">JUBINALE<\/a><\/p>\n<p> Zdj\u0119cia: Stoisko firmy New Amber Collection (na g\u00f3rze). Bi\u017cuteria firmy Balt w kombinacji ze strojami Anety Rapacz (w \u015brodku) i Art7 ze strojami Kamili Majcher (na dole). Fot. organizator<\/p>","protected":false},"excerpt":{"rendered":"<p>Narodzi\u0142a si\u0119 nowa jako\u015b\u0107 targ\u00f3w &#8211; tak w najwi\u0119kszym skr\u00f3cie mo\u017cna podsumowa\u0107 wra\u017cenia wielu wystawc\u00f3w i odwiedzaj\u0105cych premierow\u0105 edycj\u0119 targ\u00f3w JUBINALE&#8217;08 w Krakowie.<\/p>","protected":false},"author":4,"featured_media":12829,"comment_status":"closed","ping_status":"closed","sticky":false,"template":"","format":"standard","meta":{"_acf_changed":false,"slim_seo":{"title":"Nowa jako\u015b\u0107 JUBINALE'08 - Amber Portal","description":"Narodzi\u0142a si\u0119 nowa jako\u015b\u0107 targ\u00f3w - tak w najwi\u0119kszym skr\u00f3cie mo\u017cna podsumowa\u0107 wra\u017cenia wielu wystawc\u00f3w i odwiedzaj\u0105cych premierow\u0105 edycj\u0119 targ\u00f3w JUBINALE'08 w K"},"footnotes":""},"categories":[120],"tags":[],"sekcja":[],"class_list":["post-12832","post","type-post","status-publish","format-standard","has-post-thumbnail","hentry","category-targi"],"acf":[],"_links":{"self":[{"href":"https:\/\/amber.com.pl\/en\/wp-json\/wp\/v2\/posts\/12832","targetHints":{"allow":["GET"]}}],"collection":[{"href":"https:\/\/amber.com.pl\/en\/wp-json\/wp\/v2\/posts"}],"about":[{"href":"https:\/\/amber.com.pl\/en\/wp-json\/wp\/v2\/types\/post"}],"author":[{"embeddable":true,"href":"https:\/\/amber.com.pl\/en\/wp-json\/wp\/v2\/users\/4"}],"replies":[{"embeddable":true,"href":"https:\/\/amber.com.pl\/en\/wp-json\/wp\/v2\/comments?post=12832"}],"version-history":[{"count":0,"href":"https:\/\/amber.com.pl\/en\/wp-json\/wp\/v2\/posts\/12832\/revisions"}],"wp:featuredmedia":[{"embeddable":true,"href":"https:\/\/amber.com.pl\/en\/wp-json\/wp\/v2\/media\/12829"}],"wp:attachment":[{"href":"https:\/\/amber.com.pl\/en\/wp-json\/wp\/v2\/media?parent=12832"}],"wp:term":[{"taxonomy":"category","embeddable":true,"href":"https:\/\/amber.com.pl\/en\/wp-json\/wp\/v2\/categories?post=12832"},{"taxonomy":"post_tag","embeddable":true,"href":"https:\/\/amber.com.pl\/en\/wp-json\/wp\/v2\/tags?post=12832"},{"taxonomy":"sekcja","embeddable":true,"href":"https:\/\/amber.com.pl\/en\/wp-json\/wp\/v2\/sekcja?post=12832"}],"curies":[{"name":"wp","href":"https:\/\/api.w.org\/{rel}","templated":true}]}}