{"id":12736,"date":"2008-05-16T01:50:04","date_gmt":"2008-05-15T23:50:04","guid":{"rendered":"https:\/\/wp.amber.com.pl\/4-dni-targow-amberif\/"},"modified":"2025-12-07T18:47:40","modified_gmt":"2025-12-07T17:47:40","slug":"4-dni-targow-amberif","status":"publish","type":"post","link":"https:\/\/amber.com.pl\/en\/aktualnosci\/4-dni-targow-amberif\/","title":{"rendered":"4 dni targ\u00f3w Amberif"},"content":{"rendered":"<p><strong>Skr\u00f3cenie targ\u00f3w Amberif z pi\u0119ciu do czterech dni oraz ich ca\u0142kowite zamkni\u0119cie dla publiczno\u015bci niefachowej to najwa\u017cniejsze ustalenia Rady Konsultant\u00f3w zasiadaj\u0105cej przy targach Amberif, kt\u00f3rej spotkanie odby\u0142o si\u0119 6 maja. <\/strong><\/p>\n<p> W spotkaniu wzi\u0119li udzia\u0142 konsultanci targ\u00f3w: Ma\u0142gorzata Kucharska, Tadeusz Befinger,  Norbert Nagel, Wies\u0142aw Gier\u0142owski oraz Stefan Plota, a tak\u017ce przedstawiciele organizacji bran\u017cowych: Mi\u0119dzynarodowe Stowarzyszenie Bursztynnik\u00f3w, Izba Bursztynu, Stowarzyszenie Rzeczoznawc\u00f3w Jubilerskich, Cech Rzemios\u0142 oraz Zwi\u0105zek Rzemios\u0142a Polskiego. <\/p>\n<p> <strong>4 dni bez publiczno\u015bci<\/strong><\/p>\n<p> Najwa\u017cniejsz\u0105 decyzj\u0105, jaka zosta\u0142a podj\u0119ta, jest skr\u00f3cenie Amberifu do czterech dni przy ca\u0142kowitym zamkni\u0119ciu dost\u0119pu dla publiczno\u015bci niefachowej. Zosta\u0142a ona podj\u0119ta na podstawie ankiet oraz sugestii konsultant\u00f3w i organizacji bran\u017cowych. Blisko 80% ankietowanych wystawc\u00f3w opowiada\u0142o si\u0119 za targami czterodniowymi w systemie zamkni\u0119tym. Wystawcy w komentarzach zaznaczali, \u017ce pi\u0105tego dnia wielu znacz\u0105cych kupc\u00f3w by\u0142o ju\u017c nieobecnych, a t\u0142ok oraz du\u017ca ilo\u015b\u0107 os\u00f3b nie zwi\u0105zanych z bran\u017c\u0105 tylko pot\u0119guje niebezpiecze\u0144stwo kradzie\u017cy. Alternatyw\u0105 dla wszystkich mi\u0142o\u015bnik\u00f3w bursztynu maj\u0105 by\u0107 jesienne targi Ambermart, kt\u00f3re s\u0105 mniejsze i zdecydowanie \u0142atwiejsze w zapewnieniu bezpiecze\u0144stwa. Prezes targ\u00f3w zapowiedzia\u0142 tak\u017ce, \u017ce przysz\u0142oroczna edycja Amberifu pozostanie na tym samym poziomie cenowym. Organizator zobowi\u0105za\u0142 si\u0119 tak\u017ce, \u017ce podejmie rozmowy z policj\u0105 i przedstawicielami miasta na temat mo\u017cliwo\u015bci zwi\u0119kszenia poziomu bezpiecze\u0144stwa nie tylko na targach, ale r\u00f3wnie\u017c poza nimi. Do\u015bwiadczenia tego i ubieg\u0142ego roku pokazuj\u0105, \u017ce jest to niezb\u0119dne. <\/p>\n<p> <strong>Uwagi konsultant\u00f3w<\/strong><\/p>\n<p> Krzysztof Jacobson (SRJ) zwraca\u0142 uwag\u0119, \u017ce b\u0142\u0119dem organizatora targ\u00f3w by\u0142o w tym roku dublowanie temat\u00f3w wyk\u0142ad\u00f3w towarzysz\u0105cych targom. Generalnie frekwencja na seminariach nie by\u0142a wysoka, co \u015bwiadczy albo o braku dotarcia do zainteresowanych, albo o przedk\u0142adaniu handlu i obecno\u015bci na stoiskach nad uczestnictwem w seminariach przez potencjalnie zainteresowanych. <br \/> Zwracano tak\u017ce uwag\u0119 na zbyt du\u017c\u0105 \u0142atwo\u015b\u0107 rejestracji internetowej, gdy\u017c w\u0142a\u015bciwie ka\u017cdy mo\u017ce zadeklarowa\u0107 przynale\u017cno\u015b\u0107 do bran\u017cy. W momencie pe\u0142nego zamkni\u0119cia targ\u00f3w dla publiczno\u015bci spos\u00f3b weryfikacji odwiedzaj\u0105cych rejestruj\u0105cych si\u0119 przez Internet powinien zosta\u0107 ponownie przeanalizowany. <\/p>\n<p> <strong>Nowe tereny targowe <\/strong><\/p>\n<p> Prezes MTG S.A. oficjalnie zapowiedzia\u0142, \u017ce w planach jest przeniesienie targ\u00f3w do nowej siedziby, kt\u00f3ra b\u0119dzie si\u0119 mie\u015bci\u0142a w pobli\u017cu planowanego stadionu Baltic Arena w gda\u0144skiej dzielnicy Letnica. Przeniesienie jest wst\u0119pnie planowane na rok 2012. Do tego czasu konieczne b\u0119dzie korzystanie z teren\u00f3w przy ulicy Beniowskiego. Nowe tereny targowe znajd\u0105 si\u0119 w bardzo dobrym komunikacyjnie miejscy miasta (linia Szybkiej Kolei Miejskiej, tramwaj, dogodny w\u0119ze\u0142 drogowy \u2013 planowany wylot w kierunku na Warszaw\u0119 i po\u0142udniow\u0105 obwodnic\u0119 miasta. W miejscu tym nie zabraknie r\u00f3wnie\u017c olbrzymiego, przystadionowego parkingu. <\/p>\n<p> <strong>Wyniki prac komisji kontrolnej<\/strong><\/p>\n<p> Podczas spotkania Wies\u0142aw Gier\u0142owski przedstawi\u0142 wyniki pracy komisji kontrolnej, kt\u00f3ra podczas targ\u00f3w wyrywkowo i na podstawie sugestii sprawdza\u0142a autentyczno\u015b\u0107 stosowanego bursztynu ba\u0142tyckiego oraz poprawne oznaczenie bursztynu prasowanego. Pr\u00f3bki pobrane do analizy spektralnej w poczerwieni (IRS) nie wykaza\u0142y fa\u0142szerstw. Komisja poza bardzo drobnymi incydentami pozytywnie oceni\u0142a tegoroczny Amberif. (Pisali\u015bmy na ten temat: Kontrola autentyczno\u015bci bursztynu ba\u0142tyckiego na targach Amberif)<\/p>\n<p> <strong>Ankieta <\/strong><\/p>\n<p> Organizator targ\u00f3w przedstawi\u0142 tak\u017ce wyniki ankiety przeprowadzonej w\u015br\u00f3d wystawc\u00f3w. Jak m\u00f3wi komisarz targ\u00f3w Ewa Racho\u0144 odzew na ankiety jest do\u015b\u0107 dobry, bo na 500 wystawc\u00f3w wype\u0142ni\u0142o je i odes\u0142a\u0142o a\u017c 100. 80% z nich by\u0142o za skr\u00f3ceniem i zamkni\u0119ciem targ\u00f3w dla publiczno\u015bci. 62% wystawc\u00f3w liczb\u0119 odwiedzaj\u0105cych ich stoisko klient\u00f3w oceni\u0142o jako zadowalaj\u0105c\u0105, du\u017c\u0105 i bardzo du\u017c\u0105, niezadowolonych by\u0142o 38%. Mniej wi\u0119cej na r\u00f3wnym poziomie wystawcy okre\u015blali ilo\u015b\u0107 kupc\u00f3w z Polski (28%) oraz innych kraj\u00f3w UE (29%), z kraj\u00f3w europejskich spoza Unii oko\u0142o 8%, natomiast z Ameryki P\u00f3\u0142nocnej ponad 12%. Podobna by\u0142a tak\u017ce obecno\u015b\u0107 kupc\u00f3w z Azji (8%) oraz Australii (8%), wystawcy zauwa\u017cyli r\u00f3wnie\u017c kupc\u00f3w z Afryki oraz Ameryki Po\u0142udniowej i \u015arodkowej. <br \/> Kupcy zagraniczni przewa\u017cali w ankietach wystawc\u00f3w ha bursztynowych. Ponad 80% ankietowanych ocenia obs\u0142ug\u0119 organizacyjn\u0105 i techniczn\u0105 przed targami jako dobr\u0105 lub bardzo dobr\u0105. Blisko 90% uzna\u0142o obs\u0142ug\u0119 techniczn\u0105 i serwis w czasie targ\u00f3w za dobry lub bardzo dobry. <\/p>\n<p> Kwesti\u0105 podnoszon\u0105 od lat i bardzo wa\u017cn\u0105 w naszej bran\u017cy jest bezpiecze\u0144stwo. Po przykrych do\u015bwiadczeniach z lat ubieg\u0142ych MTG zwi\u0119kszy\u0142o poziom zabezpiecze\u0144, co znalaz\u0142o odzwierciedlenie w ankietach. I tak bezpiecze\u0144stwo za dobre lub bardzo dobre uzna\u0142o 95% ankietowanych, natomiast za niezadowalaj\u0105ce tylko 5%. 47% ankietowanych oceni\u0142o ilo\u015b\u0107 miejsc parkingowych za niezadowalaj\u0105c\u0105, pozytywnie oceni\u0142o je 53%. W tym roku uruchomiony zosta\u0142 nowy parking oddalony o oko\u0142o 300 metr\u00f3w (na boisku pobliskiej szko\u0142y) \u2013 przez ca\u0142y czas trwania targ\u00f3w dysponowa\u0142 on wolnymi miejscami, jednak zdecydowana poprawa nast\u0105pi dopiero po przeniesieniu targ\u00f3w na nowe tereny.<\/p>","protected":false},"excerpt":{"rendered":"<p>Skr\u00f3cenie targ\u00f3w Amberif do czterech dni oraz ich ca\u0142kowite zamkni\u0119cie dla publiczno\u015bci niefachowej to najwa\u017cniejsze ustalenia Rady Konsultant\u00f3w zasiadaj\u0105cej przy targach Amberif, kt\u00f3rej spotkanie odby\u0142o si\u0119 6 maja.<\/p>","protected":false},"author":4,"featured_media":12579,"comment_status":"closed","ping_status":"closed","sticky":false,"template":"","format":"standard","meta":{"_acf_changed":false,"slim_seo":{"title":"4 dni targ\u00f3w Amberif - Amber Portal","description":"Skr\u00f3cenie targ\u00f3w Amberif do czterech dni oraz ich ca\u0142kowite zamkni\u0119cie dla publiczno\u015bci niefachowej to najwa\u017cniejsze ustalenia Rady Konsultant\u00f3w zasiadaj\u0105cej pr"},"footnotes":""},"categories":[120],"tags":[],"sekcja":[],"class_list":["post-12736","post","type-post","status-publish","format-standard","has-post-thumbnail","hentry","category-targi"],"acf":[],"_links":{"self":[{"href":"https:\/\/amber.com.pl\/en\/wp-json\/wp\/v2\/posts\/12736","targetHints":{"allow":["GET"]}}],"collection":[{"href":"https:\/\/amber.com.pl\/en\/wp-json\/wp\/v2\/posts"}],"about":[{"href":"https:\/\/amber.com.pl\/en\/wp-json\/wp\/v2\/types\/post"}],"author":[{"embeddable":true,"href":"https:\/\/amber.com.pl\/en\/wp-json\/wp\/v2\/users\/4"}],"replies":[{"embeddable":true,"href":"https:\/\/amber.com.pl\/en\/wp-json\/wp\/v2\/comments?post=12736"}],"version-history":[{"count":0,"href":"https:\/\/amber.com.pl\/en\/wp-json\/wp\/v2\/posts\/12736\/revisions"}],"wp:featuredmedia":[{"embeddable":true,"href":"https:\/\/amber.com.pl\/en\/wp-json\/wp\/v2\/media\/12579"}],"wp:attachment":[{"href":"https:\/\/amber.com.pl\/en\/wp-json\/wp\/v2\/media?parent=12736"}],"wp:term":[{"taxonomy":"category","embeddable":true,"href":"https:\/\/amber.com.pl\/en\/wp-json\/wp\/v2\/categories?post=12736"},{"taxonomy":"post_tag","embeddable":true,"href":"https:\/\/amber.com.pl\/en\/wp-json\/wp\/v2\/tags?post=12736"},{"taxonomy":"sekcja","embeddable":true,"href":"https:\/\/amber.com.pl\/en\/wp-json\/wp\/v2\/sekcja?post=12736"}],"curies":[{"name":"wp","href":"https:\/\/api.w.org\/{rel}","templated":true}]}}