{"id":12727,"date":"2008-05-08T14:04:45","date_gmt":"2008-05-08T12:04:45","guid":{"rendered":"https:\/\/wp.amber.com.pl\/jubinale-08\/"},"modified":"2025-12-07T18:47:41","modified_gmt":"2025-12-07T17:47:41","slug":"jubinale-08","status":"publish","type":"post","link":"https:\/\/amber.com.pl\/en\/aktualnosci\/jubinale-08\/","title":{"rendered":"JUBINALE &#8217;08"},"content":{"rendered":"<p><strong>W dniach 13-15 czerwca odb\u0119dzie si\u0119 w Krakowie nowa impreza targowa: Letnie Targi Trend\u00f3w Jubilerskich i Zegarkowych JUBINALE \u201808 organizowana przez firm\u0119 Polska Bi\u017cuteria. <br \/> <\/strong><br \/> Celem organizatora jest stworzenie kolejnej platformy sprzyjaj\u0105cej poszerzeniu jubilerskich perspektyw i stwarzaj\u0105cej mo\u017cliwo\u015bci dotarcia do nowych odbiorc\u00f3w na po\u0142udniu Polski oraz w krajach o\u015bciennych. Do udzia\u0142u w imprezie zosta\u0142y zaproszone polskie i zagraniczne firmy jubilerskie, w\u0142a\u015bciciele galerii i sklep\u00f3w jubilerskich, projektanci i rzemie\u015blnicy, hurtownicy i detali\u015bci, dziennikarze i przedstawiciele organizacji zrzeszaj\u0105cych jubiler\u00f3w. 3000 m<sup>2<\/sup> powierzchni wystawienniczej na terenach targ\u00f3w krakowskich stanie si\u0119 na czas czerwcowego weekendu miejscem prezentacji kolekcji blisko 100 wystawc\u00f3w z Polski i ze \u015bwiata, kt\u00f3rzy zaoferuj\u0105: bi\u017cuteri\u0119 srebrn\u0105, z\u0142ot\u0105, bursztyn, oryginalne projekty bi\u017cuterii artystycznej, kamienie szlachetne, zegarki oraz opakowania i narz\u0119dzia jubilerskie. <\/p>\n<p> Targom, kt\u00f3rych dwa pierwsze dni przeznaczone b\u0119d\u0105 tylko dla bran\u017cy, natomiast trzeci b\u0119dzie mia\u0142 charakter otwarty, codziennie towarzyszy\u0107 b\u0119dzie pokaz mody. Przygotowany przez profesjonalist\u00f3w z grupy ONOMONO: projektantk\u0119 Monik\u0119 Onoszko oraz specjalist\u0119 od trend\u00f3w i mody Paw\u0142a Cho\u0142odowskiego, ma obrazowa\u0107 najnowsze tendencje w kolorowym \u015bwiecie mody. Ma to by\u0107 tak\u017ce wskaz\u00f3wka dla tych, kt\u00f3rzy chc\u0105 si\u0119 nauczy\u0107 prawid\u0142owo dobiera\u0107 bi\u017cuteri\u0119 i dodatki do stroju. <br \/> Impreza targowa to nie tylko platforma wymiany handlowej, to r\u00f3wnie\u017c miejsce spotka\u0144 i okazja do letniej zabawy. Organizator \u2013 Polska Bi\u017cuteria \u2013 zadba\u0142 tak\u017ce o t\u0119 stron\u0119 targowego \u017cycia. Dla wszystkich wystawc\u00f3w przygotowana jest niespodzianka: wyj\u0105tkowy wiecz\u00f3r w prawdziwie krakowskim stylu, z odrobin\u0105 pikanterii i egzotyki&#8230;<\/p>\n<p> <strong>Organizator<\/strong><\/p>\n<p> Organizatorem targ\u00f3w JUBINALE jest dzia\u0142aj\u0105ca od 10 lat w bran\u017cy jubilerskiej firma Polska Bizuteria: wydawca dwuj\u0119zycznego rocznika: Katalogu \u201ePolska Bi\u017cuteria\u201d, bran\u017cowego portalu www.pb.info.pl oraz profesjonalnego studia fotograficznego oraz agencji reklamowej. Pierwsza edycja targ\u00f3w JUBINALE by\u0142a promowana na zagranicznych i krajowych imprezach bran\u017cowych: Amberif, inhorgenta europe (Niemcy), Hungoro (W\u0119gry), Amber Trip (Litwa) oraz Hodiny a Klenoty (Czechy). Kolejnym kierunkiem na tym szlaku s\u0105 targi Vicenzaoro Spring we W\u0142oszech. Dzi\u0119ki temu impreza od pierwszej edycji zyska\u0142a wymiar mi\u0119dzynarodowy. <\/p>\n<p> <strong>Letnie Targi Trend\u00f3w Jubilerskich i Zegarkowych JUBINALE \u201808<br \/> Termin: <\/strong>13 \u2013 15 czerwiec 2008<br \/> <strong>Miejsce:<\/strong> tereny targ\u00f3w krakowskich ul. Centralna 41A<\/p>\n<p> Na podstawie materia\u0142\u00f3w prasowych<\/p>","protected":false},"excerpt":{"rendered":"<p>W dniach 13-15 czerwca odb\u0119dzie si\u0119 w Krakowie nowa impreza targowa: Letnie Targi Trend\u00f3w Jubilerskich i Zegarkowych JUBINALE &#8217;08 organizowana przez firm\u0119 Polska Bi\u017cuteria.<\/p>","protected":false},"author":4,"featured_media":12726,"comment_status":"closed","ping_status":"closed","sticky":false,"template":"","format":"standard","meta":{"_acf_changed":false,"slim_seo":{"title":"JUBINALE '08 - Amber Portal","description":"W dniach 13-15 czerwca odb\u0119dzie si\u0119 w Krakowie nowa impreza targowa: Letnie Targi Trend\u00f3w Jubilerskich i Zegarkowych JUBINALE '08 organizowana przez firm\u0119 Polsk"},"footnotes":""},"categories":[120],"tags":[],"sekcja":[],"class_list":["post-12727","post","type-post","status-publish","format-standard","has-post-thumbnail","hentry","category-targi"],"acf":[],"_links":{"self":[{"href":"https:\/\/amber.com.pl\/en\/wp-json\/wp\/v2\/posts\/12727","targetHints":{"allow":["GET"]}}],"collection":[{"href":"https:\/\/amber.com.pl\/en\/wp-json\/wp\/v2\/posts"}],"about":[{"href":"https:\/\/amber.com.pl\/en\/wp-json\/wp\/v2\/types\/post"}],"author":[{"embeddable":true,"href":"https:\/\/amber.com.pl\/en\/wp-json\/wp\/v2\/users\/4"}],"replies":[{"embeddable":true,"href":"https:\/\/amber.com.pl\/en\/wp-json\/wp\/v2\/comments?post=12727"}],"version-history":[{"count":0,"href":"https:\/\/amber.com.pl\/en\/wp-json\/wp\/v2\/posts\/12727\/revisions"}],"wp:featuredmedia":[{"embeddable":true,"href":"https:\/\/amber.com.pl\/en\/wp-json\/wp\/v2\/media\/12726"}],"wp:attachment":[{"href":"https:\/\/amber.com.pl\/en\/wp-json\/wp\/v2\/media?parent=12727"}],"wp:term":[{"taxonomy":"category","embeddable":true,"href":"https:\/\/amber.com.pl\/en\/wp-json\/wp\/v2\/categories?post=12727"},{"taxonomy":"post_tag","embeddable":true,"href":"https:\/\/amber.com.pl\/en\/wp-json\/wp\/v2\/tags?post=12727"},{"taxonomy":"sekcja","embeddable":true,"href":"https:\/\/amber.com.pl\/en\/wp-json\/wp\/v2\/sekcja?post=12727"}],"curies":[{"name":"wp","href":"https:\/\/api.w.org\/{rel}","templated":true}]}}