{"id":12713,"date":"2008-04-28T15:25:04","date_gmt":"2008-04-28T13:25:04","guid":{"rendered":"https:\/\/wp.amber.com.pl\/amberif-2008-podsumowanie\/"},"modified":"2025-12-07T18:47:41","modified_gmt":"2025-12-07T17:47:41","slug":"amberif-2008-podsumowanie","status":"publish","type":"post","link":"https:\/\/amber.com.pl\/en\/aktualnosci\/amberif-2008-podsumowanie\/","title":{"rendered":"Amberif 2008 &#8211; podsumowanie"},"content":{"rendered":"<p><strong>Rekordowa ilo\u015b\u0107 wystawc\u00f3w, bo prawie 500, nowa hala ze srebrn\u0105 i z\u0142ot\u0105 bi\u017cuteri\u0105, blisko 6.000 zarejestrowanych kupc\u00f3w w 45 kraj\u00f3w \u015bwiata &#8211; to najwa\u017cniejsze informacje tegorocznych, 15. Targ\u00f3w Bursztynu, Bi\u017cuterii i Kamieni Jubilerskich Amberif 2008, kt\u00f3re odbywa\u0142y si\u0119 w dniach 11-15 marca.<\/strong><\/p>\n<p> <strong>Kupcy<\/strong><\/p>\n<p> Wed\u0142ug statystyk prowadzonych przez targi liczba zarejestrowanych kupc\u00f3w delikatnie spad\u0142a. Z ca\u0142\u0105 pewno\u015bci\u0105 mo\u017cna powiedzie\u0107, \u017ce nie przyjecha\u0142o wielu Amerykan\u00f3w, natomiast, jak twierdz\u0105 wystawcy, zauwa\u017calne by\u0142o pojawienie si\u0119 nowych klient\u00f3w z Europy. Brak kupc\u00f3w ameryka\u0144skich doskwiera\u0142 zw\u0142aszcza wystawcom oferuj\u0105cym tradycyjn\u0105 bi\u017cuteri\u0119 bursztynow\u0105. Mimo pocz\u0105tkowych zapowiedzi o dobrych nastrojach kupc\u00f3w na targach w Tucson na pocz\u0105tku roku, wielu z nich dokona\u0142o w\u0142a\u015bnie tam bursztynowych zakup\u00f3w i zrezygnowa\u0142o z przyjazdu do Polski. S\u0142abn\u0105cy dolar, du\u017ca r\u00f3\u017cnica kursowa oraz zapowiadana dekoniunktura na \u015bwiatowych rynkach spowodowa\u0142a du\u017c\u0105 ostro\u017cno\u015b\u0107 w podejmowanych decyzjach zakupowych. <\/p>\n<p> W ten spos\u00f3b coraz bardziej znacz\u0105cymi klientami staj\u0105 si\u0119 dla producent\u00f3w bursztynu rodzimi, polscy kupcy oraz handlowcy europejscy, w\u015br\u00f3d kt\u00f3rych bursztyn staje si\u0119 coraz bardziej modny. Podobnie jak na targach inhorgenta europe, gdzie wystawcy zauwa\u017cyli wi\u0119ksze zainteresowanie bursztynem ze strony kupc\u00f3w z Europy \u015arodkowej i Wschodniej; wed\u0142ug niekt\u00f3rych pojawiaj\u0105 si\u0119 tak\u017ce nowi klienci z Zachodu. Pewnym znakiem czas\u00f3w, na kt\u00f3ry zwracano uwag\u0119, jest obserwowany od kilku lat coraz mocniejszy spadek obrot\u00f3w w handlu z wieloma dotychczasowymi wielkimi hurtownikami. Istnieje bardzo wiele ma\u0142ych firm sprowadzaj\u0105cych bi\u017cuteri\u0119, a \u0142atwo\u015b\u0107 dotarcia bezpo\u015brednio do producent\u00f3w powoduje tak\u017ce, \u017ce op\u0142acalnym staje si\u0119 wyjazd handlowy nawet dla w\u0142a\u015bciciela ma\u0142ej sieci kilku sklep\u00f3w z unikni\u0119ciem po\u015brednika. <\/p>\n<figure class=\"wp-block-image alignright\"><img decoding=\"async\" src=\"https:\/\/amber.com.pl\/wp-content\/uploads\/news\/242_3-0ee.jpg\" alt=\"\" class=\"wp-image-12710\"\/><\/figure>\n<p> <strong>Spos\u00f3b prezentacji i wzornictwo<\/strong><\/p>\n<p> Od kilku lat wida\u0107 profesjonalizacj\u0119 wystawc\u00f3w i samych targ\u00f3w, a w tym roku by\u0142o to wyj\u0105tkowo wyra\u017ane. Coraz wi\u0119cej firm posiada w\u0142asne zabudowane stoiska. Wida\u0107 odej\u015bcie od pi\u0119trowych, wielkich konstrukcji, kt\u00f3re najwyra\u017aniej ekonomicznie nie by\u0142y uzasadnione, na rzecz prostej i czytelnej ekspozycji. Coraz mniej jest tak\u017ce stoisk, gdzie ilo\u015b\u0107 bi\u017cuterii zaprezentowanej w witrynach dochodzi do kilkudziesi\u0119ciu kilogram\u00f3w; wiele firm posiada na stoiskach tylko wzory bi\u017cuterii do sk\u0142adania zam\u00f3wie\u0144 realizowanych po targach. <\/p>\n<p> Coraz wi\u0119cej jest te\u017c firm, kt\u00f3re zainwestowa\u0142y we wsp\u00f3\u0142prac\u0119 z dobrymi projektantami, i to one wyra\u017anie odr\u00f3\u017cniaj\u0105 si\u0119 wzornictwem. Nowoczesny design, kt\u00f3ry trafia w gust \u015bwiadomych klient\u00f3w, to wed\u0142ug niekt\u00f3rych jedyna szansa na ucieczk\u0119 do przodu i sprostanie wymagaj\u0105cej konkurencji. Wielu producent\u00f3w bi\u017cuterii ma dzi\u015b \u015bwiadomo\u015b\u0107, \u017ce dobr\u0105 wzorniczo i perfekcyjnie wykonan\u0105 bi\u017cuteri\u0119 mog\u0105 bez problemu sprzeda\u0107 w korzystnych dla nich cenach. Zauwa\u017calnie zaznacza si\u0119 podzia\u0142 na tych, kt\u00f3rzy na rynek dostarczaj\u0105 produkty s\u0142abej jako\u015bci i w niskiej cenie, oraz na tych, kt\u00f3rzy dobrym wzornictwem i \u015bwietnym wykonaniem zajmuj\u0105 g\u00f3rn\u0105 p\u00f3\u0142k\u0119 jubilersk\u0105. Niestety, producent\u00f3w estetycznie i jako\u015bciowo kiepskich wyroby wci\u0105\u017c jest wielu. <\/p>\n<p> Tradycyjnie kilka firm zaskoczy\u0142o interesuj\u0105cym wzornictwem. W ofercie mo\u017cna jednak okre\u015bli\u0107 pewien generalny trend dla bi\u017cuterii bursztynowej: coraz cz\u0119\u015bciej wida\u0107 rze\u017abiarsko modelowane kamienie bursztynowe, nierzadko s\u0105 to formy o powtarzalnych kszta\u0142tach w ca\u0142o\u015bci kompletu bi\u017cuterii. To ju\u017c nie tylko r\u00f3\u017cnych kszta\u0142t\u00f3w kaboszony, lecz wielop\u0142aszczyznowe formy. Przyk\u0142adem takich rze\u017abiarskich realizacji mog\u0105 by\u0107 wyj\u0105tkowe pier\u015bcionki zaprezentowane na stoisku S&amp;A Bursztynowa Bi\u017cuteria \u2013 jeden z nich, \u201eNieca\u0142y bia\u0142y\u201d, zosta\u0142 uhonorowany Bursztynow\u0105 Kul\u0105, nagrod\u0105 student\u00f3w ASP w \u0141odzi za najlepszy wz\u00f3r na targach. Na uwag\u0119 zas\u0142uguje r\u00f3wnie\u017c powr\u00f3t w wielu firmach do tradycyjnych sposob\u00f3w zakuwania kamieni. Po latach nadu\u017cywania kleju w mocowaniu bursztynu w oprawach, zn\u00f3w mo\u017cemy podziwia\u0107 kamienie misternie zakute w delikatne \u0142apki. Bursztynowi coraz cz\u0119\u015bciej towarzysz\u0105 tak\u017ce kamienie szlachetne: nie tylko diamenty, ale i szmaragdy, szafiry czy coraz wy\u017cszej jako\u015bci per\u0142y. <\/p>\n<figure class=\"wp-block-image alignleft\"><img decoding=\"async\" src=\"https:\/\/amber.com.pl\/wp-content\/uploads\/news\/242_4-bcc.jpg\" alt=\"\" class=\"wp-image-12711\"\/><\/figure>\n<p> <strong><\/strong> R\u00f3wnie\u017c coraz wi\u0119cej firm proponuje bi\u017cuteri\u0119 z\u0142ot\u0105 z bursztynem, przy czym wzornictwo nie d\u0105\u017cy ju\u017c do jak najni\u017cszej wagi, a tym samym ceny. Producenci sami przyznaj\u0105, \u017ce na rynku istnieje znaczne zapotrzebowanie na bursztyn drogi i ekskluzywny. Zdo\u0142ali wypromowa\u0107 to, co do tej pory tworzy\u0142y firmy w\u0142oskie i niemieckie. Nowoczesna z\u0142ota oprawa, brylanty i kr\u00f3luj\u0105cy po\u015br\u00f3d nich bursztyn sprawia, \u017ce prezentowane wyroby staj\u0105 si\u0119 prawdziwym jubilerstwem. Wydaje si\u0119, \u017ce nast\u0119pnym krokiem b\u0119dzie zastosowanie na szersz\u0105 skal\u0119 bia\u0142ego z\u0142ota w po\u0142\u0105czeniu z bursztynem oraz coraz wi\u0119ksze i lepszej jako\u015bci brylanty.<\/p>\n<p> <strong>Bursztynowy trend<\/strong><\/p>\n<p> Podczas targ\u00f3w prowadzone by\u0142y seminaria dotycz\u0105ce trend\u00f3w, jedno z nich zaprezentowa\u0142a Christel Trimborn, redaktor naczelna magazynu <a href=\"http:\/\/www.rdv-online.com\/page.php?modul=HTMLPages&amp;pid=3&amp;set_nav=40\" target=\"_blank\" rel=\"noopener noreferrer nofollow\">\u201eGZ Art + Design\u201d<\/a>. Wyr\u00f3\u017cni\u0142a ona w modzie na najbli\u017cszy czas trend bursztynowy, kt\u00f3ry cechuje si\u0119 mi\u0119dzy innymi piaskowanymi i matowanymi powierzchniami, odwo\u0142aniem do kolorystyki i faktur ziemi oraz ciep\u0142ymi barwami. W\u015br\u00f3d wiod\u0105cych producent\u00f3w wida\u0107 dostosowanie wzornictwa do og\u00f3lnych trend\u00f3w \u015bwiatowych i coraz cz\u0119stsze zabawy faktur\u0105 powierzchni metali. Do tej pory nie by\u0142o jednak takich eksperyment\u00f3w na bursztynie. W tym roku na co najmniej kilku stoiskach mo\u017cna by\u0142o zauwa\u017cy\u0107 bursztyn matowany oraz, co jest szczeg\u00f3ln\u0105 nowo\u015bci\u0105, kamienie szlifowane do \u015brodka. <\/p>\n<p> <strong>Ceny<\/strong><\/p>\n<p> Wzrost cen metali na rynkach \u015bwiatowych, wzrost cen bursztynu oraz umocnienie si\u0119 z\u0142ot\u00f3wki wobec spadaj\u0105cego dolara to tylko niekt\u00f3re z czynnik\u00f3w, jakie spowodowa\u0142y zwy\u017ck\u0119 cen gotowej bi\u017cuterii. Od jesiennego Ambermartu, na kt\u00f3rym cz\u0119\u015b\u0107 wystawc\u00f3w ju\u017c podnios\u0142a ceny, do Amberifu \u015brednia cen bi\u017cuterii wzros\u0142a od 15 do 25%. Z rozm\u00f3w z wystawcami wynika, \u017ce ca\u0142y czas mo\u017cna kupi\u0107 bi\u017cuteri\u0119 srebrn\u0105 z bursztynem po wyj\u0105tkowo niskich cenach, lecz kupcy chc\u0105cy wybra\u0107 dobr\u0105 jako\u015bciowo bi\u017cuteri\u0119, musz\u0105 si\u0119 liczy\u0107 ze znacznie wi\u0119kszym wydatkiem. Mo\u017cna wi\u0119c by\u0142o naby\u0107 bi\u017cuteri\u0119 w cenie poni\u017cej dolara za gram, lecz z drugiej strony tak\u017ce powy\u017cej trzech euro za gram. Z obserwacji na targach wynika, \u017ce wiele firm zdecydowa\u0142o si\u0119 na dro\u017cszy asortyment, kt\u00f3ry dodatkowo przysparza presti\u017cu i u\u0142atwia budowanie marki. <\/p>\n<figure class=\"wp-block-image alignright\"><img decoding=\"async\" src=\"https:\/\/amber.com.pl\/wp-content\/uploads\/news\/242_5-81a.jpg\" alt=\"\" class=\"wp-image-12712\"\/><\/figure>\n<p> <strong>Gala Mody i Bursztynu <\/strong><\/p>\n<p> Jednym z najwa\u017cniejszych wydarze\u0144 targ\u00f3w jest co roku Gala Mody i Bursztynu. W tym roku Gal\u0119 poprowadzi\u0142a Ambasador Bursztynu Lidia Popiel. Zaprezentowanych zosta\u0142o siedem pokaz\u00f3w, cho\u0107 nie wszystkie z udzia\u0142em bursztynu. W przerwie odby\u0142o si\u0119 rozdanie nagr\u00f3d w konkursach Elektronos, Mercurius Gedanensis oraz Bursztynowe Rzemios\u0142o. Og\u00f3lna opinia o gali jest coraz bardziej dyskusyjna. Gala, mimo \u017ce jest wydarzeniem w skali Europy wyj\u0105tkowym, jest jednocze\u015bnie zaniedbanym ogniwem targ\u00f3w. Wielu uczestnik\u00f3w powtarza, \u017ce z roku na rok og\u00f3lny poziom organizacji spada. Brak re\u017cysera gali i jednego podmiotu odpowiedzialnego za promocj\u0119 powoduje, \u017ce tak naprawd\u0119 nie wiadomo dla kogo jest ten wiecz\u00f3r. Intuicyjnie wydaje si\u0119, \u017ce powinien by\u0107 dla najwa\u017cniejszych kupc\u00f3w, kt\u00f3rzy zniech\u0119ceni brakiem t\u0142umaczenia na angielski po prostu nie przychodz\u0105. Co wi\u0119cej, organizator nie jest w stanie zainteresowa\u0107 tym wydarzeniem odpowiedniej ilo\u015bci dziennikarzy og\u00f3lnopolskiej prasy modowej oraz medi\u00f3w (nie m\u00f3wi\u0105c ju\u017c o zagranicznej), a relacje z pokaz\u00f3w ukazuj\u0105 si\u0119 g\u0142\u00f3wnie w mediach bran\u017cowych i lokalnych. S\u0105 to tak\u017ce powody, dla kt\u00f3rych z udzia\u0142u w tegorocznej gali wycofa\u0142y si\u0119 dwie bez w\u0105tpienia najlepsze i najbardziej profesjonalne zespo\u0142y: Image Silver i Jola S\u0142oma &amp; Mirek Trymbulak oraz S&amp;A Bursztynowa Bi\u017cuteria i Micha\u0142 Starost. Zdaniem wielu widz\u00f3w, ich nieobecno\u015b\u0107 w widoczny spos\u00f3b obni\u017cy\u0142a poziom wydarzenia. <\/p>\n<p> <strong>4 czy 5 dni targ\u00f3w?<\/strong><\/p>\n<p> Tegoroczny Amberif po raz drugi trwa\u0142 5 dni, z kt\u00f3rych 4 by\u0142y bran\u017cowe i tylko ostatni otwarty dla publiczno\u015bci. Z przeprowadzanych po targach ankiet wynika jednak, \u017ce wi\u0119kszo\u015b\u0107 wystawc\u00f3w chce targ\u00f3w czterodniowych bez dost\u0119pu niefachowej publiczno\u015bci. Jak zapowiada komisarz targ\u00f3w Ewa Racho\u0144, niewykluczone, \u017ce targi Amberif zostan\u0105 zamkni\u0119te dla publiczno\u015bci, a otwarte tylko dla rejestruj\u0105cych si\u0119 kupc\u00f3w. Decyzja w tej sprawie zostanie podj\u0119ta na spotkaniu Rady Konsultant\u00f3w planowanym na 6 maja br. Dla publiczno\u015bci otwarte pozostan\u0105 na pewno sierpniowe targi Ambermart. <\/p>\n<p> <strong>Nowa hala i nowe tereny targowe<\/strong><\/p>\n<p> Nowa hala oraz nowe miejsca parkingowe to dwie rzeczy, kt\u00f3rych od dawna brakowa\u0142o na Mi\u0119dzynarodowym Targom Gda\u0144skim. W tym roku uda\u0142o si\u0119 je przynajmniej w cz\u0119\u015bci zaspokoi\u0107. Wybudowana obok Hali Bursztynowej nowa Hala Z\u0142ota o powierzchni 3.500 m2, do kt\u00f3rej przeniesieni zostali wystawcy z dotychczasowej niewielkiej hali numer 4, w kolejnych latach mo\u017ce by\u0107 niewystarczaj\u0105ca. Umiejscowienie teren\u00f3w w dzielnicy Przymorze jest wielce problematyczne dla ich rozbudowy, st\u0105d od kilku lat g\u0142o\u015bno m\u00f3wiono o budowie nowych teren\u00f3w targowych. W zesz\u0142ym roku wraz z przyznaniem Polsce organizacji mistrzostw Europy w pi\u0142ce no\u017cnej oraz planami miasta budowy stadionu g\u0142o\u015bno zacz\u0119\u0142o si\u0119 m\u00f3wi\u0107, by obok stadionu stan\u0119\u0142o tak\u017ce centrum konferencyjne. W tym roku zarz\u0105d MTG SA, organizatora targ\u00f3w Amberif, oficjalnie potwierdzi\u0142 podczas konferencji prasowej zamykaj\u0105cej targi, \u017ce trwaj\u0105 starania, by takie centrum zosta\u0142o zbudowane w dzielnicy Letnica. Jest wi\u0119c wyra\u017ana szansa, \u017ce w najbli\u017cszych kilku latach targi zostan\u0105 przeniesione do mniej zamieszka\u0142ej cz\u0119\u015bci miasta, do zbudowanego od podstaw centrum targowego. <\/p>\n<p> <strong>Ocena<\/strong><strong><br \/>\n<\/strong><\/p>\n<p><strong> <\/strong>Og\u00f3lne oceny targ\u00f3w w\u015br\u00f3d wystawc\u00f3w by\u0142y skrajnie r\u00f3\u017cne. Opr\u00f3cz entuzjastycznych opinii firm, kt\u00f3re zawar\u0142y dobre kontakty, s\u0142ycha\u0107 by\u0142o r\u00f3wnie\u017c bardzo g\u0142o\u015bne narzekania. Jednak wystarczy\u0142o por\u00f3wna\u0107 ocen\u0119 targ\u00f3w z oferowanym asortymentem, by doj\u015b\u0107 do prostego wniosku, \u017ce producenci ciekawej i atrakcyjnej bi\u017cuterii raczej dobrze wypowiadaj\u0105 si\u0119 o minionej edycji targ\u00f3w. O ka\u017cdych targach m\u00f3wi si\u0119, \u017ce obiektywnie mo\u017cna oceni\u0107 je z co najmniej kilkumiesi\u0119cznej pespektywy czasu, a ewentualne narzekanie na brak klient\u00f3w powinno si\u0119 wi\u0105za\u0107 z przemy\u015bleniem, czy oferowane wzornictwo lub jako\u015b\u0107 wyrob\u00f3w maj\u0105 swoich potencjalnych nabywc\u00f3w. Amberif przez 15 lat ugruntowa\u0142 swoj\u0105 pozycj\u0119 najwi\u0119kszych targ\u00f3w bursztynu na \u015bwiecie, ale to nie wystarczy \u2013 tak\u017ce producenci musz\u0105 jeszcze popracowa\u0107 nad swoj\u0105 ofert\u0105 i sposobem ekspozycji. <\/p>\n<p> <span style=\"text-decoration: underline;\"><strong>Opinie niekt\u00f3rych wystawc\u00f3w:<\/strong><\/span><\/p>\n<p> <strong>Jacek Leszczyszyn, Balt &#8211; Duli\u0144scy<\/strong><br \/> Targi uznali\u015bmy og\u00f3lnie za udane, cho\u0107 wyra\u017anie coraz mniej kupc\u00f3w przyje\u017cd\u017ca ze Stan\u00f3w i Dalekiego Wschodu. Do tej pory Amerykanie byli dla niekt\u00f3rych firm kluczowymi odbiorcami. Wydaje mi si\u0119, \u017ce Polska jest coraz dro\u017cszym krajem i tamtejsi klienci zaczynaj\u0105 kupowa\u0107 bi\u017cuteri\u0119 g\u0142\u00f3wnie w krajach azjatyckich. Europejczycy dopisali wyj\u0105tkowo dobrze, uda\u0142o nam si\u0119 nawi\u0105za\u0107 kontakt z kilkoma nowymi kontrahentami. Sporo nowych klient\u00f3w przyjecha\u0142o z Rosji i Ukrainy, ale tak\u017ce z Niemiec, Francji i Hiszpanii, jednak zdecydowanie brakowa\u0142o go\u015bci ze Skandynawii. <br \/> Coraz lepszym rynkiem staje si\u0119 rynek polski, na kt\u00f3rym staramy si\u0119 mocniej zaistnie\u0107. Sprzeda\u017c na samych targach by\u0142a por\u00f3wnywalna do zesz\u0142ego roku. Niestety, coraz wi\u0119cej klient\u00f3w chce bra\u0107 towar z odroczonym terminem p\u0142atno\u015bci. <br \/> Je\u015bli chodzi o nasze nowe wzornictwo, to bardzo spodoba\u0142y si\u0119 po\u0142\u0105czenia bursztynu z cyrkoniami, i to zw\u0142aszcza klientom ze Wschodu, kt\u00f3rzy z takim po\u0142\u0105czeniem dotychczas raczej si\u0119 nie spotykali. Zaciekawienie wzbudzi\u0142y tak\u017ce nasze nowe szlify kamieni i sporo klient\u00f3w pyta\u0142o w\u0142a\u015bnie o takie wzory, kt\u00f3re proponujemy w z\u0142ocie. Podczas Amberifu przekazali\u015bmy do Muzeum Bursztynu bursztynow\u0105 koron\u0119, co spotka\u0142o si\u0119 z bardzo dobrym przyj\u0119ciem zar\u00f3wno medialnym, jak i wzbudzi\u0142o zainteresowanie w\u015br\u00f3d innych firm. Targi zatem mo\u017cemy uzna\u0107 za udane. <\/p>\n<p> <strong>Rafa\u0142 \u017bukowski, Enzo<\/strong><br \/> Tegoroczne targi Amberif odbywa\u0142y si\u0119 w nieco napi\u0119tej atmosferze. Znaczny wzrost cen srebra i bursztynu tu\u017c przed targami zmusi\u0142 wystawc\u00f3w do podniesienia cen bi\u017cuterii, co nie pozosta\u0142o bez wp\u0142ywu na zachowania kupuj\u0105cych. Wyra\u017anie da\u0142o si\u0119 zauwa\u017cy\u0107, \u017ce cz\u0119\u015b\u0107 kupc\u00f3w by\u0142a bardziej ostro\u017cna przy wydawaniu pieni\u0119dzy i ich zakupy by\u0142y bardziej przemy\u015blane. Nie powinno to jednak dziwi\u0107, cho\u0107by ze wzgl\u0119du na umacniaj\u0105c\u0105 si\u0119 z\u0142ot\u00f3wk\u0119, prognozowany kryzys na rynku ameryka\u0144skim oraz zwi\u0105zane z nim obawy spadku globalnego popytu. Odczuwalna by\u0142a nieobecno\u015b\u0107 cz\u0119\u015bci kupc\u00f3w ze Stan\u00f3w Zjednoczonych, a ci, kt\u00f3rzy odwiedzili nasze stoisko zgodnie przyznawali, \u017ce s\u0142aby dolar znacznie utrudnia im dotychczasow\u0105 dzia\u0142alno\u015b\u0107. Nie zawiedli natomiast klienci z Europy. Wielu z nich twierdzi\u0142o, \u017ce interesy id\u0105 dobrze i \u017ce nie odczuwaj\u0105 kryzysu, a niekt\u00f3rzy oceniali ostatnie p\u00f3\u0142rocze jako  najlepsze od wielu lat. Zauwa\u017calna by\u0142a znaczna aktywno\u015b\u0107 kupc\u00f3w z kraj\u00f3w Europy \u015arodkowej i Wschodniej, zw\u0142aszcza kraj\u00f3w ba\u0142tyckich. My\u015bl\u0119, \u017ce wp\u0142yw na to mo\u017ce mie\u0107 rosn\u0105ca zamo\u017cno\u015b\u0107 ich mieszka\u0144c\u00f3w, atrakcyjno\u015b\u0107 turystyczna, jak i fakt, \u017ce ich waluty narodowe, podobnie jak z\u0142ot\u00f3wka, umacniaj\u0105 si\u0119 w stosunku do euro, w zwi\u0105zku z czym nieco \u0142atwiej jest im zaakceptowa\u0107 wy\u017csze ceny. O ile kupcy z Europy Zachodniej wybierali rzeczy l\u017cejsze i ta\u0144sze, o tyle klienci z jej wschodniej cz\u0119\u015bci kupowali rzeczy bardziej okaza\u0142e, a zatem i dro\u017csze. Natomiast wszyscy, niezale\u017cnie od kraju pochodzenia, poszukiwali nowo\u015bci. Moim zdaniem by\u0142o to bardziej zauwa\u017calne ni\u017c w latach ubieg\u0142ych i by\u0107 mo\u017ce jest  podyktowane pewn\u0105 zapobiegliwo\u015bci\u0105 typow\u0105 dla okresu oczekiwania i niepewno\u015bci wobec wizji globalnej recesji. Pozytywnym aspektem tegorocznych targ\u00f3w by\u0142 dla nas fakt, \u017ce opr\u00f3cz grona sta\u0142ych kontrahent\u00f3w, przez nasze stoisko przewin\u0119\u0142o si\u0119 wielu nowych klient\u00f3w. Tak wi\u0119c brak jednych zosta\u0142 zrekompensowany aktywno\u015bci\u0105 innych. <br \/> Wida\u0107 te\u017c, \u017ce nadszed\u0142 koniec ery du\u017cych hurtownik\u00f3w. Do producent\u00f3w docieraj\u0105 bezpo\u015brednio przedstawiciele sieci handlowych i sklep\u00f3w z wszelkich zak\u0105tk\u00f3w globu. Pod tym wzgl\u0119dem \u015bwiat si\u0119 kurczy i niew\u0105tpliwie zaczyna brakowa\u0107 miejsca dla po\u015brednik\u00f3w.<\/p>\n<p> <strong>Marek Juszczak, Amberglobe<\/strong><br \/> Amberif by\u0142a dla mnie gorszy ni\u017c rok temu zar\u00f3wno pod wzgl\u0119dem klient\u00f3w, jak i zam\u00f3wie\u0144. Mocno brakowa\u0142o kupc\u00f3w ameryka\u0144skich, ale to skutek spadku warto\u015bci dolara. Natomiast  zdecydowanie wi\u0119cej by\u0142o Czech\u00f3w i W\u0119gr\u00f3w. Du\u017cym minusem ca\u0142o\u015bci by\u0142o oddanie ca\u0142ej hali Litwinom, co firmom, kt\u00f3re w Polsce produkuj\u0105 sam bursztyn, bardzo mocno zaszkodzi\u0142o. Niekt\u00f3re litewskie firmy, opr\u00f3cz du\u017cej ilo\u015bci bardzo nieciekawych rzeczy, mia\u0142y tak\u017ce bardzo \u0142adne wzory i to w wyj\u0105tkowo konkurencyjnych cenach. Z tego co wiem, bursztyn kupowano przede wszystkim u Litwin\u00f3w, a nie u Polak\u00f3w. Jednak moi starzy klienci wybrali zakupy u mnie, by mie\u0107 pewno\u015b\u0107 co do jego ca\u0142kowitej autentyczno\u015bci.<\/p>\n<p> Zdj\u0119cia: (od g\u00f3ry) Hala Bursztynowa. Kwiatowe propozycje firmy New Amber Collection. Bursztyn z diamentami firmy Amber Mix. &#8220;Symfonia natur&#8221; &#8211; pokaz Bo\u017ceny Kami\u0144skiej (Amberways) i Mariusza Szarka podczas Gali Mody i Bursztynu (Fot. A. Szycik)<span style=\"font-size: 12pt; font-family: \"><br \/> <\/span><\/p>","protected":false},"excerpt":{"rendered":"<p>Z nasz\u0105 ocen\u0105 Amberifu \u015bwiadomie odczekali\u015bmy ponad miesi\u0105c, aby nabra\u0107 do targ\u00f3w pewnego dystansu i pozwoli\u0107 opa\u015b\u0107 emocjom.<\/p>","protected":false},"author":4,"featured_media":12709,"comment_status":"closed","ping_status":"closed","sticky":false,"template":"","format":"standard","meta":{"_acf_changed":false,"slim_seo":{"title":"Amberif 2008 - podsumowanie - Amber Portal","description":"Z nasz\u0105 ocen\u0105 Amberifu \u015bwiadomie odczekali\u015bmy ponad miesi\u0105c, aby nabra\u0107 do targ\u00f3w pewnego dystansu i pozwoli\u0107 opa\u015b\u0107 emocjom."},"footnotes":""},"categories":[120],"tags":[],"sekcja":[],"class_list":["post-12713","post","type-post","status-publish","format-standard","has-post-thumbnail","hentry","category-targi"],"acf":[],"_links":{"self":[{"href":"https:\/\/amber.com.pl\/en\/wp-json\/wp\/v2\/posts\/12713","targetHints":{"allow":["GET"]}}],"collection":[{"href":"https:\/\/amber.com.pl\/en\/wp-json\/wp\/v2\/posts"}],"about":[{"href":"https:\/\/amber.com.pl\/en\/wp-json\/wp\/v2\/types\/post"}],"author":[{"embeddable":true,"href":"https:\/\/amber.com.pl\/en\/wp-json\/wp\/v2\/users\/4"}],"replies":[{"embeddable":true,"href":"https:\/\/amber.com.pl\/en\/wp-json\/wp\/v2\/comments?post=12713"}],"version-history":[{"count":0,"href":"https:\/\/amber.com.pl\/en\/wp-json\/wp\/v2\/posts\/12713\/revisions"}],"wp:featuredmedia":[{"embeddable":true,"href":"https:\/\/amber.com.pl\/en\/wp-json\/wp\/v2\/media\/12709"}],"wp:attachment":[{"href":"https:\/\/amber.com.pl\/en\/wp-json\/wp\/v2\/media?parent=12713"}],"wp:term":[{"taxonomy":"category","embeddable":true,"href":"https:\/\/amber.com.pl\/en\/wp-json\/wp\/v2\/categories?post=12713"},{"taxonomy":"post_tag","embeddable":true,"href":"https:\/\/amber.com.pl\/en\/wp-json\/wp\/v2\/tags?post=12713"},{"taxonomy":"sekcja","embeddable":true,"href":"https:\/\/amber.com.pl\/en\/wp-json\/wp\/v2\/sekcja?post=12713"}],"curies":[{"name":"wp","href":"https:\/\/api.w.org\/{rel}","templated":true}]}}